{"id":106,"date":"2016-04-20T14:19:08","date_gmt":"2016-04-20T19:19:08","guid":{"rendered":"http:\/\/vocerodelpueblo.com\/?p=106"},"modified":"2016-04-20T15:14:11","modified_gmt":"2016-04-20T20:14:11","slug":"realizara-monica-villarreal-campana-de-dialogo-y-acercamiento-con-la-gente","status":"publish","type":"post","link":"https:\/\/vocerodelpueblo.com\/?p=106","title":{"rendered":"Realizar\u00e1 M\u00f3nica Villarreal campa\u00f1a de Dialogo y Acercamiento con la Gente."},"content":{"rendered":"<p>&nbsp;<\/p>\n<p><span style=\"font-weight: 400;\"><img loading=\"lazy\" decoding=\"async\" class=\"size-medium wp-image-108 alignleft\" src=\"https:\/\/vocerodelpueblo.com\/wp-content\/uploads\/2016\/04\/IMG_1712-1-300x200.jpg\" alt=\"IMG_1712 (1)\" width=\"300\" height=\"200\" srcset=\"https:\/\/vocerodelpueblo.com\/wp-content\/uploads\/2016\/04\/IMG_1712-1-300x200.jpg 300w, https:\/\/vocerodelpueblo.com\/wp-content\/uploads\/2016\/04\/IMG_1712-1-768x511.jpg 768w, https:\/\/vocerodelpueblo.com\/wp-content\/uploads\/2016\/04\/IMG_1712-1.jpg 778w\" sizes=\"auto, (max-width: 300px) 100vw, 300px\" \/><\/span><span style=\"font-weight: 400;\">Sumamente emocionada, M\u00f3nica Villarreal dio inicio a su campa\u00f1a para diputada local por el distrito sur de Tampico, afirmando que \u201choy es d\u00eda de j\u00fabilo en esta hermosa plaza que enmarca el Tampico pr\u00f3spero y en paz que todos queremos.\u00a0 Hoy iniciamos una etapa de acercamiento con la gente, donde vamos a tocar puertas y abrir corazones, de di\u00e1logo con j\u00f3venes, profesionistas, artistas y la sociedad civil\u201d.<\/span><\/p>\n<p><span style=\"font-weight: 400;\">\u201cEstamos listos para ganar en f\u00f3rmula, la gubernatura con Baltazar Hinojosa Ochoa, la alcald\u00eda con Magdalena Peraza Guerra y las diputaciones con Pancho Bolado y una servidora M\u00f3nica Villarreal Anaya. Vamos por el triunfo, vamos a generar seguridad, certeza y confianza, vamos a mover voluntades por el bien de Tampico\u201d.<\/span><\/p>\n<p><span style=\"font-weight: 400;\">Dijo sentirse \u201cmuy emocionada de aceptar este nuevo reto, s\u00e9 de su magnitud y\u00a0 por ello me siento honrada de rodearme de un equipo experimentado y sensible que sabe cu\u00e1les son las carencias de nuestra tierra, pero tambi\u00e9n las riquezas que juntos podemos \u00a0aprovechar\u201d.<\/span><\/p>\n<p><span style=\"font-weight: 400;\">En otra parte de su discurso, afirm\u00f3 que \u201ccon Baltazar Hinojosa Ochoa, nuestro candidato a Gobernador, los tamaulipecos estamos ciertos de alcanzar las metas de seguridad, empleo, salud y educaci\u00f3n, estamos preparados para que todos los j\u00f3venes, desde el congreso, con Pancho Bolado y una servidora, trabajaremos para hacerlo posible. Nuestro trabajo legislativo servir\u00e1 para promover el desarrollo social igualitario en Tamaulipas\u201d.<\/span><\/p>\n<p><span style=\"font-weight: 400;\">Igualmente, hizo ver que \u201ccon el amor, \u00a0la experiencia y sensibilidad que caracterizan a la profesora Magdalena Peraza Guerra, estamos seguros que el triunfo electoral ser\u00e1 para beneficio de todos los tampique\u00f1os<\/span><\/p>\n","protected":false},"excerpt":{"rendered":"<p>&nbsp; Sumamente emocionada, M\u00f3nica Villarreal dio inicio a su campa\u00f1a para diputada local por el distrito sur de Tampico, afirmando que \u201choy es d\u00eda de j\u00fabilo en esta hermosa plaza que enmarca el Tampico pr\u00f3spero y en paz que todos queremos.\u00a0 Hoy iniciamos una etapa de acercamiento con la gente, donde vamos a tocar puertas [&hellip;]<\/p>\n","protected":false},"author":1,"featured_media":107,"comment_status":"open","ping_status":"open","sticky":false,"template":"","format":"standard","meta":{"footnotes":""},"categories":[2,3],"tags":[],"class_list":["post-106","post","type-post","status-publish","format-standard","has-post-thumbnail","hentry","category-zonaconurbada","category-tampico"],"_links":{"self":[{"href":"https:\/\/vocerodelpueblo.com\/index.php?rest_route=\/wp\/v2\/posts\/106","targetHints":{"allow":["GET"]}}],"collection":[{"href":"https:\/\/vocerodelpueblo.com\/index.php?rest_route=\/wp\/v2\/posts"}],"about":[{"href":"https:\/\/vocerodelpueblo.com\/index.php?rest_route=\/wp\/v2\/types\/post"}],"author":[{"embeddable":true,"href":"https:\/\/vocerodelpueblo.com\/index.php?rest_route=\/wp\/v2\/users\/1"}],"replies":[{"embeddable":true,"href":"https:\/\/vocerodelpueblo.com\/index.php?rest_route=%2Fwp%2Fv2%2Fcomments&post=106"}],"version-history":[{"count":1,"href":"https:\/\/vocerodelpueblo.com\/index.php?rest_route=\/wp\/v2\/posts\/106\/revisions"}],"predecessor-version":[{"id":109,"href":"https:\/\/vocerodelpueblo.com\/index.php?rest_route=\/wp\/v2\/posts\/106\/revisions\/109"}],"wp:featuredmedia":[{"embeddable":true,"href":"https:\/\/vocerodelpueblo.com\/index.php?rest_route=\/wp\/v2\/media\/107"}],"wp:attachment":[{"href":"https:\/\/vocerodelpueblo.com\/index.php?rest_route=%2Fwp%2Fv2%2Fmedia&parent=106"}],"wp:term":[{"taxonomy":"category","embeddable":true,"href":"https:\/\/vocerodelpueblo.com\/index.php?rest_route=%2Fwp%2Fv2%2Fcategories&post=106"},{"taxonomy":"post_tag","embeddable":true,"href":"https:\/\/vocerodelpueblo.com\/index.php?rest_route=%2Fwp%2Fv2%2Ftags&post=106"}],"curies":[{"name":"wp","href":"https:\/\/api.w.org\/{rel}","templated":true}]}}