{"id":121,"date":"2016-04-20T14:27:58","date_gmt":"2016-04-20T19:27:58","guid":{"rendered":"http:\/\/vocerodelpueblo.com\/?p=121"},"modified":"2016-04-20T15:13:35","modified_gmt":"2016-04-20T20:13:35","slug":"german-pacheco-presidente-sera-de-tampico","status":"publish","type":"post","link":"https:\/\/vocerodelpueblo.com\/?p=121","title":{"rendered":"GERMAN PACHECO  PRESIDENTE SER\u00c1 DE TAMPICO."},"content":{"rendered":"<h3><em><strong>Con el voto de las mayor\u00edas.<\/strong><\/em><\/h3>\n<p><span style=\"font-weight: 400;\"><img loading=\"lazy\" decoding=\"async\" class=\"size-medium wp-image-123 alignleft\" src=\"https:\/\/vocerodelpueblo.com\/wp-content\/uploads\/2016\/04\/german-pacheco-300x257.jpg\" alt=\"german pacheco\" width=\"300\" height=\"257\" srcset=\"https:\/\/vocerodelpueblo.com\/wp-content\/uploads\/2016\/04\/german-pacheco-300x257.jpg 300w, https:\/\/vocerodelpueblo.com\/wp-content\/uploads\/2016\/04\/german-pacheco-768x658.jpg 768w, https:\/\/vocerodelpueblo.com\/wp-content\/uploads\/2016\/04\/german-pacheco.jpg 960w\" sizes=\"auto, (max-width: 300px) 100vw, 300px\" \/>Con el voto de las mayor\u00edas, Germ\u00e1n Pacheco D\u00edaz ser\u00e1 el pr\u00f3ximo alcalde de Tampico, para hacer realidad el cambio que anhelan las clases populares y retomar el camino al desarrollo, la seguridad y mejores oportunidades para todos.<\/span><\/p>\n<p><span style=\"font-weight: 400;\">El candidato del Partido Acci\u00f3n Nacional inici\u00f3 su camino rumbo a la victoria en las urnas electorales, con una concentraci\u00f3n en la avenida Hidalgo, donde devel\u00f3 un anuncio espectacular de su campa\u00f1a pol\u00edtico-electoral, acompa\u00f1ado por numerosas personas.<\/span><\/p>\n<p><span style=\"font-weight: 400;\">Con ello, Germ\u00e1n Pacheco le dijo adi\u00f3s a la vieja forma de gobernar, iniciando una nueva forma de servir a los tampique\u00f1os.<\/span><\/p>\n<p><span style=\"font-weight: 400;\">\u201cYo estoy listo y preparado para escribir junto contigo una historia de \u00e9xito y modernidad para nuestro querido Tampico. Te invito a que te sumes a nuestro equipo\u201d, expres\u00f3 el exdiputado federal, quien vaticin\u00f3 que con el respaldo y la confianza de la ciudadan\u00eda que busca el cambio, obtendr\u00e1 m\u00e1s de 78 mil sufragios el pr\u00f3ximo 5 de junio.<\/span><\/p>\n<p><span style=\"font-weight: 400;\">Posteriormente, asisti\u00f3 a una misa en Catedral acompa\u00f1ado por su familia, amistades y simpatizantes., Luego se reuni\u00f3 con representantes de los medios informativos en una rueda de prensa celebrada en la sede del PAN, donde dio a conocer los principales puntos de su plataforma pol\u00edtica y respondi\u00f3 a diversos cuestionamientos.<\/span><\/p>\n<p><span style=\"font-weight: 400;\">Enseguida, inici\u00f3 intensos recorridos por diversos sectores de la ciudad, en busca del voto de las mayor\u00edas, para ser el pr\u00f3ximo alcalde.<\/span><\/p>\n","protected":false},"excerpt":{"rendered":"<p>Con el voto de las mayor\u00edas. Con el voto de las mayor\u00edas, Germ\u00e1n Pacheco D\u00edaz ser\u00e1 el pr\u00f3ximo alcalde de Tampico, para hacer realidad el cambio que anhelan las clases populares y retomar el camino al desarrollo, la seguridad y mejores oportunidades para todos. El candidato del Partido Acci\u00f3n Nacional inici\u00f3 su camino rumbo a [&hellip;]<\/p>\n","protected":false},"author":1,"featured_media":122,"comment_status":"open","ping_status":"open","sticky":false,"template":"","format":"standard","meta":{"footnotes":""},"categories":[2,3],"tags":[],"class_list":["post-121","post","type-post","status-publish","format-standard","has-post-thumbnail","hentry","category-zonaconurbada","category-tampico"],"_links":{"self":[{"href":"https:\/\/vocerodelpueblo.com\/index.php?rest_route=\/wp\/v2\/posts\/121","targetHints":{"allow":["GET"]}}],"collection":[{"href":"https:\/\/vocerodelpueblo.com\/index.php?rest_route=\/wp\/v2\/posts"}],"about":[{"href":"https:\/\/vocerodelpueblo.com\/index.php?rest_route=\/wp\/v2\/types\/post"}],"author":[{"embeddable":true,"href":"https:\/\/vocerodelpueblo.com\/index.php?rest_route=\/wp\/v2\/users\/1"}],"replies":[{"embeddable":true,"href":"https:\/\/vocerodelpueblo.com\/index.php?rest_route=%2Fwp%2Fv2%2Fcomments&post=121"}],"version-history":[{"count":2,"href":"https:\/\/vocerodelpueblo.com\/index.php?rest_route=\/wp\/v2\/posts\/121\/revisions"}],"predecessor-version":[{"id":126,"href":"https:\/\/vocerodelpueblo.com\/index.php?rest_route=\/wp\/v2\/posts\/121\/revisions\/126"}],"wp:featuredmedia":[{"embeddable":true,"href":"https:\/\/vocerodelpueblo.com\/index.php?rest_route=\/wp\/v2\/media\/122"}],"wp:attachment":[{"href":"https:\/\/vocerodelpueblo.com\/index.php?rest_route=%2Fwp%2Fv2%2Fmedia&parent=121"}],"wp:term":[{"taxonomy":"category","embeddable":true,"href":"https:\/\/vocerodelpueblo.com\/index.php?rest_route=%2Fwp%2Fv2%2Fcategories&post=121"},{"taxonomy":"post_tag","embeddable":true,"href":"https:\/\/vocerodelpueblo.com\/index.php?rest_route=%2Fwp%2Fv2%2Ftags&post=121"}],"curies":[{"name":"wp","href":"https:\/\/api.w.org\/{rel}","templated":true}]}}