{"id":1324,"date":"2017-05-04T23:57:31","date_gmt":"2017-05-05T04:57:31","guid":{"rendered":"http:\/\/vocerodelpueblo.com\/?p=1324"},"modified":"2017-05-04T23:57:31","modified_gmt":"2017-05-05T04:57:31","slug":"llaman-a-los-diputados-federales-a-aclarar-el-estado-de-los-fondos-metropolitanos","status":"publish","type":"post","link":"https:\/\/vocerodelpueblo.com\/?p=1324","title":{"rendered":"LLAMAN A LOS DIPUTADOS FEDERALES A ACLARAR EL ESTADO DE LOS FONDOS METROPOLITANOS"},"content":{"rendered":"<p><img loading=\"lazy\" decoding=\"async\" class=\"aligncenter wp-image-1325 size-full\" src=\"https:\/\/vocerodelpueblo.com\/wp-content\/uploads\/2017\/05\/madero.jpg\" alt=\"madero\" width=\"838\" height=\"500\" srcset=\"https:\/\/vocerodelpueblo.com\/wp-content\/uploads\/2017\/05\/madero.jpg 838w, https:\/\/vocerodelpueblo.com\/wp-content\/uploads\/2017\/05\/madero-300x179.jpg 300w, https:\/\/vocerodelpueblo.com\/wp-content\/uploads\/2017\/05\/madero-768x458.jpg 768w\" sizes=\"auto, (max-width: 838px) 100vw, 838px\" \/><\/p>\n<p><span style=\"font-weight: 400;\">El Alcalde de Ciudad Madero Andr\u00e9s Zorrilla solicit\u00f3 p\u00fablicamente a los actuales diputados federales entregar un informe sobre el estado en que se encuentran las gestiones de los recursos de los Fondos Metropolitanos para el presente ejercicio fiscal 2017, la exigencia incluye as\u00ed mismo a los anteriores presidentes municipales, as\u00ed como a los Exgobernadores de Tamaulipas y Veracruz.<\/span><\/p>\n<p><span style=\"font-weight: 400;\">\u201cSon las \u00fanicas autoridades vigentes que quedaron como\u00a0 responsables de la gesti\u00f3n de dichos fondos, ya que los anteriores presidentes municipales, al menos de Tamaulipas, debieron de haber dejado efectuada la gesti\u00f3n y en manos de los propios diputados vinculados a Tampico, Madero y Altamira\u201d, indic\u00f3<\/span><\/p>\n<p><span style=\"font-weight: 400;\">Se acord\u00f3, a\u00f1adi\u00f3, que los cinco alcaldes pediremos a los diputados federales que den un estatus de la gesti\u00f3n de los recursos metropolitanos que los tres presidentes municipales anteriores y que el gobierno del estado de Tamaulipas efectu\u00f3.<\/span><\/p>\n<p><span style=\"font-weight: 400;\">\u201cMe parece que los diputados federales de la zona deben, por lo pronto los que est\u00e1n vinculados a Ciudad Madero y por supuesto a la zona conurbada, deben de rendir un informe con toda claridad de si hay alguna de los gobiernos salientes y si esa gesti\u00f3n puesta en manos de los diputados federales de ellos mismos tuvo connotaciones tambi\u00e9n con la Secretar\u00eda de Hacienda y con otros actores que tienen que ver con la asignaci\u00f3n de presupuesto al sur de Tamaulipas y por supuesto al norte de Veracruz\u201d, expres\u00f3 Zorrilla Moreno.<\/span><\/p>\n<p><span style=\"font-weight: 400;\">No hay que pasar por alto que el tema de las comisiones es un asunto de organizaci\u00f3n propia de la c\u00e1mara, la responsabilidad con la sociedad civil la adquieren con todos y cada uno de los ciudadanos, esa es la responsabilidad de un legislador federal por el que se vot\u00f3, \u201ctienen que participar en los temas de seguridad, gesti\u00f3n y en los fondos metropolitanos y en ese sentido Madero pidi\u00f3 que adem\u00e1s de incluir al presidente de la Comisi\u00f3n, se incluya tambi\u00e9n a los diputados que est\u00e1n vinculados a la ciudad\u201d, indic\u00f3 finalmente.<\/span><\/p>\n","protected":false},"excerpt":{"rendered":"<p>El Alcalde de Ciudad Madero Andr\u00e9s Zorrilla solicit\u00f3 p\u00fablicamente a los actuales diputados federales entregar un informe sobre el estado en que se encuentran las gestiones de los recursos de los Fondos Metropolitanos para el presente ejercicio fiscal 2017, la exigencia incluye as\u00ed mismo a los anteriores presidentes municipales, as\u00ed como a los Exgobernadores de [&hellip;]<\/p>\n","protected":false},"author":1,"featured_media":1325,"comment_status":"open","ping_status":"open","sticky":false,"template":"","format":"standard","meta":{"footnotes":""},"categories":[4,2],"tags":[],"class_list":["post-1324","post","type-post","status-publish","format-standard","has-post-thumbnail","hentry","category-madero","category-zonaconurbada"],"_links":{"self":[{"href":"https:\/\/vocerodelpueblo.com\/index.php?rest_route=\/wp\/v2\/posts\/1324","targetHints":{"allow":["GET"]}}],"collection":[{"href":"https:\/\/vocerodelpueblo.com\/index.php?rest_route=\/wp\/v2\/posts"}],"about":[{"href":"https:\/\/vocerodelpueblo.com\/index.php?rest_route=\/wp\/v2\/types\/post"}],"author":[{"embeddable":true,"href":"https:\/\/vocerodelpueblo.com\/index.php?rest_route=\/wp\/v2\/users\/1"}],"replies":[{"embeddable":true,"href":"https:\/\/vocerodelpueblo.com\/index.php?rest_route=%2Fwp%2Fv2%2Fcomments&post=1324"}],"version-history":[{"count":1,"href":"https:\/\/vocerodelpueblo.com\/index.php?rest_route=\/wp\/v2\/posts\/1324\/revisions"}],"predecessor-version":[{"id":1326,"href":"https:\/\/vocerodelpueblo.com\/index.php?rest_route=\/wp\/v2\/posts\/1324\/revisions\/1326"}],"wp:featuredmedia":[{"embeddable":true,"href":"https:\/\/vocerodelpueblo.com\/index.php?rest_route=\/wp\/v2\/media\/1325"}],"wp:attachment":[{"href":"https:\/\/vocerodelpueblo.com\/index.php?rest_route=%2Fwp%2Fv2%2Fmedia&parent=1324"}],"wp:term":[{"taxonomy":"category","embeddable":true,"href":"https:\/\/vocerodelpueblo.com\/index.php?rest_route=%2Fwp%2Fv2%2Fcategories&post=1324"},{"taxonomy":"post_tag","embeddable":true,"href":"https:\/\/vocerodelpueblo.com\/index.php?rest_route=%2Fwp%2Fv2%2Ftags&post=1324"}],"curies":[{"name":"wp","href":"https:\/\/api.w.org\/{rel}","templated":true}]}}