{"id":13398,"date":"2024-02-06T12:53:44","date_gmt":"2024-02-06T18:53:44","guid":{"rendered":"https:\/\/vocerodelpueblo.com\/?p=13398"},"modified":"2024-02-19T13:15:55","modified_gmt":"2024-02-19T19:15:55","slug":"fomenta-secretaria-de-educacion-integracion-de-comunidad-educativa-con-rally-familiar","status":"publish","type":"post","link":"https:\/\/vocerodelpueblo.com\/?p=13398","title":{"rendered":"Fomenta Secretar\u00eda de Educaci\u00f3n integraci\u00f3n de comunidad educativa con rally familiar"},"content":{"rendered":"\n<p class=\"has-medium-font-size\">Tula, Tamaulipas.\u2013 Con el objetivo de fortalecer la integraci\u00f3n de todas y todos quienes conforman la comunidad educativa, reforzar los lazos afectivos, y generar un entorno de solidaridad entre las familias de los estudiantes, la Secretar\u00eda de Educaci\u00f3n de Tamaulipas implementa el rally familiar en escuelas de la entidad.<\/p>\n\n\n\n<p class=\"has-medium-font-size\">A trav\u00e9s de la Subsecretar\u00eda de Educaci\u00f3n B\u00e1sica de Tamaulipas se organiza este rally en diversos centros escolares del estado, siendo la Escuela Primaria \u201cBenito Ju\u00e1rez\u201d del municipio de Tula, en donde se efectu\u00f3 recientemente.<\/p>\n\n\n\n<p class=\"has-medium-font-size\">Personal del Programa de Atenci\u00f3n Psicopedag\u00f3gica y Prevenci\u00f3n de Riesgos Psicosociales, de la Direcci\u00f3n de Programas Transversales, fueron los responsables de realizarlo, con la intervenci\u00f3n de alumnas, alumnos, madres y padres de familia, as\u00ed como docentes, quienes participaron de manera coordinada y entusiasta en esta actividad de aprendizaje l\u00fadico.<\/p>\n\n\n\n<p class=\"has-medium-font-size\">Con la implementaci\u00f3n del rally familiar se impulsa la convivencia escolar y familiar, tal como lo establece la Nueva Escuela Mexicana, en especial en el campo formativo \u2018\u00c9tica, Naturaleza y Sociedades\u2019, estimulando el inter\u00e9s de las ni\u00f1as, ni\u00f1os y adolescentes a trav\u00e9s de din\u00e1micas de juego y cooperaci\u00f3n que facilitan la comunicaci\u00f3n, el entorno sociocultural y canalizan la energ\u00eda de los estudiantes en interacci\u00f3n con sus familias.<\/p>\n\n\n\n<p class=\"has-medium-font-size\">Este tipo de actividades se desarrollan en base a las pol\u00edticas educativas que impulsa el Gobierno del Estado que dirige Am\u00e9rico Villarreal Anaya, que mediante la Secretar\u00eda de Educaci\u00f3n de Tamaulipas, bajo la responsabilidad de su titular, Luc\u00eda Aim\u00e9 Castillo Pastor, promueven la colaboraci\u00f3n y la sana convivencia entre todos quienes integran la comunidad escolar, a fin de garantizar una educaci\u00f3n integral y de excelencia para las y los estudiantes tamaulipecos.<\/p>\n\n\n\n<figure class=\"wp-block-image size-full is-resized\"><img loading=\"lazy\" decoding=\"async\" width=\"1600\" height=\"923\" src=\"https:\/\/vocerodelpueblo.com\/wp-content\/uploads\/2024\/02\/WhatsApp-Image-2024-02-06-at-2.54.54-PM.jpeg\" alt=\"\" class=\"wp-image-13399\" style=\"width:388px;height:auto\" srcset=\"https:\/\/vocerodelpueblo.com\/wp-content\/uploads\/2024\/02\/WhatsApp-Image-2024-02-06-at-2.54.54-PM.jpeg 1600w, https:\/\/vocerodelpueblo.com\/wp-content\/uploads\/2024\/02\/WhatsApp-Image-2024-02-06-at-2.54.54-PM-350x202.jpeg 350w, https:\/\/vocerodelpueblo.com\/wp-content\/uploads\/2024\/02\/WhatsApp-Image-2024-02-06-at-2.54.54-PM-728x421.jpeg 728w, https:\/\/vocerodelpueblo.com\/wp-content\/uploads\/2024\/02\/WhatsApp-Image-2024-02-06-at-2.54.54-PM-1536x886.jpeg 1536w\" sizes=\"auto, (max-width: 1600px) 100vw, 1600px\" \/><\/figure>\n\n\n\n<figure class=\"wp-block-image size-full is-resized\"><img loading=\"lazy\" decoding=\"async\" width=\"1600\" height=\"948\" src=\"https:\/\/vocerodelpueblo.com\/wp-content\/uploads\/2024\/02\/WhatsApp-Image-2024-02-06-at-2.54.53-PM-2.jpeg\" alt=\"\" class=\"wp-image-13400\" style=\"width:388px;height:auto\" srcset=\"https:\/\/vocerodelpueblo.com\/wp-content\/uploads\/2024\/02\/WhatsApp-Image-2024-02-06-at-2.54.53-PM-2.jpeg 1600w, https:\/\/vocerodelpueblo.com\/wp-content\/uploads\/2024\/02\/WhatsApp-Image-2024-02-06-at-2.54.53-PM-2-350x207.jpeg 350w, https:\/\/vocerodelpueblo.com\/wp-content\/uploads\/2024\/02\/WhatsApp-Image-2024-02-06-at-2.54.53-PM-2-711x421.jpeg 711w, https:\/\/vocerodelpueblo.com\/wp-content\/uploads\/2024\/02\/WhatsApp-Image-2024-02-06-at-2.54.53-PM-2-1536x910.jpeg 1536w\" sizes=\"auto, (max-width: 1600px) 100vw, 1600px\" \/><\/figure>\n\n\n\n<figure class=\"wp-block-image size-full is-resized\"><img loading=\"lazy\" decoding=\"async\" width=\"1600\" height=\"1048\" src=\"https:\/\/vocerodelpueblo.com\/wp-content\/uploads\/2024\/02\/WhatsApp-Image-2024-02-06-at-2.54.53-PM-1.jpeg\" alt=\"\" class=\"wp-image-13401\" style=\"width:396px;height:auto\" srcset=\"https:\/\/vocerodelpueblo.com\/wp-content\/uploads\/2024\/02\/WhatsApp-Image-2024-02-06-at-2.54.53-PM-1.jpeg 1600w, https:\/\/vocerodelpueblo.com\/wp-content\/uploads\/2024\/02\/WhatsApp-Image-2024-02-06-at-2.54.53-PM-1-350x229.jpeg 350w, https:\/\/vocerodelpueblo.com\/wp-content\/uploads\/2024\/02\/WhatsApp-Image-2024-02-06-at-2.54.53-PM-1-643x421.jpeg 643w, https:\/\/vocerodelpueblo.com\/wp-content\/uploads\/2024\/02\/WhatsApp-Image-2024-02-06-at-2.54.53-PM-1-1536x1006.jpeg 1536w\" sizes=\"auto, (max-width: 1600px) 100vw, 1600px\" \/><\/figure>\n\n\n\n<ul class=\"wp-block-list\">\n<li><\/li>\n<\/ul>\n","protected":false},"excerpt":{"rendered":"<p>Tula, Tamaulipas.\u2013 Con el objetivo de fortalecer la integraci\u00f3n de todas y todos quienes conforman la comunidad educativa, reforzar los lazos afectivos, y generar un entorno de solidaridad entre las familias de los estudiantes, la Secretar\u00eda de Educaci\u00f3n de Tamaulipas implementa el rally familiar en escuelas de la entidad. A trav\u00e9s de la Subsecretar\u00eda de [&hellip;]<\/p>\n","protected":false},"author":2,"featured_media":13402,"comment_status":"closed","ping_status":"open","sticky":false,"template":"","format":"standard","meta":{"footnotes":""},"categories":[1],"tags":[],"class_list":["post-13398","post","type-post","status-publish","format-standard","has-post-thumbnail","hentry","category-estatales"],"_links":{"self":[{"href":"https:\/\/vocerodelpueblo.com\/index.php?rest_route=\/wp\/v2\/posts\/13398","targetHints":{"allow":["GET"]}}],"collection":[{"href":"https:\/\/vocerodelpueblo.com\/index.php?rest_route=\/wp\/v2\/posts"}],"about":[{"href":"https:\/\/vocerodelpueblo.com\/index.php?rest_route=\/wp\/v2\/types\/post"}],"author":[{"embeddable":true,"href":"https:\/\/vocerodelpueblo.com\/index.php?rest_route=\/wp\/v2\/users\/2"}],"replies":[{"embeddable":true,"href":"https:\/\/vocerodelpueblo.com\/index.php?rest_route=%2Fwp%2Fv2%2Fcomments&post=13398"}],"version-history":[{"count":1,"href":"https:\/\/vocerodelpueblo.com\/index.php?rest_route=\/wp\/v2\/posts\/13398\/revisions"}],"predecessor-version":[{"id":13403,"href":"https:\/\/vocerodelpueblo.com\/index.php?rest_route=\/wp\/v2\/posts\/13398\/revisions\/13403"}],"wp:featuredmedia":[{"embeddable":true,"href":"https:\/\/vocerodelpueblo.com\/index.php?rest_route=\/wp\/v2\/media\/13402"}],"wp:attachment":[{"href":"https:\/\/vocerodelpueblo.com\/index.php?rest_route=%2Fwp%2Fv2%2Fmedia&parent=13398"}],"wp:term":[{"taxonomy":"category","embeddable":true,"href":"https:\/\/vocerodelpueblo.com\/index.php?rest_route=%2Fwp%2Fv2%2Fcategories&post=13398"},{"taxonomy":"post_tag","embeddable":true,"href":"https:\/\/vocerodelpueblo.com\/index.php?rest_route=%2Fwp%2Fv2%2Ftags&post=13398"}],"curies":[{"name":"wp","href":"https:\/\/api.w.org\/{rel}","templated":true}]}}