{"id":13742,"date":"2024-03-03T18:28:49","date_gmt":"2024-03-04T00:28:49","guid":{"rendered":"https:\/\/vocerodelpueblo.com\/?p=13742"},"modified":"2024-03-06T18:30:45","modified_gmt":"2024-03-07T00:30:45","slug":"extiende-uat-convocatoria-del-ine-para-promover-participacion-ciudadana-en-el-proceso-electoral","status":"publish","type":"post","link":"https:\/\/vocerodelpueblo.com\/?p=13742","title":{"rendered":"Extiende UAT convocatoria del INE para promover participaci\u00f3n ciudadana en el proceso electoral"},"content":{"rendered":"\n<p class=\"has-medium-font-size\"><strong><em>La Universidad Aut\u00f3noma de Tamaulipas (UAT) hace extensiva la invitaci\u00f3n del Instituto Nacional Electoral (INE), a trav\u00e9s de la Junta Local Ejecutiva en Tamaulipas, para difundir la Convocatoria sobre Promoci\u00f3n de la Participaci\u00f3n Ciudadana en el marco del Proceso Electoral Concurrente 2023-2024.<\/em><\/strong><\/p>\n\n\n\n<p class=\"has-medium-font-size\">La convocatoria, emitida por el INE con la finalidad de impulsar acciones para el fortalecimiento de la democracia en M\u00e9xico, tiene como fecha l\u00edmite de registro el 8 de marzo, y est\u00e1 dirigida a organizaciones o instituciones que est\u00e9n interesadas en realizar acciones de promoci\u00f3n de la participaci\u00f3n ciudadana en conjunto con el INE.<\/p>\n\n\n\n<p class=\"has-medium-font-size\">Entre las bases para participar, se estipula que las agrupaciones no deben tener v\u00ednculos con partidos pol\u00edticos o aspirantes, y que deben estar interesadas en promover imparcialmente el ejercicio del voto libre y razonado de los ciudadanos en el Proceso Electoral Concurrente 2023-2024.<\/p>\n\n\n\n<p class=\"has-medium-font-size\">El INE dar\u00e1 a conocer de manera p\u00fablica en su portal, a m\u00e1s tardar el 15 de marzo de 2024, las organizaciones acreditadas, las cuales promover\u00e1n actividades relacionadas con:<\/p>\n\n\n\n<p class=\"has-medium-font-size\">La difusi\u00f3n de mensajes alusivos al ejercicio del voto y su relevancia.<\/p>\n\n\n\n<p class=\"has-medium-font-size\">La coorganizaci\u00f3n de eventos de promoci\u00f3n del voto y participaci\u00f3n por medio de representantes en los mismos.<\/p>\n\n\n\n<p class=\"has-medium-font-size\">La entrega de art\u00edculos promocionales o servicios a la ciudadan\u00eda (sin distinciones ni condicionantes) para motivar la participaci\u00f3n, entre otras actividades.<\/p>\n\n\n\n<p class=\"has-medium-font-size\">De igual forma, las organizaciones o instituciones participantes podr\u00e1n plantear propuestas, as\u00ed como participar en las diferentes actividades previstas para los pr\u00f3ximos meses.<\/p>\n\n\n\n<p class=\"has-medium-font-size\">La convocatoria puede ser consultada en el portal oficial del INE: https:\/\/www.ine.mx\/.<\/p>\n","protected":false},"excerpt":{"rendered":"<p>La Universidad Aut\u00f3noma de Tamaulipas (UAT) hace extensiva la invitaci\u00f3n del Instituto Nacional Electoral (INE), a trav\u00e9s de la Junta Local Ejecutiva en Tamaulipas, para difundir la Convocatoria sobre Promoci\u00f3n de la Participaci\u00f3n Ciudadana en el marco del Proceso Electoral Concurrente 2023-2024. La convocatoria, emitida por el INE con la finalidad de impulsar acciones para [&hellip;]<\/p>\n","protected":false},"author":2,"featured_media":13743,"comment_status":"closed","ping_status":"open","sticky":false,"template":"","format":"standard","meta":{"footnotes":""},"categories":[14],"tags":[],"class_list":["post-13742","post","type-post","status-publish","format-standard","has-post-thumbnail","hentry","category-uat"],"_links":{"self":[{"href":"https:\/\/vocerodelpueblo.com\/index.php?rest_route=\/wp\/v2\/posts\/13742","targetHints":{"allow":["GET"]}}],"collection":[{"href":"https:\/\/vocerodelpueblo.com\/index.php?rest_route=\/wp\/v2\/posts"}],"about":[{"href":"https:\/\/vocerodelpueblo.com\/index.php?rest_route=\/wp\/v2\/types\/post"}],"author":[{"embeddable":true,"href":"https:\/\/vocerodelpueblo.com\/index.php?rest_route=\/wp\/v2\/users\/2"}],"replies":[{"embeddable":true,"href":"https:\/\/vocerodelpueblo.com\/index.php?rest_route=%2Fwp%2Fv2%2Fcomments&post=13742"}],"version-history":[{"count":1,"href":"https:\/\/vocerodelpueblo.com\/index.php?rest_route=\/wp\/v2\/posts\/13742\/revisions"}],"predecessor-version":[{"id":13744,"href":"https:\/\/vocerodelpueblo.com\/index.php?rest_route=\/wp\/v2\/posts\/13742\/revisions\/13744"}],"wp:featuredmedia":[{"embeddable":true,"href":"https:\/\/vocerodelpueblo.com\/index.php?rest_route=\/wp\/v2\/media\/13743"}],"wp:attachment":[{"href":"https:\/\/vocerodelpueblo.com\/index.php?rest_route=%2Fwp%2Fv2%2Fmedia&parent=13742"}],"wp:term":[{"taxonomy":"category","embeddable":true,"href":"https:\/\/vocerodelpueblo.com\/index.php?rest_route=%2Fwp%2Fv2%2Fcategories&post=13742"},{"taxonomy":"post_tag","embeddable":true,"href":"https:\/\/vocerodelpueblo.com\/index.php?rest_route=%2Fwp%2Fv2%2Ftags&post=13742"}],"curies":[{"name":"wp","href":"https:\/\/api.w.org\/{rel}","templated":true}]}}