{"id":14201,"date":"2024-04-27T22:21:25","date_gmt":"2024-04-28T03:21:25","guid":{"rendered":"https:\/\/vocerodelpueblo.com\/?p=14201"},"modified":"2024-04-29T22:24:51","modified_gmt":"2024-04-30T03:24:51","slug":"damaso-anaya-y-su-esposa-presiden-el-festival-del-sutuat-por-el-dia-del-nino","status":"publish","type":"post","link":"https:\/\/vocerodelpueblo.com\/?p=14201","title":{"rendered":"D\u00e1maso Anaya y su esposa presiden el festival del SUTUAT por el D\u00eda del Ni\u00f1o"},"content":{"rendered":"\n<p>El rector de la Universidad Aut\u00f3noma de Tamaulipas, MVZ D\u00e1maso Leonardo Anaya Alvarado, y su esposa, Lic. Isolda Rend\u00f3n de Anaya, pusieron en marcha los eventos del D\u00eda del Ni\u00f1o y de la Ni\u00f1a que la casa de estudios organiza para festejar a los hijos e hijas del personal universitario afiliado al Sindicato \u00danico de Trabajadores de la UAT.<\/p>\n\n\n\n<p>Los eventos, que se llevaron a cabo el jueves 25 de abril en el Gimnasio Multidisciplinario del Centro Universitario Sur (CUSUR) en Tampico y el viernes 26 de abril en el Gimnasio Multidisciplinario de Victoria, contaron con la asistencia de cientos de peque\u00f1os acompa\u00f1ados de pap\u00e1s y mam\u00e1s para disfrutar del emotivo festival que la UAT les ofrece en su honor.<\/p>\n\n\n\n<p>La presencia del rector D\u00e1maso Anaya resalt\u00f3 la importancia que la instituci\u00f3n otorga a estas festividades que no solo tienen un car\u00e1cter l\u00fadico, sino tambi\u00e9n promueven la uni\u00f3n familiar y fortalecen los lazos entre la comunidad universitaria y el sindicato.<\/p>\n\n\n\n<p>El rector hizo hincapi\u00e9 en la relevancia de esta tradici\u00f3n, que permite tambi\u00e9n a los ni\u00f1os compartir estos lazos familiares en las \u00e1reas de trabajo de sus padres dentro de la Universidad.<\/p>\n\n\n\n<p>Enfatiz\u00f3 el respaldo que la Universidad Aut\u00f3noma de Tamaulipas brinda al sindicato de trabajadores agradeciendo el apoyo a los proyectos institucionales que buscan mejorar las condiciones laborales y educativas en la Universidad.<\/p>\n\n\n\n<p>Acompa\u00f1ado por su esposa Isolda Rend\u00f3n, as\u00ed como por integrantes de los Comit\u00e9s Ejecutivos Estatal y Seccional del SUTUAT, el rector D\u00e1maso Anaya Alvarado encabez\u00f3 los festejos donde los peque\u00f1os universitarios disfrutaron de una amplia<\/p>\n\n\n\n<p>variedad de actividades recreativas, incluyendo espect\u00e1culos infantiles, brincolines, juegos, din\u00e1micas y deliciosos refrigerios.<\/p>\n\n\n\n<p>La sonrisa en los rostros de los ni\u00f1os y la satisfacci\u00f3n de los padres fueron evidencia del \u00e9xito de estas celebraciones, que se llevar\u00e1n pr\u00f3ximamente a los campus de la zona norte y de Ciudad Mante.<\/p>\n\n\n\n<figure class=\"wp-block-gallery has-nested-images columns-default is-cropped wp-block-gallery-1 is-layout-flex wp-block-gallery-is-layout-flex\">\n<figure class=\"wp-block-image size-full\"><img loading=\"lazy\" decoding=\"async\" width=\"1600\" height=\"1066\" data-id=\"14202\" src=\"https:\/\/vocerodelpueblo.com\/wp-content\/uploads\/2024\/04\/2-20.jpeg\" alt=\"\" class=\"wp-image-14202\" srcset=\"https:\/\/vocerodelpueblo.com\/wp-content\/uploads\/2024\/04\/2-20.jpeg 1600w, https:\/\/vocerodelpueblo.com\/wp-content\/uploads\/2024\/04\/2-20-350x233.jpeg 350w, https:\/\/vocerodelpueblo.com\/wp-content\/uploads\/2024\/04\/2-20-632x421.jpeg 632w, https:\/\/vocerodelpueblo.com\/wp-content\/uploads\/2024\/04\/2-20-1536x1023.jpeg 1536w\" sizes=\"auto, (max-width: 1600px) 100vw, 1600px\" \/><\/figure>\n\n\n\n<figure class=\"wp-block-image size-full\"><img loading=\"lazy\" decoding=\"async\" width=\"1600\" height=\"1066\" data-id=\"14204\" src=\"https:\/\/vocerodelpueblo.com\/wp-content\/uploads\/2024\/04\/4-14.jpeg\" alt=\"\" class=\"wp-image-14204\" srcset=\"https:\/\/vocerodelpueblo.com\/wp-content\/uploads\/2024\/04\/4-14.jpeg 1600w, https:\/\/vocerodelpueblo.com\/wp-content\/uploads\/2024\/04\/4-14-350x233.jpeg 350w, https:\/\/vocerodelpueblo.com\/wp-content\/uploads\/2024\/04\/4-14-632x421.jpeg 632w, https:\/\/vocerodelpueblo.com\/wp-content\/uploads\/2024\/04\/4-14-1536x1023.jpeg 1536w\" sizes=\"auto, (max-width: 1600px) 100vw, 1600px\" \/><\/figure>\n\n\n\n<figure class=\"wp-block-image size-full\"><img loading=\"lazy\" decoding=\"async\" width=\"1066\" height=\"1600\" data-id=\"14203\" src=\"https:\/\/vocerodelpueblo.com\/wp-content\/uploads\/2024\/04\/6-4-1.jpeg\" alt=\"\" class=\"wp-image-14203\" srcset=\"https:\/\/vocerodelpueblo.com\/wp-content\/uploads\/2024\/04\/6-4-1.jpeg 1066w, https:\/\/vocerodelpueblo.com\/wp-content\/uploads\/2024\/04\/6-4-1-233x350.jpeg 233w, https:\/\/vocerodelpueblo.com\/wp-content\/uploads\/2024\/04\/6-4-1-280x421.jpeg 280w, https:\/\/vocerodelpueblo.com\/wp-content\/uploads\/2024\/04\/6-4-1-1023x1536.jpeg 1023w\" sizes=\"auto, (max-width: 1066px) 100vw, 1066px\" \/><\/figure>\n\n\n\n<figure class=\"wp-block-image size-full\"><img loading=\"lazy\" decoding=\"async\" width=\"1600\" height=\"1066\" data-id=\"14206\" src=\"https:\/\/vocerodelpueblo.com\/wp-content\/uploads\/2024\/04\/5-9.jpeg\" alt=\"\" class=\"wp-image-14206\" srcset=\"https:\/\/vocerodelpueblo.com\/wp-content\/uploads\/2024\/04\/5-9.jpeg 1600w, https:\/\/vocerodelpueblo.com\/wp-content\/uploads\/2024\/04\/5-9-350x233.jpeg 350w, https:\/\/vocerodelpueblo.com\/wp-content\/uploads\/2024\/04\/5-9-632x421.jpeg 632w, https:\/\/vocerodelpueblo.com\/wp-content\/uploads\/2024\/04\/5-9-1536x1023.jpeg 1536w\" sizes=\"auto, (max-width: 1600px) 100vw, 1600px\" \/><\/figure>\n\n\n\n<figure class=\"wp-block-image size-full\"><img loading=\"lazy\" decoding=\"async\" width=\"1600\" height=\"1066\" data-id=\"14205\" src=\"https:\/\/vocerodelpueblo.com\/wp-content\/uploads\/2024\/04\/3-18.jpeg\" alt=\"\" class=\"wp-image-14205\" srcset=\"https:\/\/vocerodelpueblo.com\/wp-content\/uploads\/2024\/04\/3-18.jpeg 1600w, https:\/\/vocerodelpueblo.com\/wp-content\/uploads\/2024\/04\/3-18-350x233.jpeg 350w, https:\/\/vocerodelpueblo.com\/wp-content\/uploads\/2024\/04\/3-18-632x421.jpeg 632w, https:\/\/vocerodelpueblo.com\/wp-content\/uploads\/2024\/04\/3-18-1536x1023.jpeg 1536w\" sizes=\"auto, (max-width: 1600px) 100vw, 1600px\" \/><\/figure>\n\n\n\n<figure class=\"wp-block-image size-full\"><img loading=\"lazy\" decoding=\"async\" width=\"1600\" height=\"1066\" data-id=\"14207\" src=\"https:\/\/vocerodelpueblo.com\/wp-content\/uploads\/2024\/04\/1-18.jpeg\" alt=\"\" class=\"wp-image-14207\" srcset=\"https:\/\/vocerodelpueblo.com\/wp-content\/uploads\/2024\/04\/1-18.jpeg 1600w, https:\/\/vocerodelpueblo.com\/wp-content\/uploads\/2024\/04\/1-18-350x233.jpeg 350w, https:\/\/vocerodelpueblo.com\/wp-content\/uploads\/2024\/04\/1-18-632x421.jpeg 632w, https:\/\/vocerodelpueblo.com\/wp-content\/uploads\/2024\/04\/1-18-1536x1023.jpeg 1536w\" sizes=\"auto, (max-width: 1600px) 100vw, 1600px\" \/><\/figure>\n<\/figure>\n","protected":false},"excerpt":{"rendered":"<p>El rector de la Universidad Aut\u00f3noma de Tamaulipas, MVZ D\u00e1maso Leonardo Anaya Alvarado, y su esposa, Lic. Isolda Rend\u00f3n de Anaya, pusieron en marcha los eventos del D\u00eda del Ni\u00f1o y de la Ni\u00f1a que la casa de estudios organiza para festejar a los hijos e hijas del personal universitario afiliado al Sindicato \u00danico de [&hellip;]<\/p>\n","protected":false},"author":2,"featured_media":14207,"comment_status":"closed","ping_status":"open","sticky":false,"template":"","format":"standard","meta":{"footnotes":""},"categories":[14],"tags":[],"class_list":["post-14201","post","type-post","status-publish","format-standard","has-post-thumbnail","hentry","category-uat"],"_links":{"self":[{"href":"https:\/\/vocerodelpueblo.com\/index.php?rest_route=\/wp\/v2\/posts\/14201","targetHints":{"allow":["GET"]}}],"collection":[{"href":"https:\/\/vocerodelpueblo.com\/index.php?rest_route=\/wp\/v2\/posts"}],"about":[{"href":"https:\/\/vocerodelpueblo.com\/index.php?rest_route=\/wp\/v2\/types\/post"}],"author":[{"embeddable":true,"href":"https:\/\/vocerodelpueblo.com\/index.php?rest_route=\/wp\/v2\/users\/2"}],"replies":[{"embeddable":true,"href":"https:\/\/vocerodelpueblo.com\/index.php?rest_route=%2Fwp%2Fv2%2Fcomments&post=14201"}],"version-history":[{"count":1,"href":"https:\/\/vocerodelpueblo.com\/index.php?rest_route=\/wp\/v2\/posts\/14201\/revisions"}],"predecessor-version":[{"id":14208,"href":"https:\/\/vocerodelpueblo.com\/index.php?rest_route=\/wp\/v2\/posts\/14201\/revisions\/14208"}],"wp:featuredmedia":[{"embeddable":true,"href":"https:\/\/vocerodelpueblo.com\/index.php?rest_route=\/wp\/v2\/media\/14207"}],"wp:attachment":[{"href":"https:\/\/vocerodelpueblo.com\/index.php?rest_route=%2Fwp%2Fv2%2Fmedia&parent=14201"}],"wp:term":[{"taxonomy":"category","embeddable":true,"href":"https:\/\/vocerodelpueblo.com\/index.php?rest_route=%2Fwp%2Fv2%2Fcategories&post=14201"},{"taxonomy":"post_tag","embeddable":true,"href":"https:\/\/vocerodelpueblo.com\/index.php?rest_route=%2Fwp%2Fv2%2Ftags&post=14201"}],"curies":[{"name":"wp","href":"https:\/\/api.w.org\/{rel}","templated":true}]}}