{"id":14237,"date":"2024-04-15T14:55:19","date_gmt":"2024-04-15T19:55:19","guid":{"rendered":"https:\/\/vocerodelpueblo.com\/?p=14237"},"modified":"2024-04-30T14:56:20","modified_gmt":"2024-04-30T19:56:20","slug":"nuestro-personal-esta-listo-para-atenderte-visitanos-en-modulo-norte-josefa-ortiz-de-dominguez-202-col-laguna-de-la-puerta","status":"publish","type":"post","link":"https:\/\/vocerodelpueblo.com\/?p=14237","title":{"rendered":"Nuestro personal\u00a0est\u00e1 listo para atenderte. Vis\u00edtanos en M\u00f3dulo Norte: Josefa Ort\u00edz de Dom\u00ednguez #202 Col. Laguna de la Puerta."},"content":{"rendered":"","protected":false},"excerpt":{"rendered":"","protected":false},"author":2,"featured_media":14238,"comment_status":"closed","ping_status":"open","sticky":false,"template":"","format":"standard","meta":{"footnotes":""},"categories":[2],"tags":[],"class_list":["post-14237","post","type-post","status-publish","format-standard","has-post-thumbnail","hentry","category-zonaconurbada"],"_links":{"self":[{"href":"https:\/\/vocerodelpueblo.com\/index.php?rest_route=\/wp\/v2\/posts\/14237","targetHints":{"allow":["GET"]}}],"collection":[{"href":"https:\/\/vocerodelpueblo.com\/index.php?rest_route=\/wp\/v2\/posts"}],"about":[{"href":"https:\/\/vocerodelpueblo.com\/index.php?rest_route=\/wp\/v2\/types\/post"}],"author":[{"embeddable":true,"href":"https:\/\/vocerodelpueblo.com\/index.php?rest_route=\/wp\/v2\/users\/2"}],"replies":[{"embeddable":true,"href":"https:\/\/vocerodelpueblo.com\/index.php?rest_route=%2Fwp%2Fv2%2Fcomments&post=14237"}],"version-history":[{"count":1,"href":"https:\/\/vocerodelpueblo.com\/index.php?rest_route=\/wp\/v2\/posts\/14237\/revisions"}],"predecessor-version":[{"id":14239,"href":"https:\/\/vocerodelpueblo.com\/index.php?rest_route=\/wp\/v2\/posts\/14237\/revisions\/14239"}],"wp:featuredmedia":[{"embeddable":true,"href":"https:\/\/vocerodelpueblo.com\/index.php?rest_route=\/wp\/v2\/media\/14238"}],"wp:attachment":[{"href":"https:\/\/vocerodelpueblo.com\/index.php?rest_route=%2Fwp%2Fv2%2Fmedia&parent=14237"}],"wp:term":[{"taxonomy":"category","embeddable":true,"href":"https:\/\/vocerodelpueblo.com\/index.php?rest_route=%2Fwp%2Fv2%2Fcategories&post=14237"},{"taxonomy":"post_tag","embeddable":true,"href":"https:\/\/vocerodelpueblo.com\/index.php?rest_route=%2Fwp%2Fv2%2Ftags&post=14237"}],"curies":[{"name":"wp","href":"https:\/\/api.w.org\/{rel}","templated":true}]}}