{"id":14490,"date":"2024-05-01T08:59:34","date_gmt":"2024-05-01T13:59:34","guid":{"rendered":"https:\/\/vocerodelpueblo.com\/?p=14490"},"modified":"2024-05-22T09:01:07","modified_gmt":"2024-05-22T14:01:07","slug":"aviso-de-corte-suspension-de-servicio-de-agua-por-trabajos-de-reparacion-de-fuga-de-agua-en-linea-general-se-restablecera-el-servicio-a-partir-de-las-1130-p-m-de-hoy-miercoles","status":"publish","type":"post","link":"https:\/\/vocerodelpueblo.com\/?p=14490","title":{"rendered":"\u00a0AVISO DE CORTE\u00a0\u00a0Suspensi\u00f3n de servicio de agua por trabajos de reparaci\u00f3n de fuga de agua en l\u00ednea general.\u00a0Se restablecer\u00e1 el servicio a partir de las 11:30 p.m. de hoy mi\u00e9rcoles 01 de Mayo de 2024.\u00a0Pueden verse afectadas las colonias: Unidad Nacional y Ampliaci\u00f3n Unidad Nacional\u00a0#CdMadero#ComapaSur"},"content":{"rendered":"","protected":false},"excerpt":{"rendered":"","protected":false},"author":2,"featured_media":14491,"comment_status":"closed","ping_status":"open","sticky":false,"template":"","format":"standard","meta":{"footnotes":""},"categories":[2],"tags":[],"class_list":["post-14490","post","type-post","status-publish","format-standard","has-post-thumbnail","hentry","category-zonaconurbada"],"_links":{"self":[{"href":"https:\/\/vocerodelpueblo.com\/index.php?rest_route=\/wp\/v2\/posts\/14490","targetHints":{"allow":["GET"]}}],"collection":[{"href":"https:\/\/vocerodelpueblo.com\/index.php?rest_route=\/wp\/v2\/posts"}],"about":[{"href":"https:\/\/vocerodelpueblo.com\/index.php?rest_route=\/wp\/v2\/types\/post"}],"author":[{"embeddable":true,"href":"https:\/\/vocerodelpueblo.com\/index.php?rest_route=\/wp\/v2\/users\/2"}],"replies":[{"embeddable":true,"href":"https:\/\/vocerodelpueblo.com\/index.php?rest_route=%2Fwp%2Fv2%2Fcomments&post=14490"}],"version-history":[{"count":1,"href":"https:\/\/vocerodelpueblo.com\/index.php?rest_route=\/wp\/v2\/posts\/14490\/revisions"}],"predecessor-version":[{"id":14492,"href":"https:\/\/vocerodelpueblo.com\/index.php?rest_route=\/wp\/v2\/posts\/14490\/revisions\/14492"}],"wp:featuredmedia":[{"embeddable":true,"href":"https:\/\/vocerodelpueblo.com\/index.php?rest_route=\/wp\/v2\/media\/14491"}],"wp:attachment":[{"href":"https:\/\/vocerodelpueblo.com\/index.php?rest_route=%2Fwp%2Fv2%2Fmedia&parent=14490"}],"wp:term":[{"taxonomy":"category","embeddable":true,"href":"https:\/\/vocerodelpueblo.com\/index.php?rest_route=%2Fwp%2Fv2%2Fcategories&post=14490"},{"taxonomy":"post_tag","embeddable":true,"href":"https:\/\/vocerodelpueblo.com\/index.php?rest_route=%2Fwp%2Fv2%2Ftags&post=14490"}],"curies":[{"name":"wp","href":"https:\/\/api.w.org\/{rel}","templated":true}]}}