{"id":18177,"date":"2025-01-09T17:37:50","date_gmt":"2025-01-09T23:37:50","guid":{"rendered":"https:\/\/vocerodelpueblo.com\/?p=18177"},"modified":"2025-01-09T17:37:51","modified_gmt":"2025-01-09T23:37:51","slug":"rinde-la-uat-en-nuevo-laredo-homenaje-postumo-a-la-enfermera-maria-de-lourdes-duran","status":"publish","type":"post","link":"https:\/\/vocerodelpueblo.com\/?p=18177","title":{"rendered":"Rinde la UAT en Nuevo Laredo homenaje p\u00f3stumo a la enfermera Mar\u00eda de Lourdes Dur\u00e1n"},"content":{"rendered":"\n<p class=\"has-medium-font-size\">Como cada a\u00f1o, el pasado 7 de enero, la Universidad Aut\u00f3noma de Tamaulipas (UAT) a trav\u00e9s de la Facultad de Enfermer\u00eda Nuevo Laredo rindi\u00f3 un emotivo homenaje a la enfermera Mar\u00eda de Lourdes Dur\u00e1n V\u00e1zquez, quien dej\u00f3 un legado invaluable en la instituci\u00f3n y en la comunidad de salud.<br>El evento reuni\u00f3 a familiares, personal docente, administrativo y estudiantes de la Facultad de Enfermer\u00eda para recordar su heroico acto, su vocaci\u00f3n humanista y el ejemplo de dedicaci\u00f3n y altruismo que ha marcado generaciones de profesionales de la salud.<br>Mar\u00eda de Lourdes Dur\u00e1n V\u00e1zquez, nacida en Nuevo Laredo, Tamaulipas, es recordada por su hero\u00edsmo en 1979, cuando salv\u00f3 a un ni\u00f1o de 10 a\u00f1os de una electrocuci\u00f3n, sacrificando su propia vida. Su valent\u00eda y altruismo la convirtieron en un s\u00edmbolo de dedicaci\u00f3n y amor al pr\u00f3jimo.<br>Este homenaje anual, que se lleva a cabo frente al obelisco erigido en su honor, refleja el respeto y admiraci\u00f3n que dej\u00f3 Dur\u00e1n V\u00e1zquez en quienes tuvieron el privilegio de conocerla. Asimismo, reafirma el compromiso de la Facultad de Enfermer\u00eda de preservar su memoria y seguir inspir\u00e1ndose en su ejemplo para fortalecer los valores humanistas y la excelencia acad\u00e9mica que caracterizan a esta casa de estudios.<\/p>\n\n\n\n<p><\/p>\n","protected":false},"excerpt":{"rendered":"<p>Como cada a\u00f1o, el pasado 7 de enero, la Universidad Aut\u00f3noma de Tamaulipas (UAT) a trav\u00e9s de la Facultad de Enfermer\u00eda Nuevo Laredo rindi\u00f3 un emotivo homenaje a la enfermera Mar\u00eda de Lourdes Dur\u00e1n V\u00e1zquez, quien dej\u00f3 un legado invaluable en la instituci\u00f3n y en la comunidad de salud.El evento reuni\u00f3 a familiares, personal docente, [&hellip;]<\/p>\n","protected":false},"author":2,"featured_media":18178,"comment_status":"closed","ping_status":"open","sticky":false,"template":"","format":"standard","meta":{"footnotes":""},"categories":[14],"tags":[],"class_list":["post-18177","post","type-post","status-publish","format-standard","has-post-thumbnail","hentry","category-uat"],"_links":{"self":[{"href":"https:\/\/vocerodelpueblo.com\/index.php?rest_route=\/wp\/v2\/posts\/18177","targetHints":{"allow":["GET"]}}],"collection":[{"href":"https:\/\/vocerodelpueblo.com\/index.php?rest_route=\/wp\/v2\/posts"}],"about":[{"href":"https:\/\/vocerodelpueblo.com\/index.php?rest_route=\/wp\/v2\/types\/post"}],"author":[{"embeddable":true,"href":"https:\/\/vocerodelpueblo.com\/index.php?rest_route=\/wp\/v2\/users\/2"}],"replies":[{"embeddable":true,"href":"https:\/\/vocerodelpueblo.com\/index.php?rest_route=%2Fwp%2Fv2%2Fcomments&post=18177"}],"version-history":[{"count":1,"href":"https:\/\/vocerodelpueblo.com\/index.php?rest_route=\/wp\/v2\/posts\/18177\/revisions"}],"predecessor-version":[{"id":18179,"href":"https:\/\/vocerodelpueblo.com\/index.php?rest_route=\/wp\/v2\/posts\/18177\/revisions\/18179"}],"wp:featuredmedia":[{"embeddable":true,"href":"https:\/\/vocerodelpueblo.com\/index.php?rest_route=\/wp\/v2\/media\/18178"}],"wp:attachment":[{"href":"https:\/\/vocerodelpueblo.com\/index.php?rest_route=%2Fwp%2Fv2%2Fmedia&parent=18177"}],"wp:term":[{"taxonomy":"category","embeddable":true,"href":"https:\/\/vocerodelpueblo.com\/index.php?rest_route=%2Fwp%2Fv2%2Fcategories&post=18177"},{"taxonomy":"post_tag","embeddable":true,"href":"https:\/\/vocerodelpueblo.com\/index.php?rest_route=%2Fwp%2Fv2%2Ftags&post=18177"}],"curies":[{"name":"wp","href":"https:\/\/api.w.org\/{rel}","templated":true}]}}