{"id":20580,"date":"2025-06-01T17:14:14","date_gmt":"2025-06-01T23:14:14","guid":{"rendered":"https:\/\/vocerodelpueblo.com\/?p=20580"},"modified":"2025-06-04T17:19:47","modified_gmt":"2025-06-04T23:19:47","slug":"participa-alcalde-de-altamira-en-historica-jornada-electoral-judicial","status":"publish","type":"post","link":"https:\/\/vocerodelpueblo.com\/?p=20580","title":{"rendered":"Participa alcalde de Altamira en hist\u00f3rica jornada electoral judicial"},"content":{"rendered":"\n<p class=\"has-medium-font-size\">El presidente municipal de Altamira, Dr. Armando Mart\u00ednez Manr\u00edquez, ejerci\u00f3 este domingo su derecho al voto en el marco de la hist\u00f3rica elecci\u00f3n judicial que se celebra en todo el pa\u00eds, en la que, por primera vez, la ciudadan\u00eda elige de forma directa a ministros de la Suprema Corte de Justicia de la Naci\u00f3n, magistrados y jueces.<\/p>\n\n\n\n<p class=\"has-medium-font-size\">Acompa\u00f1ado de su familia, el alcalde acudi\u00f3 a su casilla correspondiente para participar en esta jornada in\u00e9dita, que marca un parteaguas en la vida democr\u00e1tica y judicial de M\u00e9xico.<\/p>\n\n\n\n<p class=\"has-medium-font-size\">\u201cJunto a mi familia cumpliendo con nuestro deber c\u00edvico\u201d, expres\u00f3 Mart\u00ednez Manr\u00edquez invitando a la poblaci\u00f3n a sumarse a este ejercicio democr\u00e1tico.<\/p>\n\n\n\n<p class=\"has-medium-font-size\">La elecci\u00f3n judicial 2025 ha sido considerada un hecho sin precedentes, al abrir la posibilidad de que los m\u00e1ximos representantes del Poder Judicial sean electos directamente por el pueblo.<\/p>\n\n\n\n<figure class=\"wp-block-gallery has-nested-images columns-default is-cropped wp-block-gallery-1 is-layout-flex wp-block-gallery-is-layout-flex\">\n<figure class=\"wp-block-image size-full\"><img loading=\"lazy\" decoding=\"async\" width=\"670\" height=\"446\" data-id=\"20581\" src=\"https:\/\/vocerodelpueblo.com\/wp-content\/uploads\/2025\/06\/WhatsApp-Image-2025-06-01-at-11.34.53-AM.jpg\" alt=\"\" class=\"wp-image-20581\" srcset=\"https:\/\/vocerodelpueblo.com\/wp-content\/uploads\/2025\/06\/WhatsApp-Image-2025-06-01-at-11.34.53-AM.jpg 670w, https:\/\/vocerodelpueblo.com\/wp-content\/uploads\/2025\/06\/WhatsApp-Image-2025-06-01-at-11.34.53-AM-350x233.jpg 350w, https:\/\/vocerodelpueblo.com\/wp-content\/uploads\/2025\/06\/WhatsApp-Image-2025-06-01-at-11.34.53-AM-632x421.jpg 632w\" sizes=\"auto, (max-width: 670px) 100vw, 670px\" \/><\/figure>\n\n\n\n<figure class=\"wp-block-image size-full\"><img loading=\"lazy\" decoding=\"async\" width=\"670\" height=\"446\" data-id=\"20582\" src=\"https:\/\/vocerodelpueblo.com\/wp-content\/uploads\/2025\/06\/WhatsApp-Image-2025-06-01-at-11.35.12-AM.jpg\" alt=\"\" class=\"wp-image-20582\" srcset=\"https:\/\/vocerodelpueblo.com\/wp-content\/uploads\/2025\/06\/WhatsApp-Image-2025-06-01-at-11.35.12-AM.jpg 670w, https:\/\/vocerodelpueblo.com\/wp-content\/uploads\/2025\/06\/WhatsApp-Image-2025-06-01-at-11.35.12-AM-350x233.jpg 350w, https:\/\/vocerodelpueblo.com\/wp-content\/uploads\/2025\/06\/WhatsApp-Image-2025-06-01-at-11.35.12-AM-632x421.jpg 632w\" sizes=\"auto, (max-width: 670px) 100vw, 670px\" \/><\/figure>\n\n\n\n<figure class=\"wp-block-image size-full\"><img loading=\"lazy\" decoding=\"async\" width=\"670\" height=\"446\" data-id=\"20583\" src=\"https:\/\/vocerodelpueblo.com\/wp-content\/uploads\/2025\/06\/WhatsApp-Image-2025-06-01-at-11.35.29-AM.jpg\" alt=\"\" class=\"wp-image-20583\" srcset=\"https:\/\/vocerodelpueblo.com\/wp-content\/uploads\/2025\/06\/WhatsApp-Image-2025-06-01-at-11.35.29-AM.jpg 670w, https:\/\/vocerodelpueblo.com\/wp-content\/uploads\/2025\/06\/WhatsApp-Image-2025-06-01-at-11.35.29-AM-350x233.jpg 350w, https:\/\/vocerodelpueblo.com\/wp-content\/uploads\/2025\/06\/WhatsApp-Image-2025-06-01-at-11.35.29-AM-632x421.jpg 632w\" sizes=\"auto, (max-width: 670px) 100vw, 670px\" \/><\/figure>\n<\/figure>\n","protected":false},"excerpt":{"rendered":"<p>El presidente municipal de Altamira, Dr. Armando Mart\u00ednez Manr\u00edquez, ejerci\u00f3 este domingo su derecho al voto en el marco de la hist\u00f3rica elecci\u00f3n judicial que se celebra en todo el pa\u00eds, en la que, por primera vez, la ciudadan\u00eda elige de forma directa a ministros de la Suprema Corte de Justicia de la Naci\u00f3n, magistrados [&hellip;]<\/p>\n","protected":false},"author":2,"featured_media":20582,"comment_status":"closed","ping_status":"closed","sticky":false,"template":"","format":"standard","meta":{"footnotes":""},"categories":[5],"tags":[],"class_list":["post-20580","post","type-post","status-publish","format-standard","has-post-thumbnail","hentry","category-altamira"],"_links":{"self":[{"href":"https:\/\/vocerodelpueblo.com\/index.php?rest_route=\/wp\/v2\/posts\/20580","targetHints":{"allow":["GET"]}}],"collection":[{"href":"https:\/\/vocerodelpueblo.com\/index.php?rest_route=\/wp\/v2\/posts"}],"about":[{"href":"https:\/\/vocerodelpueblo.com\/index.php?rest_route=\/wp\/v2\/types\/post"}],"author":[{"embeddable":true,"href":"https:\/\/vocerodelpueblo.com\/index.php?rest_route=\/wp\/v2\/users\/2"}],"replies":[{"embeddable":true,"href":"https:\/\/vocerodelpueblo.com\/index.php?rest_route=%2Fwp%2Fv2%2Fcomments&post=20580"}],"version-history":[{"count":1,"href":"https:\/\/vocerodelpueblo.com\/index.php?rest_route=\/wp\/v2\/posts\/20580\/revisions"}],"predecessor-version":[{"id":20584,"href":"https:\/\/vocerodelpueblo.com\/index.php?rest_route=\/wp\/v2\/posts\/20580\/revisions\/20584"}],"wp:featuredmedia":[{"embeddable":true,"href":"https:\/\/vocerodelpueblo.com\/index.php?rest_route=\/wp\/v2\/media\/20582"}],"wp:attachment":[{"href":"https:\/\/vocerodelpueblo.com\/index.php?rest_route=%2Fwp%2Fv2%2Fmedia&parent=20580"}],"wp:term":[{"taxonomy":"category","embeddable":true,"href":"https:\/\/vocerodelpueblo.com\/index.php?rest_route=%2Fwp%2Fv2%2Fcategories&post=20580"},{"taxonomy":"post_tag","embeddable":true,"href":"https:\/\/vocerodelpueblo.com\/index.php?rest_route=%2Fwp%2Fv2%2Ftags&post=20580"}],"curies":[{"name":"wp","href":"https:\/\/api.w.org\/{rel}","templated":true}]}}