{"id":20585,"date":"2025-06-02T17:20:37","date_gmt":"2025-06-02T23:20:37","guid":{"rendered":"https:\/\/vocerodelpueblo.com\/?p=20585"},"modified":"2025-06-04T17:23:02","modified_gmt":"2025-06-04T23:23:02","slug":"gobierno-de-altamira-impulsor-de-energias-limpias","status":"publish","type":"post","link":"https:\/\/vocerodelpueblo.com\/?p=20585","title":{"rendered":"Gobierno de Altamira, impulsor de energ\u00edas limpias"},"content":{"rendered":"\n<p class=\"has-medium-font-size\">*Alcalde Armando Mart\u00ednez encabeza inicio de torre de medici\u00f3n solar<\/p>\n\n\n\n<p class=\"has-medium-font-size\">Consolidando su compromiso con el desarrollo sustentable y la transici\u00f3n energ\u00e9tica, el alcalde de Altamira, Dr. Armando Mart\u00ednez Manr\u00edquez, particip\u00f3 en la puesta en marcha de la Torre de Medici\u00f3n de Recurso Solar, parte del ambicioso Proyecto Solar Fotovoltaico \u201cAltamira\u201d, impulsado por la empresa Cubico Sustainable Investments.<\/p>\n\n\n\n<p class=\"has-medium-font-size\">Durante el evento, celebrado en el sector Camino Vecinal pr\u00f3ximo a la zona conocida como \u201cla T de McAllen\u201d, el presidente municipal destac\u00f3 la relevancia de este tipo de iniciativas para el desarrollo econ\u00f3mico y ambiental del municipio.<\/p>\n\n\n\n<p class=\"has-medium-font-size\">\u201cAltamira se consolida como un actor clave en la atracci\u00f3n de proyectos de energ\u00edas limpias. Esta torre es el primer paso para detonar inversiones sustentables que generar\u00e1n empleo, conocimiento y bienestar para nuestras familias\u201d, expres\u00f3 el edil.<\/p>\n\n\n\n<p class=\"has-medium-font-size\">Acompa\u00f1ando al alcalde, asistieron autoridades estatales como el Subsecretario de Electricidad y Energ\u00eda Renovables, Roberto Rend\u00f3n, en representaci\u00f3n del Secretario de Desarrollo Energ\u00e9tico, Lic. Walter Juli\u00e1n \u00c1ngel Jim\u00e9nez. Por parte de la empresa Cubico M\u00e9xico estuvieron presentes Osvaldo Ranc\u00e9, Director General, y Jos\u00e9 Antonio Soro Ferrer, Director de Desarrollo.<\/p>\n\n\n\n<p class=\"has-medium-font-size\">Asimismo, se cont\u00f3 con la presencia de representantes acad\u00e9micos, entre ellos la Dra. Mara Grassiel Acosta Gonz\u00e1lez, de la Universidad Tecnol\u00f3gica de Altamira, y el Dr. Jes\u00fas Ricardo Ramos S\u00e1nchez, Rector de la Universidad Polit\u00e9cnica de Altamira, instituciones que colaboran activamente a trav\u00e9s de sus programas de Ingenier\u00eda en Energ\u00eda y Desarrollo Sostenible.<\/p>\n\n\n\n<p class=\"has-medium-font-size\">Con esta acci\u00f3n, el gobierno municipal de Altamira respalda y reafirma su visi\u00f3n estrat\u00e9gica para impulsar un desarrollo econ\u00f3mico basado en la innovaci\u00f3n, la sustentabilidad y el aprovechamiento responsable de los recursos naturales.<\/p>\n\n\n\n<figure class=\"wp-block-gallery has-nested-images columns-default is-cropped wp-block-gallery-1 is-layout-flex wp-block-gallery-is-layout-flex\">\n<figure class=\"wp-block-image size-full\"><img loading=\"lazy\" decoding=\"async\" width=\"670\" height=\"446\" data-id=\"20586\" src=\"https:\/\/vocerodelpueblo.com\/wp-content\/uploads\/2025\/06\/WhatsApp-Image-2025-06-02-at-6.42.14-PM.jpg\" alt=\"\" class=\"wp-image-20586\" srcset=\"https:\/\/vocerodelpueblo.com\/wp-content\/uploads\/2025\/06\/WhatsApp-Image-2025-06-02-at-6.42.14-PM.jpg 670w, https:\/\/vocerodelpueblo.com\/wp-content\/uploads\/2025\/06\/WhatsApp-Image-2025-06-02-at-6.42.14-PM-350x233.jpg 350w, https:\/\/vocerodelpueblo.com\/wp-content\/uploads\/2025\/06\/WhatsApp-Image-2025-06-02-at-6.42.14-PM-632x421.jpg 632w\" sizes=\"auto, (max-width: 670px) 100vw, 670px\" \/><\/figure>\n\n\n\n<figure class=\"wp-block-image size-full\"><img loading=\"lazy\" decoding=\"async\" width=\"670\" height=\"377\" data-id=\"20588\" src=\"https:\/\/vocerodelpueblo.com\/wp-content\/uploads\/2025\/06\/WhatsApp-Image-2025-06-02-at-6.41.46-PM.jpg\" alt=\"\" class=\"wp-image-20588\" srcset=\"https:\/\/vocerodelpueblo.com\/wp-content\/uploads\/2025\/06\/WhatsApp-Image-2025-06-02-at-6.41.46-PM.jpg 670w, https:\/\/vocerodelpueblo.com\/wp-content\/uploads\/2025\/06\/WhatsApp-Image-2025-06-02-at-6.41.46-PM-350x197.jpg 350w\" sizes=\"auto, (max-width: 670px) 100vw, 670px\" \/><\/figure>\n\n\n\n<figure class=\"wp-block-image size-full\"><img loading=\"lazy\" decoding=\"async\" width=\"670\" height=\"446\" data-id=\"20587\" src=\"https:\/\/vocerodelpueblo.com\/wp-content\/uploads\/2025\/06\/WhatsApp-Image-2025-06-02-at-6.40.47-PM.jpg\" alt=\"\" class=\"wp-image-20587\" srcset=\"https:\/\/vocerodelpueblo.com\/wp-content\/uploads\/2025\/06\/WhatsApp-Image-2025-06-02-at-6.40.47-PM.jpg 670w, https:\/\/vocerodelpueblo.com\/wp-content\/uploads\/2025\/06\/WhatsApp-Image-2025-06-02-at-6.40.47-PM-350x233.jpg 350w, https:\/\/vocerodelpueblo.com\/wp-content\/uploads\/2025\/06\/WhatsApp-Image-2025-06-02-at-6.40.47-PM-632x421.jpg 632w\" sizes=\"auto, (max-width: 670px) 100vw, 670px\" \/><\/figure>\n<\/figure>\n","protected":false},"excerpt":{"rendered":"<p>*Alcalde Armando Mart\u00ednez encabeza inicio de torre de medici\u00f3n solar Consolidando su compromiso con el desarrollo sustentable y la transici\u00f3n energ\u00e9tica, el alcalde de Altamira, Dr. Armando Mart\u00ednez Manr\u00edquez, particip\u00f3 en la puesta en marcha de la Torre de Medici\u00f3n de Recurso Solar, parte del ambicioso Proyecto Solar Fotovoltaico \u201cAltamira\u201d, impulsado por la empresa Cubico [&hellip;]<\/p>\n","protected":false},"author":2,"featured_media":20587,"comment_status":"closed","ping_status":"closed","sticky":false,"template":"","format":"standard","meta":{"footnotes":""},"categories":[5],"tags":[],"class_list":["post-20585","post","type-post","status-publish","format-standard","has-post-thumbnail","hentry","category-altamira"],"_links":{"self":[{"href":"https:\/\/vocerodelpueblo.com\/index.php?rest_route=\/wp\/v2\/posts\/20585","targetHints":{"allow":["GET"]}}],"collection":[{"href":"https:\/\/vocerodelpueblo.com\/index.php?rest_route=\/wp\/v2\/posts"}],"about":[{"href":"https:\/\/vocerodelpueblo.com\/index.php?rest_route=\/wp\/v2\/types\/post"}],"author":[{"embeddable":true,"href":"https:\/\/vocerodelpueblo.com\/index.php?rest_route=\/wp\/v2\/users\/2"}],"replies":[{"embeddable":true,"href":"https:\/\/vocerodelpueblo.com\/index.php?rest_route=%2Fwp%2Fv2%2Fcomments&post=20585"}],"version-history":[{"count":1,"href":"https:\/\/vocerodelpueblo.com\/index.php?rest_route=\/wp\/v2\/posts\/20585\/revisions"}],"predecessor-version":[{"id":20589,"href":"https:\/\/vocerodelpueblo.com\/index.php?rest_route=\/wp\/v2\/posts\/20585\/revisions\/20589"}],"wp:featuredmedia":[{"embeddable":true,"href":"https:\/\/vocerodelpueblo.com\/index.php?rest_route=\/wp\/v2\/media\/20587"}],"wp:attachment":[{"href":"https:\/\/vocerodelpueblo.com\/index.php?rest_route=%2Fwp%2Fv2%2Fmedia&parent=20585"}],"wp:term":[{"taxonomy":"category","embeddable":true,"href":"https:\/\/vocerodelpueblo.com\/index.php?rest_route=%2Fwp%2Fv2%2Fcategories&post=20585"},{"taxonomy":"post_tag","embeddable":true,"href":"https:\/\/vocerodelpueblo.com\/index.php?rest_route=%2Fwp%2Fv2%2Ftags&post=20585"}],"curies":[{"name":"wp","href":"https:\/\/api.w.org\/{rel}","templated":true}]}}