{"id":20590,"date":"2025-06-02T17:23:16","date_gmt":"2025-06-02T23:23:16","guid":{"rendered":"https:\/\/vocerodelpueblo.com\/?p=20590"},"modified":"2025-06-04T17:26:00","modified_gmt":"2025-06-04T23:26:00","slug":"fortalece-armando-martinez-relacion-puerto-ciudad","status":"publish","type":"post","link":"https:\/\/vocerodelpueblo.com\/?p=20590","title":{"rendered":"Fortalece Armando Mart\u00ednez relaci\u00f3n Puerto-Ciudad"},"content":{"rendered":"\n<p class=\"has-medium-font-size\">*Participa alcalde en conmemoraci\u00f3n del 40 Aniversario del Puerto de Altamira<\/p>\n\n\n\n<p class=\"has-medium-font-size\">En el marco del 40 aniversario del Puerto de Altamira, el presidente municipal, Dr. Armando Mart\u00ednez Manr\u00edquez, particip\u00f3 en la ceremonia conmemorativa, refrendando su compromiso de seguir fortaleciendo la relaci\u00f3n entre el desarrollo portuario y el crecimiento de la ciudad.<\/p>\n\n\n\n<p class=\"has-medium-font-size\">Durante el evento, el alcalde destac\u00f3 la importancia estrat\u00e9gica del puerto como motor econ\u00f3mico de la regi\u00f3n y pieza clave para la competitividad de Altamira en el escenario nacional e internacional.<\/p>\n\n\n\n<p class=\"has-medium-font-size\">\u201cSeguiremos trabajando de la mano de nuestro puerto, fortaleciendo la relaci\u00f3n Puerto-Ciudad para el bienestar de nuestras familias\u201d, expres\u00f3.<\/p>\n\n\n\n<p class=\"has-medium-font-size\">A la ceremonia asistieron destacadas autoridades civiles, navales y portuarias, entre ellas el Vicealmirante retirado Fidel Maldonado L\u00f3pez, Director General de ASIPONA Altamira; el Vicealmirante Miguel Rivas Hern\u00e1ndez, Comandante de la Primera Zona Naval; la presidenta municipal de Tampico, Lic. M\u00f3nica Villarreal Anaya, y el secretario del Ayuntamiento de Ciudad Madero, Lic. H\u00e9ctor Mar\u00edn Rodr\u00edguez, con la representaci\u00f3n del Alcalde Erasmo Gonz\u00e1lez Robledo.<\/p>\n\n\n\n<p class=\"has-medium-font-size\">Tambi\u00e9n estuvieron presentes el Ing. N\u00e9stor Manuel Jim\u00e9nez Barradas, Administrador de la Aduana de Altamira; el Capit\u00e1n de Nav\u00edo Jos\u00e9 Manuel D\u00edaz S\u00e1nchez, Capit\u00e1n del Puerto de Altamira; el Capit\u00e1n de Fragata Luis Montero P\u00e9rez, en representaci\u00f3n de la Unidad de Protecci\u00f3n Portuaria; el Cap. de Alt. \u00d3scar Miguel Ochoa Gorena, Director de la Escuela N\u00e1utica de Tampico; y el Vicealmirante retirado Jaime Herrera Romo, Director General de ASIPONA Tampico.<\/p>\n\n\n\n<p class=\"has-medium-font-size\">El Dr. Armando Mart\u00ednez reiter\u00f3 que su administraci\u00f3n continuar\u00e1 impulsando proyectos conjuntos que consoliden a Altamira como una ciudad moderna, segura y con oportunidades para todos, en sinergia con uno de los puertos industriales m\u00e1s importantes del pa\u00eds.<\/p>\n\n\n\n<figure class=\"wp-block-gallery has-nested-images columns-default is-cropped wp-block-gallery-1 is-layout-flex wp-block-gallery-is-layout-flex\">\n<figure class=\"wp-block-image size-full\"><img loading=\"lazy\" decoding=\"async\" width=\"670\" height=\"446\" data-id=\"20594\" src=\"https:\/\/vocerodelpueblo.com\/wp-content\/uploads\/2025\/06\/WhatsApp-Image-2025-06-02-at-6.44.47-PM.jpg\" alt=\"\" class=\"wp-image-20594\" srcset=\"https:\/\/vocerodelpueblo.com\/wp-content\/uploads\/2025\/06\/WhatsApp-Image-2025-06-02-at-6.44.47-PM.jpg 670w, https:\/\/vocerodelpueblo.com\/wp-content\/uploads\/2025\/06\/WhatsApp-Image-2025-06-02-at-6.44.47-PM-350x233.jpg 350w, https:\/\/vocerodelpueblo.com\/wp-content\/uploads\/2025\/06\/WhatsApp-Image-2025-06-02-at-6.44.47-PM-632x421.jpg 632w\" sizes=\"auto, (max-width: 670px) 100vw, 670px\" \/><\/figure>\n\n\n\n<figure class=\"wp-block-image size-full\"><img loading=\"lazy\" decoding=\"async\" width=\"670\" height=\"446\" data-id=\"20591\" src=\"https:\/\/vocerodelpueblo.com\/wp-content\/uploads\/2025\/06\/WhatsApp-Image-2025-06-02-at-6.43.51-PM.jpg\" alt=\"\" class=\"wp-image-20591\" srcset=\"https:\/\/vocerodelpueblo.com\/wp-content\/uploads\/2025\/06\/WhatsApp-Image-2025-06-02-at-6.43.51-PM.jpg 670w, https:\/\/vocerodelpueblo.com\/wp-content\/uploads\/2025\/06\/WhatsApp-Image-2025-06-02-at-6.43.51-PM-350x233.jpg 350w, https:\/\/vocerodelpueblo.com\/wp-content\/uploads\/2025\/06\/WhatsApp-Image-2025-06-02-at-6.43.51-PM-632x421.jpg 632w\" sizes=\"auto, (max-width: 670px) 100vw, 670px\" \/><\/figure>\n\n\n\n<figure class=\"wp-block-image size-full\"><img loading=\"lazy\" decoding=\"async\" width=\"670\" height=\"446\" data-id=\"20592\" src=\"https:\/\/vocerodelpueblo.com\/wp-content\/uploads\/2025\/06\/WhatsApp-Image-2025-06-02-at-6.43.34-PM.jpg\" alt=\"\" class=\"wp-image-20592\" srcset=\"https:\/\/vocerodelpueblo.com\/wp-content\/uploads\/2025\/06\/WhatsApp-Image-2025-06-02-at-6.43.34-PM.jpg 670w, https:\/\/vocerodelpueblo.com\/wp-content\/uploads\/2025\/06\/WhatsApp-Image-2025-06-02-at-6.43.34-PM-350x233.jpg 350w, https:\/\/vocerodelpueblo.com\/wp-content\/uploads\/2025\/06\/WhatsApp-Image-2025-06-02-at-6.43.34-PM-632x421.jpg 632w\" sizes=\"auto, (max-width: 670px) 100vw, 670px\" \/><\/figure>\n<\/figure>\n","protected":false},"excerpt":{"rendered":"<p>*Participa alcalde en conmemoraci\u00f3n del 40 Aniversario del Puerto de Altamira En el marco del 40 aniversario del Puerto de Altamira, el presidente municipal, Dr. Armando Mart\u00ednez Manr\u00edquez, particip\u00f3 en la ceremonia conmemorativa, refrendando su compromiso de seguir fortaleciendo la relaci\u00f3n entre el desarrollo portuario y el crecimiento de la ciudad. Durante el evento, el [&hellip;]<\/p>\n","protected":false},"author":2,"featured_media":20593,"comment_status":"closed","ping_status":"closed","sticky":false,"template":"","format":"standard","meta":{"footnotes":""},"categories":[5],"tags":[],"class_list":["post-20590","post","type-post","status-publish","format-standard","has-post-thumbnail","hentry","category-altamira"],"_links":{"self":[{"href":"https:\/\/vocerodelpueblo.com\/index.php?rest_route=\/wp\/v2\/posts\/20590","targetHints":{"allow":["GET"]}}],"collection":[{"href":"https:\/\/vocerodelpueblo.com\/index.php?rest_route=\/wp\/v2\/posts"}],"about":[{"href":"https:\/\/vocerodelpueblo.com\/index.php?rest_route=\/wp\/v2\/types\/post"}],"author":[{"embeddable":true,"href":"https:\/\/vocerodelpueblo.com\/index.php?rest_route=\/wp\/v2\/users\/2"}],"replies":[{"embeddable":true,"href":"https:\/\/vocerodelpueblo.com\/index.php?rest_route=%2Fwp%2Fv2%2Fcomments&post=20590"}],"version-history":[{"count":1,"href":"https:\/\/vocerodelpueblo.com\/index.php?rest_route=\/wp\/v2\/posts\/20590\/revisions"}],"predecessor-version":[{"id":20595,"href":"https:\/\/vocerodelpueblo.com\/index.php?rest_route=\/wp\/v2\/posts\/20590\/revisions\/20595"}],"wp:featuredmedia":[{"embeddable":true,"href":"https:\/\/vocerodelpueblo.com\/index.php?rest_route=\/wp\/v2\/media\/20593"}],"wp:attachment":[{"href":"https:\/\/vocerodelpueblo.com\/index.php?rest_route=%2Fwp%2Fv2%2Fmedia&parent=20590"}],"wp:term":[{"taxonomy":"category","embeddable":true,"href":"https:\/\/vocerodelpueblo.com\/index.php?rest_route=%2Fwp%2Fv2%2Fcategories&post=20590"},{"taxonomy":"post_tag","embeddable":true,"href":"https:\/\/vocerodelpueblo.com\/index.php?rest_route=%2Fwp%2Fv2%2Ftags&post=20590"}],"curies":[{"name":"wp","href":"https:\/\/api.w.org\/{rel}","templated":true}]}}