{"id":20613,"date":"2025-06-03T20:08:07","date_gmt":"2025-06-04T02:08:07","guid":{"rendered":"https:\/\/vocerodelpueblo.com\/?p=20613"},"modified":"2025-06-04T20:10:19","modified_gmt":"2025-06-05T02:10:19","slug":"prepara-la-uat-congreso-estatal-de-buenas-practicas-educativas","status":"publish","type":"post","link":"https:\/\/vocerodelpueblo.com\/?p=20613","title":{"rendered":"Prepara la UAT Congreso Estatal de Buenas Pr\u00e1cticas Educativas"},"content":{"rendered":"\n<p class=\"has-medium-font-size\">La convocatoria est\u00e1 abierta a la participaci\u00f3n de maestras y maestros de todas las instituciones de educaci\u00f3n media superior y superior de Tamaulipas.<br>Con el compromiso de fortalecer la calidad educativa en los niveles de educaci\u00f3n Media Superior y Superior, la Universidad Aut\u00f3noma de Tamaulipas (UAT), en colaboraci\u00f3n con el Gobierno del Estado, a trav\u00e9s de la Secretar\u00eda de Educaci\u00f3n, organiza el Congreso Estatal de Buenas Pr\u00e1cticas Educativas, a celebrarse los d\u00edas 26 y 27 de agosto en Ciudad Victoria.<br>Como parte de las iniciativas institucionales que impulsa el rector de la UAT, D\u00e1maso Anaya Alvarado, este encuentro acad\u00e9mico tiene como prop\u00f3sito ofrecer un espacio para el an\u00e1lisis, el di\u00e1logo y la reflexi\u00f3n sobre las mejores pr\u00e1cticas educativas implementadas por docentes, con el fin de consolidar una ense\u00f1anza m\u00e1s pertinente, innovadora y transformadora.<br>En conjunto con las pol\u00edticas educativas del Gobierno del Estado de Tamaulipas, el evento busca reunir la participaci\u00f3n de maestras y maestros de Bachillerato y Licenciatura, para compartir y difundir experiencias exitosas, fortalecer el compromiso docente e impulsar una mejora continua en la formaci\u00f3n acad\u00e9mica de la comunidad estudiantil de la entidad.<br>El Congreso, que tendr\u00e1 como sede el Polyforum Dr. Rodolfo Torre Cant\u00fa, se desarrollar\u00e1 mediante conferencias, paneles de discusi\u00f3n, presentaciones y mesas de trabajo, para lo cual la convocatoria se encuentra abierta invitando a todas y todos los docentes interesados a compartir sus buenas pr\u00e1cticas educativas m\u00e1s significativas.<br>Contempla dos modalidades de participaci\u00f3n: como ponente, cuya contribuci\u00f3n ser\u00e1 incluida en una Memoria Digital; y como asistente, ofreciendo a cada participante la posibilidad de integrarse al di\u00e1logo pedag\u00f3gico desde sus propias experiencias, intereses y aportaciones al \u00e1mbito educativo.<br>Las propuestas deber\u00e1n centrarse en alguna de las siete mesas tem\u00e1ticas: Ense\u00f1anza humanista y responsabilidad social educativa; Evaluaci\u00f3n de los aprendizajes; Uso de la inteligencia artificial en la educaci\u00f3n; Tutor\u00edas y asesor\u00edas para la mejora acad\u00e9mica; Formaci\u00f3n Dual, Profesionalizaci\u00f3n de la Docencia; e Innovaci\u00f3n Educativa.<br>La recepci\u00f3n de ponencias se encuentra abierta y concluir\u00e1 el pr\u00f3ximo 11 de julio. Por su parte, el registro para participar como asistente est\u00e1 disponible y permanecer\u00e1 habilitado hasta el d\u00eda del evento.<br>El proceso de inscripci\u00f3n se deber\u00e1 realizar a trav\u00e9s del sitio oficial del Congreso <strong>https:\/\/buenaspracticaseducativas.uat.edu.mx;<\/strong> y para mayores informes pueden consultar la p\u00e1gina oficial o escribir al correo electr\u00f3nico: <strong>buenaspracticasedu@uat.edu.mx.<\/strong><\/p>\n\n\n\n<p><\/p>\n","protected":false},"excerpt":{"rendered":"<p>La convocatoria est\u00e1 abierta a la participaci\u00f3n de maestras y maestros de todas las instituciones de educaci\u00f3n media superior y superior de Tamaulipas.Con el compromiso de fortalecer la calidad educativa en los niveles de educaci\u00f3n Media Superior y Superior, la Universidad Aut\u00f3noma de Tamaulipas (UAT), en colaboraci\u00f3n con el Gobierno del Estado, a trav\u00e9s de [&hellip;]<\/p>\n","protected":false},"author":2,"featured_media":20614,"comment_status":"closed","ping_status":"closed","sticky":false,"template":"","format":"standard","meta":{"footnotes":""},"categories":[14],"tags":[],"class_list":["post-20613","post","type-post","status-publish","format-standard","has-post-thumbnail","hentry","category-uat"],"_links":{"self":[{"href":"https:\/\/vocerodelpueblo.com\/index.php?rest_route=\/wp\/v2\/posts\/20613","targetHints":{"allow":["GET"]}}],"collection":[{"href":"https:\/\/vocerodelpueblo.com\/index.php?rest_route=\/wp\/v2\/posts"}],"about":[{"href":"https:\/\/vocerodelpueblo.com\/index.php?rest_route=\/wp\/v2\/types\/post"}],"author":[{"embeddable":true,"href":"https:\/\/vocerodelpueblo.com\/index.php?rest_route=\/wp\/v2\/users\/2"}],"replies":[{"embeddable":true,"href":"https:\/\/vocerodelpueblo.com\/index.php?rest_route=%2Fwp%2Fv2%2Fcomments&post=20613"}],"version-history":[{"count":1,"href":"https:\/\/vocerodelpueblo.com\/index.php?rest_route=\/wp\/v2\/posts\/20613\/revisions"}],"predecessor-version":[{"id":20615,"href":"https:\/\/vocerodelpueblo.com\/index.php?rest_route=\/wp\/v2\/posts\/20613\/revisions\/20615"}],"wp:featuredmedia":[{"embeddable":true,"href":"https:\/\/vocerodelpueblo.com\/index.php?rest_route=\/wp\/v2\/media\/20614"}],"wp:attachment":[{"href":"https:\/\/vocerodelpueblo.com\/index.php?rest_route=%2Fwp%2Fv2%2Fmedia&parent=20613"}],"wp:term":[{"taxonomy":"category","embeddable":true,"href":"https:\/\/vocerodelpueblo.com\/index.php?rest_route=%2Fwp%2Fv2%2Fcategories&post=20613"},{"taxonomy":"post_tag","embeddable":true,"href":"https:\/\/vocerodelpueblo.com\/index.php?rest_route=%2Fwp%2Fv2%2Ftags&post=20613"}],"curies":[{"name":"wp","href":"https:\/\/api.w.org\/{rel}","templated":true}]}}