{"id":20627,"date":"2025-06-03T20:38:24","date_gmt":"2025-06-04T02:38:24","guid":{"rendered":"https:\/\/vocerodelpueblo.com\/?p=20627"},"modified":"2025-06-04T20:41:57","modified_gmt":"2025-06-05T02:41:57","slug":"tampico-reafirma-su-compromiso-con-la-inclusion-y-la-diversidad","status":"publish","type":"post","link":"https:\/\/vocerodelpueblo.com\/?p=20627","title":{"rendered":"Tampico reafirma su compromiso con la inclusi\u00f3n y la diversidad"},"content":{"rendered":"\n<p class=\"has-medium-font-size\">Con orgullo y compromiso, el Gobierno Municipal de Tampico, encabezado por la alcaldesa M\u00f3nica Villarreal Anaya, llev\u00f3 a cabo a trav\u00e9s de la Secretar\u00eda de Cultura, la pinta del cruce peatonal en Bulevard Fidel Vel\u00e1zquez frente a la Rueda de la Fortuna, en un acto simb\u00f3lico de inclusi\u00f3n, respeto y visibilidad para la comunidad LGBTIQ+.<\/p>\n\n\n\n<p class=\"has-medium-font-size\">Este espacio p\u00fablico ser\u00e1 transformado temporalmente en el marco del Festival del Orgullo Tampico 2025, y servir\u00e1 como recordatorio vibrante del compromiso con la comunidad y sus luchas por la justicia y el reconocimiento.<\/p>\n\n\n\n<p class=\"has-medium-font-size\">Durante su mensaje, la Presidenta Municipal de Tampico, M\u00f3nica Villarreal Anaya subray\u00f3 que el mes de junio siempre se ha distinguido por esas marchas de reivindicaci\u00f3n social y de respeto social que hace la comunidad LGBTIQ+.<\/p>\n\n\n\n<p class=\"has-medium-font-size\">\u00abEstamos conscientes de esa diversidad en nuestro municipio, sabemos que existe esa gran lucha de a\u00f1os por ser visibilizados y poder gozar de los mismos derechos en muchos sentidos de quienes somos heterosexuales. Hoy esta acci\u00f3n que vamos a tomar de la pinta de un paso de cebra de colores, es un testimonio de respeto, y reconocimiento a quienes tienen otras maneras de expresar su personalidad\u00bb.<\/p>\n\n\n\n<p class=\"has-medium-font-size\">Villarreal Anaya reconoci\u00f3 que a\u00fan existen demandas sentidas de muchos a\u00f1os que requieren atenci\u00f3n y reafirm\u00f3 que su administraci\u00f3n trabajar\u00e1 de manera constante y cercana con quienes viven realidades muchas veces invisibilizadas.<\/p>\n\n\n\n<p class=\"has-medium-font-size\">\u00abBuscamos que cada persona que transite por este espacio tenga un momento de reflexi\u00f3n. En una sociedad moderna, la inclusi\u00f3n y la empat\u00eda deben ser pilares fundamentales, hoy no solo pintamos un paso de cebra; damos un paso hacia una sociedad m\u00e1s justa, igualitaria y respetuosa\u00bb.<\/p>\n\n\n\n<p class=\"has-medium-font-size\">Asimismo reiter\u00f3 que su administraci\u00f3n trabajar\u00e1 de la mano para propiciar esa igualdad.<\/p>\n\n\n\n<p class=\"has-medium-font-size\">Por su parte, la Regidora Presidenta de la Comisi\u00f3n de Igualdad y Equidad de G\u00e9nero, Lorena Ort\u00edz Ram\u00edrez, agradeci\u00f3 a la primera autoridad del municipio por su inclusi\u00f3n y compromiso con todos, y reiter\u00f3 su respaldo para seguir trabajando por el bienestar de todos los ciudadanos.<\/p>\n\n\n\n<p class=\"has-medium-font-size\">En este evento estuvieron presentes; Viridiana Flores Cisneros, en representaci\u00f3n del Secretario de Cultura David Rodr\u00edguez de la Pe\u00f1a; Karime C\u00e1mara Cha\u00edn, directora de Turismo; H\u00e9ctor Manuel Rodr\u00edguez Silva, comandante y encargado de la Secretar\u00eda de Tr\u00e1nsito y Vialidad; adem\u00e1s de s\u00edndicos, regidores, directores municipales y asociaciones civiles.<\/p>\n","protected":false},"excerpt":{"rendered":"<p>Con orgullo y compromiso, el Gobierno Municipal de Tampico, encabezado por la alcaldesa M\u00f3nica Villarreal Anaya, llev\u00f3 a cabo a trav\u00e9s de la Secretar\u00eda de Cultura, la pinta del cruce peatonal en Bulevard Fidel Vel\u00e1zquez frente a la Rueda de la Fortuna, en un acto simb\u00f3lico de inclusi\u00f3n, respeto y visibilidad para la comunidad LGBTIQ+. [&hellip;]<\/p>\n","protected":false},"author":2,"featured_media":20628,"comment_status":"closed","ping_status":"closed","sticky":false,"template":"","format":"standard","meta":{"footnotes":""},"categories":[3],"tags":[],"class_list":["post-20627","post","type-post","status-publish","format-standard","has-post-thumbnail","hentry","category-tampico"],"_links":{"self":[{"href":"https:\/\/vocerodelpueblo.com\/index.php?rest_route=\/wp\/v2\/posts\/20627","targetHints":{"allow":["GET"]}}],"collection":[{"href":"https:\/\/vocerodelpueblo.com\/index.php?rest_route=\/wp\/v2\/posts"}],"about":[{"href":"https:\/\/vocerodelpueblo.com\/index.php?rest_route=\/wp\/v2\/types\/post"}],"author":[{"embeddable":true,"href":"https:\/\/vocerodelpueblo.com\/index.php?rest_route=\/wp\/v2\/users\/2"}],"replies":[{"embeddable":true,"href":"https:\/\/vocerodelpueblo.com\/index.php?rest_route=%2Fwp%2Fv2%2Fcomments&post=20627"}],"version-history":[{"count":1,"href":"https:\/\/vocerodelpueblo.com\/index.php?rest_route=\/wp\/v2\/posts\/20627\/revisions"}],"predecessor-version":[{"id":20629,"href":"https:\/\/vocerodelpueblo.com\/index.php?rest_route=\/wp\/v2\/posts\/20627\/revisions\/20629"}],"wp:featuredmedia":[{"embeddable":true,"href":"https:\/\/vocerodelpueblo.com\/index.php?rest_route=\/wp\/v2\/media\/20628"}],"wp:attachment":[{"href":"https:\/\/vocerodelpueblo.com\/index.php?rest_route=%2Fwp%2Fv2%2Fmedia&parent=20627"}],"wp:term":[{"taxonomy":"category","embeddable":true,"href":"https:\/\/vocerodelpueblo.com\/index.php?rest_route=%2Fwp%2Fv2%2Fcategories&post=20627"},{"taxonomy":"post_tag","embeddable":true,"href":"https:\/\/vocerodelpueblo.com\/index.php?rest_route=%2Fwp%2Fv2%2Ftags&post=20627"}],"curies":[{"name":"wp","href":"https:\/\/api.w.org\/{rel}","templated":true}]}}