{"id":20944,"date":"2025-06-14T21:03:29","date_gmt":"2025-06-15T03:03:29","guid":{"rendered":"https:\/\/vocerodelpueblo.com\/?p=20944"},"modified":"2025-06-19T21:06:29","modified_gmt":"2025-06-20T03:06:29","slug":"confirma-comapa-sur-su-compromiso-con-la-salud-al-obtener-certificacion-como-espacio-libre-de-humo-de-tabaco","status":"publish","type":"post","link":"https:\/\/vocerodelpueblo.com\/?p=20944","title":{"rendered":"Confirma COMAPA Sur su compromiso con la salud al obtener certificaci\u00f3n como espacio libre de humo de tabaco"},"content":{"rendered":"\n<p class=\"has-medium-font-size\">COMAPA Sur recibi\u00f3 la certificaci\u00f3n como Espacio 100% Libre de Humo de Tabaco y Emisiones, debido al esfuerzo realizado para promover entornos laborales m\u00e1s sanos y seguros, implementando medidas para fomentar h\u00e1bitos saludables entre sus trabajadores, como parte de una pol\u00edtica institucional comprometida con la salud.<\/p>\n\n\n\n<p class=\"has-medium-font-size\">La certificaci\u00f3n fue entregada por el Dr. Mario Alberto Rebolledo Urcadiz, comisionado estatal para la protecci\u00f3n contra riesgos sanitarios, la cual fortalece la cultura organizacional de COMAPA Sur, aline\u00e1ndola con los objetivos de salud p\u00fablica impulsados por el Gobierno del Estado.<\/p>\n\n\n\n<p class=\"has-medium-font-size\">En el evento, estuvieron presentes, el Lic. Sergio Luis Villarreal Brictson, gerente administrativo, en representaci\u00f3n del Mtro. Francisco Jos\u00e9 Gonz\u00e1lez Casanova, gerente general; el Dr. Mario Alberto Rebolledo Urcadiz, comisionado estatal para la Protecci\u00f3n contra Riesgos Sanitarios; el M.V.Z. Nicol\u00e1s Berumen \u00c1valos, coordinador de la COEPRIS Tampico; el Ing. Fernando Rodr\u00edguez Almaguer, gerente comercial; el Ing. Humberto Olivo Quintero, gerente t\u00e9cnico, as\u00ed como invitados especiales de la COEPRIS Estatal y de COMAPA Sur.<\/p>\n\n\n\n<p class=\"has-medium-font-size\">En representaci\u00f3n del gerente general, el Lic. Sergio Luis Villarreal Brictson, se\u00f1al\u00f3 que COMAPA Sur ha asumido este compromiso, implementando acciones que favorecen h\u00e1bitos saludables y reducen la exposici\u00f3n a factores de riesgo, de acuerdo a las pol\u00edticas de la promoci\u00f3n de la salud, impulsadas por el gobernador, Dr. Am\u00e9rico Villarreal Anaya.<\/p>\n\n\n\n<p class=\"has-medium-font-size\">Por su parte, el Dr. Mario Alberto Rebolledo Urcadiz, comisionado estatal para la Protecci\u00f3n contra Riesgos Sanitarios, subray\u00f3 la importancia de replicar este tipo de iniciativas en otras dependencias p\u00fablicas, destacando que la certificaci\u00f3n de COMAPA Sur es un ejemplo del avance hacia espacios m\u00e1s seguros, donde se da prioridad a la salud de los trabajadores.<\/p>\n\n\n\n<p class=\"has-medium-font-size\">Con esta acci\u00f3n, COMAPA Sur consolida su responsabilidad social y refuerza el compromiso con su personal, al mismo tiempo que se suma a las pol\u00edticas estatales de prevenci\u00f3n y promoci\u00f3n de la salud en los centros de trabajo.<\/p>\n\n\n\n<figure class=\"wp-block-gallery has-nested-images columns-default is-cropped wp-block-gallery-1 is-layout-flex wp-block-gallery-is-layout-flex\">\n<figure class=\"wp-block-image size-full\"><img loading=\"lazy\" decoding=\"async\" width=\"900\" height=\"600\" data-id=\"20945\" src=\"https:\/\/vocerodelpueblo.com\/wp-content\/uploads\/2025\/06\/WhatsApp-Image-2025-06-13-at-3.56.52-PM.jpg\" alt=\"\" class=\"wp-image-20945\" srcset=\"https:\/\/vocerodelpueblo.com\/wp-content\/uploads\/2025\/06\/WhatsApp-Image-2025-06-13-at-3.56.52-PM.jpg 900w, https:\/\/vocerodelpueblo.com\/wp-content\/uploads\/2025\/06\/WhatsApp-Image-2025-06-13-at-3.56.52-PM-350x233.jpg 350w, https:\/\/vocerodelpueblo.com\/wp-content\/uploads\/2025\/06\/WhatsApp-Image-2025-06-13-at-3.56.52-PM-632x421.jpg 632w\" sizes=\"auto, (max-width: 900px) 100vw, 900px\" \/><\/figure>\n\n\n\n<figure class=\"wp-block-image size-full\"><img loading=\"lazy\" decoding=\"async\" width=\"880\" height=\"586\" data-id=\"20947\" src=\"https:\/\/vocerodelpueblo.com\/wp-content\/uploads\/2025\/06\/WhatsApp-Image-2025-06-13-at-3.56.51-PM.jpg\" alt=\"\" class=\"wp-image-20947\" srcset=\"https:\/\/vocerodelpueblo.com\/wp-content\/uploads\/2025\/06\/WhatsApp-Image-2025-06-13-at-3.56.51-PM.jpg 880w, https:\/\/vocerodelpueblo.com\/wp-content\/uploads\/2025\/06\/WhatsApp-Image-2025-06-13-at-3.56.51-PM-350x233.jpg 350w, https:\/\/vocerodelpueblo.com\/wp-content\/uploads\/2025\/06\/WhatsApp-Image-2025-06-13-at-3.56.51-PM-632x421.jpg 632w\" sizes=\"auto, (max-width: 880px) 100vw, 880px\" \/><\/figure>\n<\/figure>\n","protected":false},"excerpt":{"rendered":"<p>COMAPA Sur recibi\u00f3 la certificaci\u00f3n como Espacio 100% Libre de Humo de Tabaco y Emisiones, debido al esfuerzo realizado para promover entornos laborales m\u00e1s sanos y seguros, implementando medidas para fomentar h\u00e1bitos saludables entre sus trabajadores, como parte de una pol\u00edtica institucional comprometida con la salud. La certificaci\u00f3n fue entregada por el Dr. Mario Alberto [&hellip;]<\/p>\n","protected":false},"author":2,"featured_media":20946,"comment_status":"closed","ping_status":"closed","sticky":false,"template":"","format":"standard","meta":{"footnotes":""},"categories":[2],"tags":[],"class_list":["post-20944","post","type-post","status-publish","format-standard","has-post-thumbnail","hentry","category-zonaconurbada"],"_links":{"self":[{"href":"https:\/\/vocerodelpueblo.com\/index.php?rest_route=\/wp\/v2\/posts\/20944","targetHints":{"allow":["GET"]}}],"collection":[{"href":"https:\/\/vocerodelpueblo.com\/index.php?rest_route=\/wp\/v2\/posts"}],"about":[{"href":"https:\/\/vocerodelpueblo.com\/index.php?rest_route=\/wp\/v2\/types\/post"}],"author":[{"embeddable":true,"href":"https:\/\/vocerodelpueblo.com\/index.php?rest_route=\/wp\/v2\/users\/2"}],"replies":[{"embeddable":true,"href":"https:\/\/vocerodelpueblo.com\/index.php?rest_route=%2Fwp%2Fv2%2Fcomments&post=20944"}],"version-history":[{"count":1,"href":"https:\/\/vocerodelpueblo.com\/index.php?rest_route=\/wp\/v2\/posts\/20944\/revisions"}],"predecessor-version":[{"id":20948,"href":"https:\/\/vocerodelpueblo.com\/index.php?rest_route=\/wp\/v2\/posts\/20944\/revisions\/20948"}],"wp:featuredmedia":[{"embeddable":true,"href":"https:\/\/vocerodelpueblo.com\/index.php?rest_route=\/wp\/v2\/media\/20946"}],"wp:attachment":[{"href":"https:\/\/vocerodelpueblo.com\/index.php?rest_route=%2Fwp%2Fv2%2Fmedia&parent=20944"}],"wp:term":[{"taxonomy":"category","embeddable":true,"href":"https:\/\/vocerodelpueblo.com\/index.php?rest_route=%2Fwp%2Fv2%2Fcategories&post=20944"},{"taxonomy":"post_tag","embeddable":true,"href":"https:\/\/vocerodelpueblo.com\/index.php?rest_route=%2Fwp%2Fv2%2Ftags&post=20944"}],"curies":[{"name":"wp","href":"https:\/\/api.w.org\/{rel}","templated":true}]}}