{"id":21,"date":"2016-04-10T01:59:59","date_gmt":"2016-04-10T06:59:59","guid":{"rendered":"http:\/\/vocerodelpueblo.com\/?p=21"},"modified":"2016-04-16T02:16:01","modified_gmt":"2016-04-16T07:16:01","slug":"designan-al-cap-miguel-angel-santiago-cristobal-como-nuevo-director-de-transito-y-vialidad","status":"publish","type":"post","link":"https:\/\/vocerodelpueblo.com\/?p=21","title":{"rendered":"DESIGNAN AL CAP. MIGUEL \u00c1NGEL SANTIAGO CRIST\u00d3BAL COMO NUEVO DIRECTOR DE TR\u00c1NSITO Y VIALIDAD"},"content":{"rendered":"<p>*Santiago Crist\u00f3bal, militar retirado, ha cumplido con los ex\u00e1menes expedidos por el Centro Estatal de Evaluaci\u00f3n y Control de Confianza del Gobierno del Estado de Tamaulipas, prestando adem\u00e1s sus servicios en el Ej\u00e9rcito y Fuerza A\u00e9rea Mexicanos de la Sedena<\/p>\n<p>*Por instrucciones del alcalde Gustavo Torres, se ha establecido en esa corporaci\u00f3n vial un sistema de rotaci\u00f3n de altos mandos para evitar vicios o situaciones c\u00f3modas<\/p>\n<p>Por unanimidad, fue aprobada por el cabildo de Tampico la designaci\u00f3n del capit\u00e1n segundo de la Fuerza A\u00e9rea retirado, Miguel \u00c1ngel Santiago Crist\u00f3bal como nuevo director de Tr\u00e1nsito y Vialidad, en sustituci\u00f3n del capit\u00e1n Enrique Jos\u00e9 Pav\u00f3n Enciso, si\u00e9ndole tomada la protesta correspondiente durante la sesi\u00f3n ordinaria de cabildo n\u00famero 67.<\/p>\n<p>El presidente municipal de Tampico, Gustavo Torres Salinas, indic\u00f3 que la presente administraci\u00f3n ha estado muy al pendiente de las actividades de la Direcci\u00f3n de Tr\u00e1nsito y Vialidad, realizando acciones contundentes para que sea una dependencia eficiente y sobre todo, confiable, otorgando mejores salarios y prestaciones a su personal, por lo que se exige un trabajo honrado y transparente en esa corporaci\u00f3n.<\/p>\n<p><img loading=\"lazy\" decoding=\"async\" class=\"alignleft\" src=\"http:\/\/www.tampico.gob.mx\/comunicados\/2015\/agosto\/1369\/200\/2%20(Custom).JPG\" alt=\"\" width=\"200\" height=\"133\" \/><\/p>\n<p>\u201cComo parte de esa necesidad de cambio, hemos propiciado un sistema de rotaci\u00f3n de altos mandos para evitar vicios o situaciones c\u00f3modas. Por eso dispuse el cambio del director y con pleno respeto a las disposiciones legales, antes de que asuma el cargo, se los propongo para que ustedes apoyen esta moci\u00f3n y si as\u00ed lo determinan, lo designemos colegiadamente como nuevo funcionario de la corporaci\u00f3n\u2019\u2019, mencion\u00f3.<\/p>\n<p>Santiago Crist\u00f3bal, quien hab\u00eda sido propuesto al cargo por el alcalde Gustavo Torres Salinas, ha prestado sus servicios en el Ej\u00e9rcito y Fuerza A\u00e9rea Mexicanos de la Secretar\u00eda de la Defensa Nacional como jefe de Dep\u00f3sitos de Armamento A\u00e9reo, Terrestre y Municiones en las diferentes unidades en las que estuvo adscrito, adem\u00e1s de que ha cumplido con los ex\u00e1menes de control y confianza expedidos por el Centro Estatal de Evaluaci\u00f3n y Control de Confianza del Gobierno del Estado de Tamaulipas.<\/p>\n<p>El secretario del Ayuntamiento, Juan Carlos Ley Fong, dio lectura al curriculum del capit\u00e1n Miguel \u00c1ngel Santiago Crist\u00f3bal, quien tiene amplia experiencia acad\u00e9mica-militar y laboral, al participar en diferentes cursos de formaci\u00f3n en armamento a\u00e9reo (con conocimientos en desarme, arme, reconocimiento, mantenimiento, almacenamiento y control de todo tipo de armamento del instituto armado), as\u00ed como de instructor de tiro con armas largas y cortas, b\u00e1sico de protecci\u00f3n a funcionarios p\u00fablicos, de Derechos Humanos y Protecci\u00f3n Civil, bal\u00edstica, seguridad f\u00edsica a instalaciones vitales, contando tambi\u00e9n con capacidad para el manejo directo de personal y responsabilidades administrativas a nivel corporaci\u00f3n.<\/p>\n<p>Al ser sometida su designaci\u00f3n a votaci\u00f3n, los concejales la aprobaron por unanimidad, por lo que el alcalde Gustavo Torres procedi\u00f3 a tomarle la protesta de Ley al capit\u00e1n Miguel \u00c1ngel Santiago Crist\u00f3bal , a quien exhort\u00f3 desempe\u00f1ar con lealtad, eficiencia, honestidad y patriotismo, el cargo de director de Tr\u00e1nsito y Vialidad.<\/p>\n<p>De igual manera, el jefe edilicio instruy\u00f3 al contralor municipal, Javier Mart\u00ednez Guill\u00e9n, para que se efectuara la elaboraci\u00f3n del acta de entrega-recepci\u00f3n correspondiente en Tr\u00e1nsito y Vialidad<\/p>\n","protected":false},"excerpt":{"rendered":"<p>*Santiago Crist\u00f3bal, militar retirado, ha cumplido con los ex\u00e1menes expedidos por el Centro Estatal de Evaluaci\u00f3n y Control de Confianza del Gobierno del Estado de Tamaulipas, prestando adem\u00e1s sus servicios en el Ej\u00e9rcito y Fuerza A\u00e9rea Mexicanos de la Sedena *Por instrucciones del alcalde Gustavo Torres, se ha establecido en esa corporaci\u00f3n vial un sistema [&hellip;]<\/p>\n","protected":false},"author":1,"featured_media":22,"comment_status":"open","ping_status":"open","sticky":false,"template":"","format":"standard","meta":{"footnotes":""},"categories":[2,3],"tags":[],"class_list":["post-21","post","type-post","status-publish","format-standard","has-post-thumbnail","hentry","category-zonaconurbada","category-tampico"],"_links":{"self":[{"href":"https:\/\/vocerodelpueblo.com\/index.php?rest_route=\/wp\/v2\/posts\/21","targetHints":{"allow":["GET"]}}],"collection":[{"href":"https:\/\/vocerodelpueblo.com\/index.php?rest_route=\/wp\/v2\/posts"}],"about":[{"href":"https:\/\/vocerodelpueblo.com\/index.php?rest_route=\/wp\/v2\/types\/post"}],"author":[{"embeddable":true,"href":"https:\/\/vocerodelpueblo.com\/index.php?rest_route=\/wp\/v2\/users\/1"}],"replies":[{"embeddable":true,"href":"https:\/\/vocerodelpueblo.com\/index.php?rest_route=%2Fwp%2Fv2%2Fcomments&post=21"}],"version-history":[{"count":1,"href":"https:\/\/vocerodelpueblo.com\/index.php?rest_route=\/wp\/v2\/posts\/21\/revisions"}],"predecessor-version":[{"id":23,"href":"https:\/\/vocerodelpueblo.com\/index.php?rest_route=\/wp\/v2\/posts\/21\/revisions\/23"}],"wp:featuredmedia":[{"embeddable":true,"href":"https:\/\/vocerodelpueblo.com\/index.php?rest_route=\/wp\/v2\/media\/22"}],"wp:attachment":[{"href":"https:\/\/vocerodelpueblo.com\/index.php?rest_route=%2Fwp%2Fv2%2Fmedia&parent=21"}],"wp:term":[{"taxonomy":"category","embeddable":true,"href":"https:\/\/vocerodelpueblo.com\/index.php?rest_route=%2Fwp%2Fv2%2Fcategories&post=21"},{"taxonomy":"post_tag","embeddable":true,"href":"https:\/\/vocerodelpueblo.com\/index.php?rest_route=%2Fwp%2Fv2%2Ftags&post=21"}],"curies":[{"name":"wp","href":"https:\/\/api.w.org\/{rel}","templated":true}]}}