{"id":21199,"date":"2025-07-03T13:52:24","date_gmt":"2025-07-03T19:52:24","guid":{"rendered":"https:\/\/vocerodelpueblo.com\/?p=21199"},"modified":"2025-07-09T13:55:39","modified_gmt":"2025-07-09T19:55:39","slug":"intensifica-gobierno-de-altamira-acciones-de-limpieza-en-el-estero-el-camalote","status":"publish","type":"post","link":"https:\/\/vocerodelpueblo.com\/?p=21199","title":{"rendered":"Intensifica Gobierno de Altamira acciones de limpieza en el estero El Camalote"},"content":{"rendered":"\n<p class=\"has-medium-font-size\">*Refuerzan trabajos para permitir el flujo del agua y prevenir inundaciones; habilitan albergue en Ejido Cruz Grande<\/p>\n\n\n\n<p class=\"has-medium-font-size\">Ante el incremento en el nivel del r\u00edo Tames\u00ed, el gobierno municipal de Altamira, encabezado por el alcalde Dr. Armando Mart\u00ednez Manr\u00edquez, intensific\u00f3 los trabajos de limpieza en el estero El Camalote con el objetivo de evitar bloqueos que impidan el desfogue del agua hacia el Moralillo y el r\u00edo P\u00e1nuco.<\/p>\n\n\n\n<p class=\"has-medium-font-size\">Con el apoyo de una retroexcavadora y un chal\u00e1n, personal operativo trabaja en el retiro de palizadas y sedimentos acumulados en el dique, lo que ha permitido mejorar el flujo h\u00eddrico en esta zona.<\/p>\n\n\n\n<p class=\"has-medium-font-size\">\u201cSeguimos supervisando los trabajos en el dique El Camalote para evitar bloqueos y que pueda seguir fluyendo el agua. Aqu\u00ed estaremos de manera permanente trabajando para evitar que se obstruya el paso del agua\u201d, afirm\u00f3 el alcalde durante un recorrido por el \u00e1rea afectada.<\/p>\n\n\n\n<p class=\"has-medium-font-size\">De forma paralela, se habilit\u00f3 un albergue temporal en la Escuela Primaria \u00abGenoveva Guerra Cabrera\u00bb, ubicada en el Ejido Cruz Grande, con el fin de brindar atenci\u00f3n a las familias desplazadas de esta comunidad por el incremento del nivel del r\u00edo.<\/p>\n\n\n\n<p class=\"has-medium-font-size\">\u201cContinuamos recorriendo la ribera del Tames\u00ed y en la Escuela Primaria &#8216;Genoveva Guerra Cabrera&#8217; del Ejido Cruz Grande tenemos un albergue para atender a los refugiados de esta comunidad\u201d, explic\u00f3 Mart\u00ednez Manr\u00edquez.<\/p>\n\n\n\n<p class=\"has-medium-font-size\">Adem\u00e1s, el Sistema DIF Altamira, en coordinaci\u00f3n con el Ayuntamiento, realiza la entrega de agua potable y despensas a las familias asentadas en las m\u00e1rgenes del r\u00edo, como parte de las acciones de asistencia social ante la contingencia.<\/p>\n\n\n\n<p class=\"has-medium-font-size\">Las autoridades municipales reiteraron su compromiso de mantener presencia constante en las zonas vulnerables y dar seguimiento puntual a las labores preventivas, con el fin de salvaguardar la integridad de la poblaci\u00f3n altamirense.<\/p>\n\n\n\n<figure class=\"wp-block-gallery has-nested-images columns-default is-cropped wp-block-gallery-1 is-layout-flex wp-block-gallery-is-layout-flex\">\n<figure class=\"wp-block-image size-full\"><img loading=\"lazy\" decoding=\"async\" width=\"890\" height=\"593\" data-id=\"21200\" src=\"https:\/\/vocerodelpueblo.com\/wp-content\/uploads\/2025\/07\/WhatsApp-Image-2025-07-03-at-6.51.37-PM.jpg\" alt=\"\" class=\"wp-image-21200\" srcset=\"https:\/\/vocerodelpueblo.com\/wp-content\/uploads\/2025\/07\/WhatsApp-Image-2025-07-03-at-6.51.37-PM.jpg 890w, https:\/\/vocerodelpueblo.com\/wp-content\/uploads\/2025\/07\/WhatsApp-Image-2025-07-03-at-6.51.37-PM-350x233.jpg 350w, https:\/\/vocerodelpueblo.com\/wp-content\/uploads\/2025\/07\/WhatsApp-Image-2025-07-03-at-6.51.37-PM-632x421.jpg 632w\" sizes=\"auto, (max-width: 890px) 100vw, 890px\" \/><\/figure>\n\n\n\n<figure class=\"wp-block-image size-full\"><img loading=\"lazy\" decoding=\"async\" width=\"700\" height=\"466\" data-id=\"21203\" src=\"https:\/\/vocerodelpueblo.com\/wp-content\/uploads\/2025\/07\/WhatsApp-Image-2025-07-03-at-6.51.15-PM.jpg\" alt=\"\" class=\"wp-image-21203\" srcset=\"https:\/\/vocerodelpueblo.com\/wp-content\/uploads\/2025\/07\/WhatsApp-Image-2025-07-03-at-6.51.15-PM.jpg 700w, https:\/\/vocerodelpueblo.com\/wp-content\/uploads\/2025\/07\/WhatsApp-Image-2025-07-03-at-6.51.15-PM-350x233.jpg 350w, https:\/\/vocerodelpueblo.com\/wp-content\/uploads\/2025\/07\/WhatsApp-Image-2025-07-03-at-6.51.15-PM-632x421.jpg 632w\" sizes=\"auto, (max-width: 700px) 100vw, 700px\" \/><\/figure>\n\n\n\n<figure class=\"wp-block-image size-full\"><img loading=\"lazy\" decoding=\"async\" width=\"780\" height=\"520\" data-id=\"21202\" src=\"https:\/\/vocerodelpueblo.com\/wp-content\/uploads\/2025\/07\/WhatsApp-Image-2025-07-03-at-6.51.00-PM.jpg\" alt=\"\" class=\"wp-image-21202\" srcset=\"https:\/\/vocerodelpueblo.com\/wp-content\/uploads\/2025\/07\/WhatsApp-Image-2025-07-03-at-6.51.00-PM.jpg 780w, https:\/\/vocerodelpueblo.com\/wp-content\/uploads\/2025\/07\/WhatsApp-Image-2025-07-03-at-6.51.00-PM-350x233.jpg 350w, https:\/\/vocerodelpueblo.com\/wp-content\/uploads\/2025\/07\/WhatsApp-Image-2025-07-03-at-6.51.00-PM-632x421.jpg 632w\" sizes=\"auto, (max-width: 780px) 100vw, 780px\" \/><\/figure>\n<\/figure>\n","protected":false},"excerpt":{"rendered":"<p>*Refuerzan trabajos para permitir el flujo del agua y prevenir inundaciones; habilitan albergue en Ejido Cruz Grande Ante el incremento en el nivel del r\u00edo Tames\u00ed, el gobierno municipal de Altamira, encabezado por el alcalde Dr. Armando Mart\u00ednez Manr\u00edquez, intensific\u00f3 los trabajos de limpieza en el estero El Camalote con el objetivo de evitar bloqueos [&hellip;]<\/p>\n","protected":false},"author":2,"featured_media":21201,"comment_status":"closed","ping_status":"closed","sticky":false,"template":"","format":"standard","meta":{"footnotes":""},"categories":[5],"tags":[],"class_list":["post-21199","post","type-post","status-publish","format-standard","has-post-thumbnail","hentry","category-altamira"],"_links":{"self":[{"href":"https:\/\/vocerodelpueblo.com\/index.php?rest_route=\/wp\/v2\/posts\/21199","targetHints":{"allow":["GET"]}}],"collection":[{"href":"https:\/\/vocerodelpueblo.com\/index.php?rest_route=\/wp\/v2\/posts"}],"about":[{"href":"https:\/\/vocerodelpueblo.com\/index.php?rest_route=\/wp\/v2\/types\/post"}],"author":[{"embeddable":true,"href":"https:\/\/vocerodelpueblo.com\/index.php?rest_route=\/wp\/v2\/users\/2"}],"replies":[{"embeddable":true,"href":"https:\/\/vocerodelpueblo.com\/index.php?rest_route=%2Fwp%2Fv2%2Fcomments&post=21199"}],"version-history":[{"count":1,"href":"https:\/\/vocerodelpueblo.com\/index.php?rest_route=\/wp\/v2\/posts\/21199\/revisions"}],"predecessor-version":[{"id":21204,"href":"https:\/\/vocerodelpueblo.com\/index.php?rest_route=\/wp\/v2\/posts\/21199\/revisions\/21204"}],"wp:featuredmedia":[{"embeddable":true,"href":"https:\/\/vocerodelpueblo.com\/index.php?rest_route=\/wp\/v2\/media\/21201"}],"wp:attachment":[{"href":"https:\/\/vocerodelpueblo.com\/index.php?rest_route=%2Fwp%2Fv2%2Fmedia&parent=21199"}],"wp:term":[{"taxonomy":"category","embeddable":true,"href":"https:\/\/vocerodelpueblo.com\/index.php?rest_route=%2Fwp%2Fv2%2Fcategories&post=21199"},{"taxonomy":"post_tag","embeddable":true,"href":"https:\/\/vocerodelpueblo.com\/index.php?rest_route=%2Fwp%2Fv2%2Ftags&post=21199"}],"curies":[{"name":"wp","href":"https:\/\/api.w.org\/{rel}","templated":true}]}}