{"id":21205,"date":"2025-07-03T13:56:32","date_gmt":"2025-07-03T19:56:32","guid":{"rendered":"https:\/\/vocerodelpueblo.com\/?p=21205"},"modified":"2025-07-09T13:59:54","modified_gmt":"2025-07-09T19:59:54","slug":"contribuye-armando-martinez-en-atencion-a-poblacion-vulnerable-por-lluvias","status":"publish","type":"post","link":"https:\/\/vocerodelpueblo.com\/?p=21205","title":{"rendered":"Contribuye Armando Mart\u00ednez en atenci\u00f3n a poblaci\u00f3n vulnerable por lluvias"},"content":{"rendered":"\n<p class=\"has-medium-font-size\">Como parte de las acciones de atenci\u00f3n y respuesta ante las intensas lluvias que han afectado a la zona sur del estado, el presidente municipal de Altamira, Dr. Armando Mart\u00ednez Manr\u00edquez, particip\u00f3 en la Cuarta Reuni\u00f3n de Coordinaci\u00f3n en el Puesto de Mando, encabezada por el gobernador, Dr. Am\u00e9rico Villarreal Anaya, y la coordinadora nacional de Protecci\u00f3n Civil, Lic. Laura Vel\u00e1zquez Alz\u00faa.<\/p>\n\n\n\n<p class=\"has-medium-font-size\">Durante el encuentro, se dio seguimiento a las estrategias implementadas para salvaguardar a la poblaci\u00f3n vulnerable afectada por inundaciones, as\u00ed como para fortalecer la coordinaci\u00f3n entre los tres niveles de gobierno.<\/p>\n\n\n\n<p class=\"has-medium-font-size\">A la reuni\u00f3n tambi\u00e9n asistieron la alcaldesa de Tampico, M\u00f3nica Villarreal Anaya; el alcalde de Ciudad Madero, Erasmo Gonz\u00e1lez Robledo; y mandos de la Secretar\u00eda de la Defensa Nacional (SEDENA), Secretar\u00eda de Marina (SEMAR) y la Guardia Nacional, quienes trabajan de manera conjunta en las labores de auxilio.<\/p>\n\n\n\n<p class=\"has-medium-font-size\">\u201cContinuamos en alerta permanente, en estricta vigilancia de nuestros cuerpos de agua para atender a quienes lo necesiten\u201d, expres\u00f3 el alcalde Armando Mart\u00ednez Manr\u00edquez, reiterando su compromiso con el bienestar de las familias altamirenses.<\/p>\n\n\n\n<p class=\"has-medium-font-size\">Con estas acciones, las autoridades refrendan su compromiso de actuar con rapidez, eficacia y sensibilidad ante los fen\u00f3menos naturales que ponen en riesgo a la ciudadan\u00eda.<\/p>\n\n\n\n<figure class=\"wp-block-gallery has-nested-images columns-default is-cropped wp-block-gallery-1 is-layout-flex wp-block-gallery-is-layout-flex\">\n<figure class=\"wp-block-image size-large\"><img loading=\"lazy\" decoding=\"async\" width=\"632\" height=\"421\" data-id=\"21206\" src=\"https:\/\/vocerodelpueblo.com\/wp-content\/uploads\/2025\/07\/WhatsApp-Image-2025-07-03-at-7.31.32-PM-1-632x421.jpg\" alt=\"\" class=\"wp-image-21206\" srcset=\"https:\/\/vocerodelpueblo.com\/wp-content\/uploads\/2025\/07\/WhatsApp-Image-2025-07-03-at-7.31.32-PM-1-632x421.jpg 632w, https:\/\/vocerodelpueblo.com\/wp-content\/uploads\/2025\/07\/WhatsApp-Image-2025-07-03-at-7.31.32-PM-1-350x233.jpg 350w, https:\/\/vocerodelpueblo.com\/wp-content\/uploads\/2025\/07\/WhatsApp-Image-2025-07-03-at-7.31.32-PM-1.jpg 980w\" sizes=\"auto, (max-width: 632px) 100vw, 632px\" \/><\/figure>\n\n\n\n<figure class=\"wp-block-image size-large\"><img loading=\"lazy\" decoding=\"async\" width=\"632\" height=\"421\" data-id=\"21207\" src=\"https:\/\/vocerodelpueblo.com\/wp-content\/uploads\/2025\/07\/WhatsApp-Image-2025-07-03-at-7.31.32-PM-632x421.jpg\" alt=\"\" class=\"wp-image-21207\" srcset=\"https:\/\/vocerodelpueblo.com\/wp-content\/uploads\/2025\/07\/WhatsApp-Image-2025-07-03-at-7.31.32-PM-632x421.jpg 632w, https:\/\/vocerodelpueblo.com\/wp-content\/uploads\/2025\/07\/WhatsApp-Image-2025-07-03-at-7.31.32-PM-350x233.jpg 350w, https:\/\/vocerodelpueblo.com\/wp-content\/uploads\/2025\/07\/WhatsApp-Image-2025-07-03-at-7.31.32-PM.jpg 980w\" sizes=\"auto, (max-width: 632px) 100vw, 632px\" \/><\/figure>\n<\/figure>\n","protected":false},"excerpt":{"rendered":"<p>Como parte de las acciones de atenci\u00f3n y respuesta ante las intensas lluvias que han afectado a la zona sur del estado, el presidente municipal de Altamira, Dr. Armando Mart\u00ednez Manr\u00edquez, particip\u00f3 en la Cuarta Reuni\u00f3n de Coordinaci\u00f3n en el Puesto de Mando, encabezada por el gobernador, Dr. Am\u00e9rico Villarreal Anaya, y la coordinadora nacional [&hellip;]<\/p>\n","protected":false},"author":2,"featured_media":21208,"comment_status":"closed","ping_status":"closed","sticky":false,"template":"","format":"standard","meta":{"footnotes":""},"categories":[5],"tags":[],"class_list":["post-21205","post","type-post","status-publish","format-standard","has-post-thumbnail","hentry","category-altamira"],"_links":{"self":[{"href":"https:\/\/vocerodelpueblo.com\/index.php?rest_route=\/wp\/v2\/posts\/21205","targetHints":{"allow":["GET"]}}],"collection":[{"href":"https:\/\/vocerodelpueblo.com\/index.php?rest_route=\/wp\/v2\/posts"}],"about":[{"href":"https:\/\/vocerodelpueblo.com\/index.php?rest_route=\/wp\/v2\/types\/post"}],"author":[{"embeddable":true,"href":"https:\/\/vocerodelpueblo.com\/index.php?rest_route=\/wp\/v2\/users\/2"}],"replies":[{"embeddable":true,"href":"https:\/\/vocerodelpueblo.com\/index.php?rest_route=%2Fwp%2Fv2%2Fcomments&post=21205"}],"version-history":[{"count":1,"href":"https:\/\/vocerodelpueblo.com\/index.php?rest_route=\/wp\/v2\/posts\/21205\/revisions"}],"predecessor-version":[{"id":21209,"href":"https:\/\/vocerodelpueblo.com\/index.php?rest_route=\/wp\/v2\/posts\/21205\/revisions\/21209"}],"wp:featuredmedia":[{"embeddable":true,"href":"https:\/\/vocerodelpueblo.com\/index.php?rest_route=\/wp\/v2\/media\/21208"}],"wp:attachment":[{"href":"https:\/\/vocerodelpueblo.com\/index.php?rest_route=%2Fwp%2Fv2%2Fmedia&parent=21205"}],"wp:term":[{"taxonomy":"category","embeddable":true,"href":"https:\/\/vocerodelpueblo.com\/index.php?rest_route=%2Fwp%2Fv2%2Fcategories&post=21205"},{"taxonomy":"post_tag","embeddable":true,"href":"https:\/\/vocerodelpueblo.com\/index.php?rest_route=%2Fwp%2Fv2%2Ftags&post=21205"}],"curies":[{"name":"wp","href":"https:\/\/api.w.org\/{rel}","templated":true}]}}