{"id":21571,"date":"2025-07-16T10:11:51","date_gmt":"2025-07-16T16:11:51","guid":{"rendered":"https:\/\/vocerodelpueblo.com\/?p=21571"},"modified":"2025-07-28T10:14:34","modified_gmt":"2025-07-28T16:14:34","slug":"los-estudiantes-de-la-universidad-autonoma-de-tamaulipas-regina-pedraza-lerma-y-brandon-romo-beltran-consiguieron-su-pase-para-representar-a-mexico-en-los-juegos-centroamericanos-y-del-caribe-santo","status":"publish","type":"post","link":"https:\/\/vocerodelpueblo.com\/?p=21571","title":{"rendered":"Los estudiantes de la Universidad Aut\u00f3noma de Tamaulipas, Regina Pedraza Lerma y Brandon Romo Beltr\u00e1n, consiguieron su pase para representar a M\u00e9xico en los Juegos Centroamericanos y del Caribe Santo Domingo 2026, en la disciplina de esgrima."},"content":{"rendered":"\n<p class=\"has-medium-font-size\">Durante el Campeonato Centroamericano y del Caribe de Esgrima 2025, efectuado del 9 al 16 de julio en Guatemala, ambos atletas de la UAT demostraron un desempe\u00f1o destacado que les permiti\u00f3 asegurar su participaci\u00f3n en esta importante justa regional.<br>Regina Pedraza, alumna de la Unidad Acad\u00e9mica Multidisciplinaria Reynosa Rodhe, obtuvo la medalla de oro en la modalidad de Sable por Equipos.<br>De igual manera, Brandon Romo, tambi\u00e9n estudiante de la misma dependencia universitaria, conquist\u00f3 la medalla de oro en Sable por Equipos, as\u00ed como la medalla de bronce en la categor\u00eda individual.<br>Bajo la direcci\u00f3n de la entrenadora \u00darsula Sarah\u00ed Gonz\u00e1lez G\u00e1rate, los j\u00f3venes atletas evidenciaron disciplina, t\u00e9cnica y perseverancia, cualidades que los posicionan como referentes de la esgrima regional.<br>Con estos logros, los representantes de la UAT se preparan para participar en los Juegos Centroamericanos y del Caribe, que se llevar\u00e1n a cabo en Santo Domingo del 24 de julio al 8 de agosto de 2026.<br>Estos resultados reflejan el compromiso de la UAT con la formaci\u00f3n integral de sus estudiantes, quienes combinan la excelencia acad\u00e9mica con la dedicaci\u00f3n al deporte de alto rendimiento.<\/p>\n","protected":false},"excerpt":{"rendered":"<p>Durante el Campeonato Centroamericano y del Caribe de Esgrima 2025, efectuado del 9 al 16 de julio en Guatemala, ambos atletas de la UAT demostraron un desempe\u00f1o destacado que les permiti\u00f3 asegurar su participaci\u00f3n en esta importante justa regional.Regina Pedraza, alumna de la Unidad Acad\u00e9mica Multidisciplinaria Reynosa Rodhe, obtuvo la medalla de oro en la [&hellip;]<\/p>\n","protected":false},"author":2,"featured_media":21572,"comment_status":"closed","ping_status":"closed","sticky":false,"template":"","format":"standard","meta":{"footnotes":""},"categories":[14],"tags":[],"class_list":["post-21571","post","type-post","status-publish","format-standard","has-post-thumbnail","hentry","category-uat"],"_links":{"self":[{"href":"https:\/\/vocerodelpueblo.com\/index.php?rest_route=\/wp\/v2\/posts\/21571","targetHints":{"allow":["GET"]}}],"collection":[{"href":"https:\/\/vocerodelpueblo.com\/index.php?rest_route=\/wp\/v2\/posts"}],"about":[{"href":"https:\/\/vocerodelpueblo.com\/index.php?rest_route=\/wp\/v2\/types\/post"}],"author":[{"embeddable":true,"href":"https:\/\/vocerodelpueblo.com\/index.php?rest_route=\/wp\/v2\/users\/2"}],"replies":[{"embeddable":true,"href":"https:\/\/vocerodelpueblo.com\/index.php?rest_route=%2Fwp%2Fv2%2Fcomments&post=21571"}],"version-history":[{"count":1,"href":"https:\/\/vocerodelpueblo.com\/index.php?rest_route=\/wp\/v2\/posts\/21571\/revisions"}],"predecessor-version":[{"id":21573,"href":"https:\/\/vocerodelpueblo.com\/index.php?rest_route=\/wp\/v2\/posts\/21571\/revisions\/21573"}],"wp:featuredmedia":[{"embeddable":true,"href":"https:\/\/vocerodelpueblo.com\/index.php?rest_route=\/wp\/v2\/media\/21572"}],"wp:attachment":[{"href":"https:\/\/vocerodelpueblo.com\/index.php?rest_route=%2Fwp%2Fv2%2Fmedia&parent=21571"}],"wp:term":[{"taxonomy":"category","embeddable":true,"href":"https:\/\/vocerodelpueblo.com\/index.php?rest_route=%2Fwp%2Fv2%2Fcategories&post=21571"},{"taxonomy":"post_tag","embeddable":true,"href":"https:\/\/vocerodelpueblo.com\/index.php?rest_route=%2Fwp%2Fv2%2Ftags&post=21571"}],"curies":[{"name":"wp","href":"https:\/\/api.w.org\/{rel}","templated":true}]}}