{"id":21661,"date":"2025-08-04T18:06:19","date_gmt":"2025-08-05T00:06:19","guid":{"rendered":"https:\/\/vocerodelpueblo.com\/?p=21661"},"modified":"2025-08-09T18:26:05","modified_gmt":"2025-08-10T00:26:05","slug":"hace-historia-altamira-con-un-gobierno-que-informa","status":"publish","type":"post","link":"https:\/\/vocerodelpueblo.com\/?p=21661","title":{"rendered":"Hace historia Altamira con un gobierno que informa"},"content":{"rendered":"\n<p class=\"has-medium-font-size\">*Celebra alcalde Dr. Armando Mart\u00ednez Manr\u00edquez la conferencia ma\u00f1anera n\u00famero 200 en Plaza Constituci\u00f3n<\/p>\n\n\n\n<p class=\"has-medium-font-size\">En un acto que marca un precedente en la vida pol\u00edtica y social del municipio, el alcalde Dr. Armando Mart\u00ednez Manr\u00edquez celebr\u00f3 este lunes la conferencia ma\u00f1anera n\u00famero 200, bajo el lema \u00abUn gobierno que transforma, informa\u00bb, reafirmando su compromiso con la transparencia y la rendici\u00f3n de cuentas.<\/p>\n\n\n\n<p class=\"has-medium-font-size\">La emblem\u00e1tica Plaza Constituci\u00f3n fue el escenario de este significativo evento, al que se sumaron funcionarios municipales, estatales, s\u00edndicos y regidores, quienes expresaron su reconocimiento al alcalde por consolidar este ejercicio de comunicaci\u00f3n directa con la ciudadan\u00eda como una herramienta de transformaci\u00f3n y cercan\u00eda.<\/p>\n\n\n\n<p class=\"has-medium-font-size\">Durante la conferencia, el Dr. Mart\u00ednez Manr\u00edquez comparti\u00f3 importantes anuncios, entre los que destac\u00f3 la realizaci\u00f3n de una funci\u00f3n de box avalada por el Consejo Mundial de Boxeo (CMB), que tendr\u00e1 lugar el pr\u00f3ximo 20 de septiembre a partir de las 6:00 p.m. en el Estadio Altamira, conocido como \u00abEl Estadio de Todos\u00bb.<\/p>\n\n\n\n<p class=\"has-medium-font-size\">Se incluir\u00e1n combates estelares como el del mexicano David \u201cEl General\u201d Cu\u00e9llar frente al venezolano Juan Carlos \u201cGodzila\u201d Mancilla, as\u00ed como Christopher \u201cEl Pollo\u201d L\u00f3pez y del ex campe\u00f3n mundial AMB, Tyson Hern\u00e1n M\u00e1rquez, adem\u00e1s de peleas entre talentos locales. La funci\u00f3n ser\u00e1 transmitida en televisi\u00f3n nacional, poniendo a Altamira en el foco del deporte internacional.<\/p>\n\n\n\n<p class=\"has-medium-font-size\">En otro momento emotivo de la jornada, el DIF Altamira, presidido por la C.P. Rossy Luque de Mart\u00ednez, present\u00f3 al Coro Pannarti, conformado por ni\u00f1as, ni\u00f1os y adolescentes en situaci\u00f3n de riesgo y trabajo infantil, quienes deleitaron a los asistentes con una muestra art\u00edstica que resalta el trabajo social del organismo.<\/p>\n\n\n\n<p class=\"has-medium-font-size\">Asimismo, se celebr\u00f3 el triunfo internacional de estudiantes de la Universidad Tecnol\u00f3gica de Altamira, quienes obtuvieron el primer lugar en un certamen en Corea del Sur, compitiendo entre 25 pa\u00edses. Los j\u00f3venes desarrollaron una aplicaci\u00f3n m\u00f3vil did\u00e1ctica e interactiva, impulsada por inteligencia artificial, destinada al apoyo integral de pacientes con trastorno del espectro autista.<\/p>\n\n\n\n<p class=\"has-medium-font-size\">Con esta edici\u00f3n n\u00famero 200 de su conferencia matutina, el alcalde Armando Mart\u00ednez Manr\u00edquez consolida un modelo de gobierno cercano, transparente y participativo, que contin\u00faa marcando historia en el municipio de Altamira.<\/p>\n\n\n\n<figure class=\"wp-block-gallery has-nested-images columns-default is-cropped wp-block-gallery-1 is-layout-flex wp-block-gallery-is-layout-flex\">\n<figure class=\"wp-block-image size-full\"><img loading=\"lazy\" decoding=\"async\" width=\"900\" height=\"600\" data-id=\"21662\" src=\"https:\/\/vocerodelpueblo.com\/wp-content\/uploads\/2025\/08\/WhatsApp-Image-2025-08-04-at-4.49.51-PM.jpg\" alt=\"\" class=\"wp-image-21662\" srcset=\"https:\/\/vocerodelpueblo.com\/wp-content\/uploads\/2025\/08\/WhatsApp-Image-2025-08-04-at-4.49.51-PM.jpg 900w, https:\/\/vocerodelpueblo.com\/wp-content\/uploads\/2025\/08\/WhatsApp-Image-2025-08-04-at-4.49.51-PM-350x233.jpg 350w, https:\/\/vocerodelpueblo.com\/wp-content\/uploads\/2025\/08\/WhatsApp-Image-2025-08-04-at-4.49.51-PM-632x421.jpg 632w\" sizes=\"auto, (max-width: 900px) 100vw, 900px\" \/><\/figure>\n\n\n\n<figure class=\"wp-block-image size-full\"><img loading=\"lazy\" decoding=\"async\" width=\"890\" height=\"593\" data-id=\"21663\" src=\"https:\/\/vocerodelpueblo.com\/wp-content\/uploads\/2025\/08\/WhatsApp-Image-2025-08-04-at-4.49.36-PM.jpg\" alt=\"\" class=\"wp-image-21663\" srcset=\"https:\/\/vocerodelpueblo.com\/wp-content\/uploads\/2025\/08\/WhatsApp-Image-2025-08-04-at-4.49.36-PM.jpg 890w, https:\/\/vocerodelpueblo.com\/wp-content\/uploads\/2025\/08\/WhatsApp-Image-2025-08-04-at-4.49.36-PM-350x233.jpg 350w, https:\/\/vocerodelpueblo.com\/wp-content\/uploads\/2025\/08\/WhatsApp-Image-2025-08-04-at-4.49.36-PM-632x421.jpg 632w\" sizes=\"auto, (max-width: 890px) 100vw, 890px\" \/><\/figure>\n<\/figure>\n","protected":false},"excerpt":{"rendered":"<p>*Celebra alcalde Dr. Armando Mart\u00ednez Manr\u00edquez la conferencia ma\u00f1anera n\u00famero 200 en Plaza Constituci\u00f3n En un acto que marca un precedente en la vida pol\u00edtica y social del municipio, el alcalde Dr. Armando Mart\u00ednez Manr\u00edquez celebr\u00f3 este lunes la conferencia ma\u00f1anera n\u00famero 200, bajo el lema \u00abUn gobierno que transforma, informa\u00bb, reafirmando su compromiso con [&hellip;]<\/p>\n","protected":false},"author":2,"featured_media":21664,"comment_status":"closed","ping_status":"closed","sticky":false,"template":"","format":"standard","meta":{"footnotes":""},"categories":[5],"tags":[],"class_list":["post-21661","post","type-post","status-publish","format-standard","has-post-thumbnail","hentry","category-altamira"],"_links":{"self":[{"href":"https:\/\/vocerodelpueblo.com\/index.php?rest_route=\/wp\/v2\/posts\/21661","targetHints":{"allow":["GET"]}}],"collection":[{"href":"https:\/\/vocerodelpueblo.com\/index.php?rest_route=\/wp\/v2\/posts"}],"about":[{"href":"https:\/\/vocerodelpueblo.com\/index.php?rest_route=\/wp\/v2\/types\/post"}],"author":[{"embeddable":true,"href":"https:\/\/vocerodelpueblo.com\/index.php?rest_route=\/wp\/v2\/users\/2"}],"replies":[{"embeddable":true,"href":"https:\/\/vocerodelpueblo.com\/index.php?rest_route=%2Fwp%2Fv2%2Fcomments&post=21661"}],"version-history":[{"count":1,"href":"https:\/\/vocerodelpueblo.com\/index.php?rest_route=\/wp\/v2\/posts\/21661\/revisions"}],"predecessor-version":[{"id":21665,"href":"https:\/\/vocerodelpueblo.com\/index.php?rest_route=\/wp\/v2\/posts\/21661\/revisions\/21665"}],"wp:featuredmedia":[{"embeddable":true,"href":"https:\/\/vocerodelpueblo.com\/index.php?rest_route=\/wp\/v2\/media\/21664"}],"wp:attachment":[{"href":"https:\/\/vocerodelpueblo.com\/index.php?rest_route=%2Fwp%2Fv2%2Fmedia&parent=21661"}],"wp:term":[{"taxonomy":"category","embeddable":true,"href":"https:\/\/vocerodelpueblo.com\/index.php?rest_route=%2Fwp%2Fv2%2Fcategories&post=21661"},{"taxonomy":"post_tag","embeddable":true,"href":"https:\/\/vocerodelpueblo.com\/index.php?rest_route=%2Fwp%2Fv2%2Ftags&post=21661"}],"curies":[{"name":"wp","href":"https:\/\/api.w.org\/{rel}","templated":true}]}}