{"id":21708,"date":"2025-08-07T08:30:11","date_gmt":"2025-08-07T14:30:11","guid":{"rendered":"https:\/\/vocerodelpueblo.com\/?p=21708"},"modified":"2025-08-10T08:41:14","modified_gmt":"2025-08-10T14:41:14","slug":"comapa-sur-inicia-segunda-etapa-de-restauracion-de-colector-sanitario-en-ciudad-madero","status":"publish","type":"post","link":"https:\/\/vocerodelpueblo.com\/?p=21708","title":{"rendered":"COMAPA SUR inicia segunda etapa de restauraci\u00f3n de colector sanitario en Ciudad Madero"},"content":{"rendered":"\n<p class=\"has-medium-font-size\">Como parte de los trabajos de reconfiguraci\u00f3n del sistema sanitario en un amplio sector de Ciudad Madero, COMAPA SUR dio inicio a la segunda etapa de rehabilitaci\u00f3n del colector de 60 pulgadas en la colonia Unidad Nacional, en cumplimiento a la pol\u00edtica del Gobierno del Estado y bajo la directriz de la Secretar\u00eda de Recursos Hidr\u00e1ulicos para el Desarrollo Social.<\/p>\n\n\n\n<p class=\"has-medium-font-size\">Las labores se desarrollan en la calle Sinaloa, entre Zacatecas y Avenida Monterrey, donde se rehabilitar\u00e1n alrededor de 115 metros lineales del colector, utilizando un material de alta resistencia que garantizar\u00e1 el adecuado funcionamiento de la red de drenaje sanitario en esta importante zona de la ciudad.<\/p>\n\n\n\n<p class=\"has-medium-font-size\">Esta intervenci\u00f3n forma parte de un proyecto integral que inici\u00f3 en la Avenida Tamaulipas y calle Quer\u00e9taro, tambi\u00e9n en la colonia Unidad Nacional, donde se contempla la rehabilitaci\u00f3n de aproximadamente 200 metros lineales de colector, en el tramo comprendido entre Avenida Tamaulipas y calle Morelos, estimando concluir en un periodo de 8 a 10 semanas.<\/p>\n\n\n\n<p class=\"has-medium-font-size\">Cabe destacar que esta infraestructura forma parte de la red principal de conducci\u00f3n hacia el c\u00e1rcamo Lucio Blanco, punto importante en el proceso de canalizaci\u00f3n de las aguas residuales hacia la planta de tratamiento, en donde tambi\u00e9n interviene el c\u00e1rcamo 3 Norte, cuya operaci\u00f3n es elemental en el funcionamiento del sistema sanitario.<\/p>\n\n\n\n<p class=\"has-medium-font-size\">COMAPA SUR agradece la comprensi\u00f3n y colaboraci\u00f3n de los vecinos del sector ante las molestias temporales que estas obras pudieran causar, reiterando que se trata de una obra prioritaria que resolver\u00e1 de manera definitiva el problema estructural en la red de drenaje, mejorando significativamente la calidad de vida de los habitantes.<\/p>\n\n\n\n<figure class=\"wp-block-gallery has-nested-images columns-default is-cropped wp-block-gallery-1 is-layout-flex wp-block-gallery-is-layout-flex\"><\/figure>\n\n\n\n<figure class=\"wp-block-gallery has-nested-images columns-default is-cropped wp-block-gallery-2 is-layout-flex wp-block-gallery-is-layout-flex\">\n<figure class=\"wp-block-image size-full\"><img loading=\"lazy\" decoding=\"async\" width=\"780\" height=\"585\" data-id=\"21713\" src=\"https:\/\/vocerodelpueblo.com\/wp-content\/uploads\/2025\/08\/WhatsApp-Image-2025-08-07-at-4.11.53-PM.jpg\" alt=\"\" class=\"wp-image-21713\" srcset=\"https:\/\/vocerodelpueblo.com\/wp-content\/uploads\/2025\/08\/WhatsApp-Image-2025-08-07-at-4.11.53-PM.jpg 780w, https:\/\/vocerodelpueblo.com\/wp-content\/uploads\/2025\/08\/WhatsApp-Image-2025-08-07-at-4.11.53-PM-350x263.jpg 350w, https:\/\/vocerodelpueblo.com\/wp-content\/uploads\/2025\/08\/WhatsApp-Image-2025-08-07-at-4.11.53-PM-561x421.jpg 561w\" sizes=\"auto, (max-width: 780px) 100vw, 780px\" \/><\/figure>\n\n\n\n<figure class=\"wp-block-image size-large\"><img loading=\"lazy\" decoding=\"async\" width=\"544\" height=\"421\" data-id=\"21710\" src=\"https:\/\/vocerodelpueblo.com\/wp-content\/uploads\/2025\/08\/WhatsApp-Image-2025-08-07-at-4.11.53-PM-1-544x421.jpeg\" alt=\"\" class=\"wp-image-21710\" srcset=\"https:\/\/vocerodelpueblo.com\/wp-content\/uploads\/2025\/08\/WhatsApp-Image-2025-08-07-at-4.11.53-PM-1-544x421.jpeg 544w, https:\/\/vocerodelpueblo.com\/wp-content\/uploads\/2025\/08\/WhatsApp-Image-2025-08-07-at-4.11.53-PM-1-350x271.jpeg 350w, https:\/\/vocerodelpueblo.com\/wp-content\/uploads\/2025\/08\/WhatsApp-Image-2025-08-07-at-4.11.53-PM-1-1536x1189.jpeg 1536w, https:\/\/vocerodelpueblo.com\/wp-content\/uploads\/2025\/08\/WhatsApp-Image-2025-08-07-at-4.11.53-PM-1.jpeg 1600w\" sizes=\"auto, (max-width: 544px) 100vw, 544px\" \/><\/figure>\n<\/figure>\n","protected":false},"excerpt":{"rendered":"<p>Como parte de los trabajos de reconfiguraci\u00f3n del sistema sanitario en un amplio sector de Ciudad Madero, COMAPA SUR dio inicio a la segunda etapa de rehabilitaci\u00f3n del colector de 60 pulgadas en la colonia Unidad Nacional, en cumplimiento a la pol\u00edtica del Gobierno del Estado y bajo la directriz de la Secretar\u00eda de Recursos [&hellip;]<\/p>\n","protected":false},"author":2,"featured_media":21712,"comment_status":"closed","ping_status":"closed","sticky":false,"template":"","format":"standard","meta":{"footnotes":""},"categories":[2],"tags":[],"class_list":["post-21708","post","type-post","status-publish","format-standard","has-post-thumbnail","hentry","category-zonaconurbada"],"_links":{"self":[{"href":"https:\/\/vocerodelpueblo.com\/index.php?rest_route=\/wp\/v2\/posts\/21708","targetHints":{"allow":["GET"]}}],"collection":[{"href":"https:\/\/vocerodelpueblo.com\/index.php?rest_route=\/wp\/v2\/posts"}],"about":[{"href":"https:\/\/vocerodelpueblo.com\/index.php?rest_route=\/wp\/v2\/types\/post"}],"author":[{"embeddable":true,"href":"https:\/\/vocerodelpueblo.com\/index.php?rest_route=\/wp\/v2\/users\/2"}],"replies":[{"embeddable":true,"href":"https:\/\/vocerodelpueblo.com\/index.php?rest_route=%2Fwp%2Fv2%2Fcomments&post=21708"}],"version-history":[{"count":1,"href":"https:\/\/vocerodelpueblo.com\/index.php?rest_route=\/wp\/v2\/posts\/21708\/revisions"}],"predecessor-version":[{"id":21714,"href":"https:\/\/vocerodelpueblo.com\/index.php?rest_route=\/wp\/v2\/posts\/21708\/revisions\/21714"}],"wp:featuredmedia":[{"embeddable":true,"href":"https:\/\/vocerodelpueblo.com\/index.php?rest_route=\/wp\/v2\/media\/21712"}],"wp:attachment":[{"href":"https:\/\/vocerodelpueblo.com\/index.php?rest_route=%2Fwp%2Fv2%2Fmedia&parent=21708"}],"wp:term":[{"taxonomy":"category","embeddable":true,"href":"https:\/\/vocerodelpueblo.com\/index.php?rest_route=%2Fwp%2Fv2%2Fcategories&post=21708"},{"taxonomy":"post_tag","embeddable":true,"href":"https:\/\/vocerodelpueblo.com\/index.php?rest_route=%2Fwp%2Fv2%2Ftags&post=21708"}],"curies":[{"name":"wp","href":"https:\/\/api.w.org\/{rel}","templated":true}]}}