{"id":21715,"date":"2025-08-08T08:45:03","date_gmt":"2025-08-08T14:45:03","guid":{"rendered":"https:\/\/vocerodelpueblo.com\/?p=21715"},"modified":"2025-08-10T08:49:36","modified_gmt":"2025-08-10T14:49:36","slug":"comapa-sur-rehabilita-colector-sanitario-en-zona-centro-de-ciudad-madero","status":"publish","type":"post","link":"https:\/\/vocerodelpueblo.com\/?p=21715","title":{"rendered":"COMAPA SUR rehabilita colector sanitario en zona centro de Ciudad Madero"},"content":{"rendered":"\n<p class=\"has-medium-font-size\">Con el objetivo de garantizar el correcto funcionamiento del sistema de drenaje sanitario y mejorar las condiciones de salud p\u00fablica, personal de COMAPA SUR lleva a cabo trabajos de rehabilitaci\u00f3n en un colector sanitario ubicado en la zona centro de Ciudad Madero.<\/p>\n\n\n\n<p class=\"has-medium-font-size\">La obra se realiza sobre la calle Henrry Dunnant, entre Ni\u00f1os H\u00e9roes y Bolivia, en la colonia Felipe Carrillo Puerto, un sector de alta actividad comercial, en donde se contempla la restauraci\u00f3n integral de aproximadamente 90 metros lineales del tramo da\u00f1ado del colector, a fin de eliminar escurrimientos de aguas residuales que afectan tanto a residentes como a comerciantes de esta \u00e1rea.<\/p>\n\n\n\n<p class=\"has-medium-font-size\">Estos trabajos forman parte de la estrategia de mantenimiento y modernizaci\u00f3n de la red sanitaria que impulsa COMAPA SUR, en cumplimiento con la pol\u00edtica del Gobierno del Estado y bajo la directriz de la Secretar\u00eda de Recursos Hidr\u00e1ulicos para el Desarrollo Social.<\/p>\n\n\n\n<p class=\"has-medium-font-size\">Durante la excavaci\u00f3n se detectaron ductos de gas en el \u00e1rea de intervenci\u00f3n, situaci\u00f3n que obliga a realizar los trabajos con mayor precauci\u00f3n, aunado a que la celeridad tambi\u00e9n depende de que la compa\u00f1\u00eda de gas realice la liberaci\u00f3n correspondiente de la l\u00ednea para poder continuar con total seguridad, por lo que no se puede precisar con exactitud la duraci\u00f3n de la obra; sin embargo, se har\u00e1 el mayor esfuerzo para concluirla en el menor tiempo posible.<\/p>\n\n\n\n<p class=\"has-medium-font-size\">Una vez concluidas las labores sanitarias, a la brevedad se proceder\u00e1 a la reparaci\u00f3n de la vialidad, con el objetivo de minimizar afectaciones a la movilidad en la zona, por lo que el organismo refrenda su compromiso de seguir trabajando en acciones que fortalezcan la infraestructura hidr\u00e1ulica y sanitaria en beneficio de la ciudadan\u00eda.<\/p>\n\n\n\n<figure class=\"wp-block-gallery has-nested-images columns-default is-cropped wp-block-gallery-1 is-layout-flex wp-block-gallery-is-layout-flex\">\n<figure class=\"wp-block-image size-full\"><img loading=\"lazy\" decoding=\"async\" width=\"700\" height=\"525\" data-id=\"21720\" src=\"https:\/\/vocerodelpueblo.com\/wp-content\/uploads\/2025\/08\/WhatsApp-Image-2025-08-08-at-3.00.47-PM-1-1.jpg\" alt=\"\" class=\"wp-image-21720\" srcset=\"https:\/\/vocerodelpueblo.com\/wp-content\/uploads\/2025\/08\/WhatsApp-Image-2025-08-08-at-3.00.47-PM-1-1.jpg 700w, https:\/\/vocerodelpueblo.com\/wp-content\/uploads\/2025\/08\/WhatsApp-Image-2025-08-08-at-3.00.47-PM-1-1-350x263.jpg 350w, https:\/\/vocerodelpueblo.com\/wp-content\/uploads\/2025\/08\/WhatsApp-Image-2025-08-08-at-3.00.47-PM-1-1-561x421.jpg 561w\" sizes=\"auto, (max-width: 700px) 100vw, 700px\" \/><\/figure>\n\n\n\n<figure class=\"wp-block-image size-full\"><img loading=\"lazy\" decoding=\"async\" width=\"600\" height=\"450\" data-id=\"21721\" src=\"https:\/\/vocerodelpueblo.com\/wp-content\/uploads\/2025\/08\/WhatsApp-Image-2025-08-08-at-3.00.48-PM-1.jpg\" alt=\"\" class=\"wp-image-21721\" srcset=\"https:\/\/vocerodelpueblo.com\/wp-content\/uploads\/2025\/08\/WhatsApp-Image-2025-08-08-at-3.00.48-PM-1.jpg 600w, https:\/\/vocerodelpueblo.com\/wp-content\/uploads\/2025\/08\/WhatsApp-Image-2025-08-08-at-3.00.48-PM-1-350x263.jpg 350w, https:\/\/vocerodelpueblo.com\/wp-content\/uploads\/2025\/08\/WhatsApp-Image-2025-08-08-at-3.00.48-PM-1-561x421.jpg 561w\" sizes=\"auto, (max-width: 600px) 100vw, 600px\" \/><\/figure>\n<\/figure>\n","protected":false},"excerpt":{"rendered":"<p>Con el objetivo de garantizar el correcto funcionamiento del sistema de drenaje sanitario y mejorar las condiciones de salud p\u00fablica, personal de COMAPA SUR lleva a cabo trabajos de rehabilitaci\u00f3n en un colector sanitario ubicado en la zona centro de Ciudad Madero. La obra se realiza sobre la calle Henrry Dunnant, entre Ni\u00f1os H\u00e9roes y [&hellip;]<\/p>\n","protected":false},"author":2,"featured_media":21719,"comment_status":"closed","ping_status":"closed","sticky":false,"template":"","format":"standard","meta":{"footnotes":""},"categories":[2],"tags":[],"class_list":["post-21715","post","type-post","status-publish","format-standard","has-post-thumbnail","hentry","category-zonaconurbada"],"_links":{"self":[{"href":"https:\/\/vocerodelpueblo.com\/index.php?rest_route=\/wp\/v2\/posts\/21715","targetHints":{"allow":["GET"]}}],"collection":[{"href":"https:\/\/vocerodelpueblo.com\/index.php?rest_route=\/wp\/v2\/posts"}],"about":[{"href":"https:\/\/vocerodelpueblo.com\/index.php?rest_route=\/wp\/v2\/types\/post"}],"author":[{"embeddable":true,"href":"https:\/\/vocerodelpueblo.com\/index.php?rest_route=\/wp\/v2\/users\/2"}],"replies":[{"embeddable":true,"href":"https:\/\/vocerodelpueblo.com\/index.php?rest_route=%2Fwp%2Fv2%2Fcomments&post=21715"}],"version-history":[{"count":1,"href":"https:\/\/vocerodelpueblo.com\/index.php?rest_route=\/wp\/v2\/posts\/21715\/revisions"}],"predecessor-version":[{"id":21722,"href":"https:\/\/vocerodelpueblo.com\/index.php?rest_route=\/wp\/v2\/posts\/21715\/revisions\/21722"}],"wp:featuredmedia":[{"embeddable":true,"href":"https:\/\/vocerodelpueblo.com\/index.php?rest_route=\/wp\/v2\/media\/21719"}],"wp:attachment":[{"href":"https:\/\/vocerodelpueblo.com\/index.php?rest_route=%2Fwp%2Fv2%2Fmedia&parent=21715"}],"wp:term":[{"taxonomy":"category","embeddable":true,"href":"https:\/\/vocerodelpueblo.com\/index.php?rest_route=%2Fwp%2Fv2%2Fcategories&post=21715"},{"taxonomy":"post_tag","embeddable":true,"href":"https:\/\/vocerodelpueblo.com\/index.php?rest_route=%2Fwp%2Fv2%2Ftags&post=21715"}],"curies":[{"name":"wp","href":"https:\/\/api.w.org\/{rel}","templated":true}]}}