{"id":21906,"date":"2025-08-08T12:21:52","date_gmt":"2025-08-08T18:21:52","guid":{"rendered":"https:\/\/vocerodelpueblo.com\/?p=21906"},"modified":"2025-08-22T12:27:19","modified_gmt":"2025-08-22T18:27:19","slug":"destaca-estudiante-de-la-uat-en-evento-mundial-de-karate","status":"publish","type":"post","link":"https:\/\/vocerodelpueblo.com\/?p=21906","title":{"rendered":"Destaca estudiante de la UAT en evento mundial de karate"},"content":{"rendered":"\n<p class=\"has-medium-font-size\">La estudiante la Universidad Aut\u00f3noma de Tamaulipas (UAT), Laura Melissa Zamora Espa\u00f1a, conquist\u00f3 la medalla de bronce durante su participaci\u00f3n en el Karate 1 Youth League Monterrey 2025, celebrado en la Sultana del Norte.<br>La alumna de la Facultad de Comercio, Administraci\u00f3n y Ciencias Sociales Nuevo Laredo compiti\u00f3 con gran determinaci\u00f3n en la categor\u00eda U21 -50 kilogramos, modalidad Kumite Femenil, logrando colgarse el metal de bronce y poner en alto el nombre de la UAT en esta competencia.<br>Este evento de talla mundial avalado por la World Karate Federation (WKF) reuni\u00f3 a los mejores atletas de m\u00e1s de 50 pa\u00edses, que dejaron todo en cada uno de los combates celebrados.<br>Adem\u00e1s vieron participaci\u00f3n los universitarios, Hannah Quezada Bautista y Abraham Balderas Guill\u00e9n en la categor\u00eda U21, as\u00ed como tambi\u00e9n Jos\u00e9 Alonso Guzm\u00e1n Santoyo en Junior, todos ellos bajo el mando de su entrenador Tom\u00e1s Rodr\u00edguez Zamora.<br>La Universidad Aut\u00f3noma de Tamaulipas refrenda su compromiso con los atletas universitarios, siendo el deporte parte fundamental en la formaci\u00f3n integral de los estudiantes, promoviendo adem\u00e1s los valores a trav\u00e9s del desarrollo deportivo entre los j\u00f3venes.<\/p>\n\n\n\n<p class=\"has-medium-font-size\"><\/p>\n\n\n\n<p><\/p>\n","protected":false},"excerpt":{"rendered":"<p>La estudiante la Universidad Aut\u00f3noma de Tamaulipas (UAT), Laura Melissa Zamora Espa\u00f1a, conquist\u00f3 la medalla de bronce durante su participaci\u00f3n en el Karate 1 Youth League Monterrey 2025, celebrado en la Sultana del Norte.La alumna de la Facultad de Comercio, Administraci\u00f3n y Ciencias Sociales Nuevo Laredo compiti\u00f3 con gran determinaci\u00f3n en la categor\u00eda U21 -50 [&hellip;]<\/p>\n","protected":false},"author":2,"featured_media":21907,"comment_status":"closed","ping_status":"closed","sticky":false,"template":"","format":"standard","meta":{"footnotes":""},"categories":[14],"tags":[],"class_list":["post-21906","post","type-post","status-publish","format-standard","has-post-thumbnail","hentry","category-uat"],"_links":{"self":[{"href":"https:\/\/vocerodelpueblo.com\/index.php?rest_route=\/wp\/v2\/posts\/21906","targetHints":{"allow":["GET"]}}],"collection":[{"href":"https:\/\/vocerodelpueblo.com\/index.php?rest_route=\/wp\/v2\/posts"}],"about":[{"href":"https:\/\/vocerodelpueblo.com\/index.php?rest_route=\/wp\/v2\/types\/post"}],"author":[{"embeddable":true,"href":"https:\/\/vocerodelpueblo.com\/index.php?rest_route=\/wp\/v2\/users\/2"}],"replies":[{"embeddable":true,"href":"https:\/\/vocerodelpueblo.com\/index.php?rest_route=%2Fwp%2Fv2%2Fcomments&post=21906"}],"version-history":[{"count":1,"href":"https:\/\/vocerodelpueblo.com\/index.php?rest_route=\/wp\/v2\/posts\/21906\/revisions"}],"predecessor-version":[{"id":21908,"href":"https:\/\/vocerodelpueblo.com\/index.php?rest_route=\/wp\/v2\/posts\/21906\/revisions\/21908"}],"wp:featuredmedia":[{"embeddable":true,"href":"https:\/\/vocerodelpueblo.com\/index.php?rest_route=\/wp\/v2\/media\/21907"}],"wp:attachment":[{"href":"https:\/\/vocerodelpueblo.com\/index.php?rest_route=%2Fwp%2Fv2%2Fmedia&parent=21906"}],"wp:term":[{"taxonomy":"category","embeddable":true,"href":"https:\/\/vocerodelpueblo.com\/index.php?rest_route=%2Fwp%2Fv2%2Fcategories&post=21906"},{"taxonomy":"post_tag","embeddable":true,"href":"https:\/\/vocerodelpueblo.com\/index.php?rest_route=%2Fwp%2Fv2%2Ftags&post=21906"}],"curies":[{"name":"wp","href":"https:\/\/api.w.org\/{rel}","templated":true}]}}