{"id":23432,"date":"2025-11-02T08:55:28","date_gmt":"2025-11-02T14:55:28","guid":{"rendered":"https:\/\/vocerodelpueblo.com\/?p=23432"},"modified":"2025-11-05T08:57:07","modified_gmt":"2025-11-05T14:57:07","slug":"rastro-tif-de-la-uat-producira-carne-para-el-mercado-internacional","status":"publish","type":"post","link":"https:\/\/vocerodelpueblo.com\/?p=23432","title":{"rendered":"Rastro TIF de la UAT producir\u00e1 carne para el mercado internacional"},"content":{"rendered":"\n<p class=\"has-medium-font-size\">La certificaci\u00f3n del Rastro Tipo Inspecci\u00f3n Federal (TIF), operado por la Universidad Aut\u00f3noma de Tamaulipas (UAT), abre la puerta a exportaciones hacia m\u00e1s de 60 pa\u00edses, posicionando a la entidad como un polo competitivo en el mercado agroalimentario nacional e internacional.<\/p>\n\n\n\n<p class=\"has-medium-font-size\">Lo anterior se puso de relieve durante la reciente entrega del documento que recibi\u00f3 el gobernador Am\u00e9rico Villarreal Anaya, en el cual el Gobierno de M\u00e9xico, a trav\u00e9s del SENASICA (Servicio Nacional de Sanidad, Inocuidad y Calidad Agroalimentaria), certifica la actividad diaria de la sala de corte y deshuese para la especie bovina, c\u00e1mara de producto terminado, almac\u00e9n, empaque y andenes de carga y descarga en el rastro ubicado en la Facultad de Medicina Veterinaria y Zootecnia (FMVZ-UAT) de esta capital.<\/p>\n\n\n\n<p class=\"has-medium-font-size\">Con capacidad para procesar hasta 100 reses diarias, el rastro fortalece la cadena de valor de la carne en el estado, al mismo tiempo que ofrece pr\u00e1cticas acad\u00e9micas a estudiantes de Medicina Veterinaria y Zootecnia en cada etapa del proceso, desde el manejo \u00e9tico del ganado hasta el empaque y la distribuci\u00f3n.<\/p>\n\n\n\n<p class=\"has-medium-font-size\">En las modernas instalaciones, cada corte cumple con estrictos est\u00e1ndares de sanidad, higiene y bienestar animal, integrando educaci\u00f3n, ciencia y producci\u00f3n en un modelo innovador que convierte a la UAT en un referente de competitividad y desarrollo para la regi\u00f3n.<\/p>\n\n\n\n<p class=\"has-medium-font-size\">El rector, D\u00e1maso Anaya Alvarado, expres\u00f3 que la UAT da un paso hist\u00f3rico al producir carne con est\u00e1ndares internacionales, reafirmando el compromiso con la innovaci\u00f3n, la formaci\u00f3n profesional y el fortalecimiento del sector agropecuario, mediante la colaboraci\u00f3n entre Universidad, productores y Gobierno del Estado.<\/p>\n\n\n\n<p class=\"has-medium-font-size\">En ese contexto, dijo que se trabaja con ganaderos de diversos municipios, con la Secretar\u00eda de Desarrollo Rural, la Uni\u00f3n Ganadera Regional de Tamaulipas y la Confederaci\u00f3n Nacional de Organizaciones Ganaderas para dise\u00f1ar un programa que eleve la calidad de la producci\u00f3n c\u00e1rnica,<\/p>\n\n\n\n<p class=\"has-medium-font-size\">fortalezca la econom\u00eda de las comunidades rurales e impulse una iniciativa alineada con las pol\u00edticas agroalimentarias nacionales.<\/p>\n\n\n\n<p class=\"has-medium-font-size\">A\u00f1adi\u00f3 que tambi\u00e9n se mantienen di\u00e1logos con cadenas comerciales y compradores internacionales, entre ellos HEB y La Michoacana Meat Market, con el objetivo de garantizar la sostenibilidad del proyecto y consolidar a Tamaulipas como uno de los tres principales productores de carne certificada del pa\u00eds.<\/p>\n\n\n\n<p class=\"has-medium-font-size\">Por parte del SENASICA, el director general de Inocuidad Agroalimentaria, Acu\u00edcola y Pesquera, Leandro David Soriano Garc\u00eda, puntualiz\u00f3 que la certificaci\u00f3n TIF al rastro de la UAT garantiza su operaci\u00f3n con estrictos protocolos sanitarios y la formaci\u00f3n de profesionales en bienestar animal y sanidad agroalimentaria.<\/p>\n\n\n\n<p class=\"has-medium-font-size\">Indic\u00f3 que, en ese mismo rengl\u00f3n, se proyecta como un centro de capacitaci\u00f3n para profesionales de Latinoam\u00e9rica y Centroam\u00e9rica, consolidando a la Universidad como un eje estrat\u00e9gico del desarrollo agropecuario y la innovaci\u00f3n cient\u00edfica en Tamaulipas.<\/p>\n\n\n\n<p class=\"has-medium-font-size\">Cabe agregar que, en otra etapa, el proyecto prev\u00e9 la construcci\u00f3n de un rastro adicional para caprinos y ovinos, lo que permitir\u00e1 mejorar su valor y comercializaci\u00f3n en beneficio de productores rurales, especialmente del Altiplano y otras regiones del estado.<\/p>\n","protected":false},"excerpt":{"rendered":"<p>La certificaci\u00f3n del Rastro Tipo Inspecci\u00f3n Federal (TIF), operado por la Universidad Aut\u00f3noma de Tamaulipas (UAT), abre la puerta a exportaciones hacia m\u00e1s de 60 pa\u00edses, posicionando a la entidad como un polo competitivo en el mercado agroalimentario nacional e internacional. Lo anterior se puso de relieve durante la reciente entrega del documento que recibi\u00f3 [&hellip;]<\/p>\n","protected":false},"author":2,"featured_media":23433,"comment_status":"closed","ping_status":"closed","sticky":false,"template":"","format":"standard","meta":{"footnotes":""},"categories":[14],"tags":[],"class_list":["post-23432","post","type-post","status-publish","format-standard","has-post-thumbnail","hentry","category-uat"],"_links":{"self":[{"href":"https:\/\/vocerodelpueblo.com\/index.php?rest_route=\/wp\/v2\/posts\/23432","targetHints":{"allow":["GET"]}}],"collection":[{"href":"https:\/\/vocerodelpueblo.com\/index.php?rest_route=\/wp\/v2\/posts"}],"about":[{"href":"https:\/\/vocerodelpueblo.com\/index.php?rest_route=\/wp\/v2\/types\/post"}],"author":[{"embeddable":true,"href":"https:\/\/vocerodelpueblo.com\/index.php?rest_route=\/wp\/v2\/users\/2"}],"replies":[{"embeddable":true,"href":"https:\/\/vocerodelpueblo.com\/index.php?rest_route=%2Fwp%2Fv2%2Fcomments&post=23432"}],"version-history":[{"count":1,"href":"https:\/\/vocerodelpueblo.com\/index.php?rest_route=\/wp\/v2\/posts\/23432\/revisions"}],"predecessor-version":[{"id":23434,"href":"https:\/\/vocerodelpueblo.com\/index.php?rest_route=\/wp\/v2\/posts\/23432\/revisions\/23434"}],"wp:featuredmedia":[{"embeddable":true,"href":"https:\/\/vocerodelpueblo.com\/index.php?rest_route=\/wp\/v2\/media\/23433"}],"wp:attachment":[{"href":"https:\/\/vocerodelpueblo.com\/index.php?rest_route=%2Fwp%2Fv2%2Fmedia&parent=23432"}],"wp:term":[{"taxonomy":"category","embeddable":true,"href":"https:\/\/vocerodelpueblo.com\/index.php?rest_route=%2Fwp%2Fv2%2Fcategories&post=23432"},{"taxonomy":"post_tag","embeddable":true,"href":"https:\/\/vocerodelpueblo.com\/index.php?rest_route=%2Fwp%2Fv2%2Ftags&post=23432"}],"curies":[{"name":"wp","href":"https:\/\/api.w.org\/{rel}","templated":true}]}}