{"id":23465,"date":"2025-11-06T16:30:16","date_gmt":"2025-11-06T22:30:16","guid":{"rendered":"https:\/\/vocerodelpueblo.com\/?p=23465"},"modified":"2025-11-06T16:30:17","modified_gmt":"2025-11-06T22:30:17","slug":"tarjeta-informativa-2","status":"publish","type":"post","link":"https:\/\/vocerodelpueblo.com\/?p=23465","title":{"rendered":"TARJETA INFORMATIVA"},"content":{"rendered":"\n<p><strong>TARJETA INFORMATIVA<\/strong><\/p>\n\n\n\n<p class=\"has-medium-font-size\">Obra: Rehabilitaci\u00f3n de colector sanitario en la colonia Unidad Nacional, Ciudad Madero<\/p>\n\n\n\n<p class=\"has-medium-font-size\">Descripci\u00f3n:<br>La COMAPA SUR, con el respaldo del Gobierno del Estado de Tamaulipas y el acompa\u00f1amiento t\u00e9cnico de la Secretar\u00eda de Recursos Hidr\u00e1ulicos para el Desarrollo Social, realiza la rehabilitaci\u00f3n del colector de 36 pulgadas ubicado en la calle Quer\u00e9taro, entre Guanajuato y Tamaulipas, en la colonia Unidad Nacional de Ciudad Madero.<\/p>\n\n\n\n<p class=\"has-medium-font-size\">Alcance de los trabajos:<\/p>\n\n\n\n<ul class=\"wp-block-list has-medium-font-size\">\n<li>Sustituci\u00f3n de aproximadamente 100 metros lineales de ducto, divididos en dos etapas.<\/li>\n\n\n\n<li>Construcci\u00f3n de un pozo de visita para reforzar la red sanitaria del sector.<\/li>\n<\/ul>\n\n\n\n<p class=\"has-medium-font-size\">Motivo de la intervenci\u00f3n:<br>El colector present\u00f3 colapso por antig\u00fcedad del ducto, lo que ocasion\u00f3 un hundimiento en la vialidad.<\/p>\n\n\n\n<p class=\"has-medium-font-size\">Beneficios:<br>La obra permitir\u00e1 mejorar la eficiencia del sistema de drenaje, prevenir nuevos hundimientos y garantizar la adecuada conducci\u00f3n de aguas residuales, beneficiando directamente a las familias del sector y zonas aleda\u00f1as.<\/p>\n\n\n\n<p class=\"has-medium-font-size\">Contexto general:<br>En coordinaci\u00f3n con el municipio y bajo el liderazgo del Gobierno del Estado, COMAPA SUR mantiene una atenci\u00f3n prioritaria a los socavones que, de forma in\u00e9dita, se han presentado en la zona conurbada. Estas acciones forman parte de una estrategia integral para fortalecer la infraestructura hidrosanitaria y mejorar la seguridad y bienestar de la poblaci\u00f3n.<\/p>\n\n\n\n<figure class=\"wp-block-gallery has-nested-images columns-default is-cropped wp-block-gallery-1 is-layout-flex wp-block-gallery-is-layout-flex\">\n<figure class=\"wp-block-image size-full\"><img loading=\"lazy\" decoding=\"async\" width=\"700\" height=\"525\" data-id=\"23467\" src=\"https:\/\/vocerodelpueblo.com\/wp-content\/uploads\/2025\/11\/Imagen-de-WhatsApp-2025-11-06-a-las-15.59.39_ea798df1.jpg\" alt=\"\" class=\"wp-image-23467\" srcset=\"https:\/\/vocerodelpueblo.com\/wp-content\/uploads\/2025\/11\/Imagen-de-WhatsApp-2025-11-06-a-las-15.59.39_ea798df1.jpg 700w, https:\/\/vocerodelpueblo.com\/wp-content\/uploads\/2025\/11\/Imagen-de-WhatsApp-2025-11-06-a-las-15.59.39_ea798df1-350x263.jpg 350w, https:\/\/vocerodelpueblo.com\/wp-content\/uploads\/2025\/11\/Imagen-de-WhatsApp-2025-11-06-a-las-15.59.39_ea798df1-561x421.jpg 561w\" sizes=\"auto, (max-width: 700px) 100vw, 700px\" \/><\/figure>\n\n\n\n<figure class=\"wp-block-image size-full\"><img loading=\"lazy\" decoding=\"async\" width=\"600\" height=\"450\" data-id=\"23468\" src=\"https:\/\/vocerodelpueblo.com\/wp-content\/uploads\/2025\/11\/Imagen-de-WhatsApp-2025-11-06-a-las-15.59.39_8ef54303.jpg\" alt=\"\" class=\"wp-image-23468\" srcset=\"https:\/\/vocerodelpueblo.com\/wp-content\/uploads\/2025\/11\/Imagen-de-WhatsApp-2025-11-06-a-las-15.59.39_8ef54303.jpg 600w, https:\/\/vocerodelpueblo.com\/wp-content\/uploads\/2025\/11\/Imagen-de-WhatsApp-2025-11-06-a-las-15.59.39_8ef54303-350x263.jpg 350w, https:\/\/vocerodelpueblo.com\/wp-content\/uploads\/2025\/11\/Imagen-de-WhatsApp-2025-11-06-a-las-15.59.39_8ef54303-561x421.jpg 561w\" sizes=\"auto, (max-width: 600px) 100vw, 600px\" \/><\/figure>\n\n\n\n<figure class=\"wp-block-image size-full\"><img loading=\"lazy\" decoding=\"async\" width=\"600\" height=\"450\" data-id=\"23469\" src=\"https:\/\/vocerodelpueblo.com\/wp-content\/uploads\/2025\/11\/Imagen-de-WhatsApp-2025-11-06-a-las-15.59.39_ee5eda12.jpg\" alt=\"\" class=\"wp-image-23469\" srcset=\"https:\/\/vocerodelpueblo.com\/wp-content\/uploads\/2025\/11\/Imagen-de-WhatsApp-2025-11-06-a-las-15.59.39_ee5eda12.jpg 600w, https:\/\/vocerodelpueblo.com\/wp-content\/uploads\/2025\/11\/Imagen-de-WhatsApp-2025-11-06-a-las-15.59.39_ee5eda12-350x263.jpg 350w, https:\/\/vocerodelpueblo.com\/wp-content\/uploads\/2025\/11\/Imagen-de-WhatsApp-2025-11-06-a-las-15.59.39_ee5eda12-561x421.jpg 561w\" sizes=\"auto, (max-width: 600px) 100vw, 600px\" \/><\/figure>\n<\/figure>\n","protected":false},"excerpt":{"rendered":"<p>TARJETA INFORMATIVA Obra: Rehabilitaci\u00f3n de colector sanitario en la colonia Unidad Nacional, Ciudad Madero Descripci\u00f3n:La COMAPA SUR, con el respaldo del Gobierno del Estado de Tamaulipas y el acompa\u00f1amiento t\u00e9cnico de la Secretar\u00eda de Recursos Hidr\u00e1ulicos para el Desarrollo Social, realiza la rehabilitaci\u00f3n del colector de 36 pulgadas ubicado en la calle Quer\u00e9taro, entre Guanajuato [&hellip;]<\/p>\n","protected":false},"author":2,"featured_media":23466,"comment_status":"closed","ping_status":"closed","sticky":false,"template":"","format":"standard","meta":{"footnotes":""},"categories":[2],"tags":[],"class_list":["post-23465","post","type-post","status-publish","format-standard","has-post-thumbnail","hentry","category-zonaconurbada"],"_links":{"self":[{"href":"https:\/\/vocerodelpueblo.com\/index.php?rest_route=\/wp\/v2\/posts\/23465","targetHints":{"allow":["GET"]}}],"collection":[{"href":"https:\/\/vocerodelpueblo.com\/index.php?rest_route=\/wp\/v2\/posts"}],"about":[{"href":"https:\/\/vocerodelpueblo.com\/index.php?rest_route=\/wp\/v2\/types\/post"}],"author":[{"embeddable":true,"href":"https:\/\/vocerodelpueblo.com\/index.php?rest_route=\/wp\/v2\/users\/2"}],"replies":[{"embeddable":true,"href":"https:\/\/vocerodelpueblo.com\/index.php?rest_route=%2Fwp%2Fv2%2Fcomments&post=23465"}],"version-history":[{"count":1,"href":"https:\/\/vocerodelpueblo.com\/index.php?rest_route=\/wp\/v2\/posts\/23465\/revisions"}],"predecessor-version":[{"id":23470,"href":"https:\/\/vocerodelpueblo.com\/index.php?rest_route=\/wp\/v2\/posts\/23465\/revisions\/23470"}],"wp:featuredmedia":[{"embeddable":true,"href":"https:\/\/vocerodelpueblo.com\/index.php?rest_route=\/wp\/v2\/media\/23466"}],"wp:attachment":[{"href":"https:\/\/vocerodelpueblo.com\/index.php?rest_route=%2Fwp%2Fv2%2Fmedia&parent=23465"}],"wp:term":[{"taxonomy":"category","embeddable":true,"href":"https:\/\/vocerodelpueblo.com\/index.php?rest_route=%2Fwp%2Fv2%2Fcategories&post=23465"},{"taxonomy":"post_tag","embeddable":true,"href":"https:\/\/vocerodelpueblo.com\/index.php?rest_route=%2Fwp%2Fv2%2Ftags&post=23465"}],"curies":[{"name":"wp","href":"https:\/\/api.w.org\/{rel}","templated":true}]}}