{"id":24329,"date":"2026-01-05T09:37:46","date_gmt":"2026-01-05T15:37:46","guid":{"rendered":"https:\/\/vocerodelpueblo.com\/?p=24329"},"modified":"2026-01-10T09:48:58","modified_gmt":"2026-01-10T15:48:58","slug":"inicia-registro-del-servicio-militar-nacional-en-ciudad-madero-para-jovenes-clase-2008","status":"publish","type":"post","link":"https:\/\/vocerodelpueblo.com\/?p=24329","title":{"rendered":"Inicia registro del Servicio Militar Nacional en Ciudad Madero para j\u00f3venes clase 2008"},"content":{"rendered":"\n<p class=\"has-medium-font-size\">Las autoridades llaman a cumplir con este tr\u00e1mite obligatorio y recuerdan que no es necesario acudir de madrugada ni acompa\u00f1ado.<\/p>\n\n\n\n<p class=\"has-medium-font-size\">El Gobierno Municipal de Ciudad Madero dio inicio formal al proceso de registro del Servicio Militar Nacional para los j\u00f3venes pertenecientes a la Clase 2008, el cual comenz\u00f3 este lunes 5 de enero en la Junta de Reclutamiento ubicada en la Presidencia Municipal. Tan solo en el primer d\u00eda de actividades se tiene un registro de 752 j\u00f3venes, reflejando una respuesta positiva a la convocatoria.<\/p>\n\n\n\n<p class=\"has-medium-font-size\">El secretario del Ayuntamiento, H\u00e9ctor Mar\u00edn Rodr\u00edguez, inform\u00f3 que el proceso se ha desarrollado de manera ordenada y \u00e1gil, por lo que reiter\u00f3 que no es necesario acudir de madrugada ni realizar largas filas, adem\u00e1s de exhortar a los j\u00f3venes a presentarse sin acompa\u00f1antes como parte de su formaci\u00f3n en responsabilidad personal.<\/p>\n\n\n\n<p class=\"has-medium-font-size\">\u201cLos esperamos a partir de hoy, lunes 5 de enero, aqu\u00ed en la Junta de Reclutamiento de la Presidencia Municipal para que los j\u00f3venes de la Clase 2008 vengan a realizar su registro ante el Servicio Militar Nacional\u201d, expres\u00f3 el funcionario.<\/p>\n\n\n\n<p class=\"has-medium-font-size\">Mar\u00edn Rodr\u00edguez record\u00f3 que, si bien el Ayuntamiento funge como enlace a trav\u00e9s de la Junta de Reclutamiento, la instancia rectora del proceso es la Secretar\u00eda de la Defensa Nacional, as\u00ed como la Secretar\u00eda de Marina, por lo que este registro representa el primer paso obligatorio para cumplir con este deber c\u00edvico.<\/p>\n\n\n\n<p class=\"has-medium-font-size\">Indic\u00f3 que durante el a\u00f1o anterior se registraron alrededor de 3 mil j\u00f3venes, cifra que conf\u00edan en superar durante este 2026, ya que \u00fanicamente el lunes 5 de enero se registraron 752, lo cual es impulsado por una mayor conciencia y compromiso de las nuevas generaciones.<\/p>\n\n\n\n<p class=\"has-medium-font-size\">\u201cEsperemos que este a\u00f1o la cantidad aumente, pero que sea por el compromiso de los j\u00f3venes, porque hay muchos que no acuden al llamado, y este tr\u00e1mite fortalece la disciplina y la responsabilidad como ciudadanos\u201d, subray\u00f3.<\/p>\n\n\n\n<figure class=\"wp-block-gallery has-nested-images columns-default is-cropped wp-block-gallery-1 is-layout-flex wp-block-gallery-is-layout-flex\">\n<figure class=\"wp-block-image size-full\"><img loading=\"lazy\" decoding=\"async\" width=\"900\" height=\"506\" data-id=\"24331\" src=\"https:\/\/vocerodelpueblo.com\/wp-content\/uploads\/2026\/01\/WhatsApp-Image-2026-01-05-at-10.25.43-PM-2.jpg\" alt=\"\" class=\"wp-image-24331\" srcset=\"https:\/\/vocerodelpueblo.com\/wp-content\/uploads\/2026\/01\/WhatsApp-Image-2026-01-05-at-10.25.43-PM-2.jpg 900w, https:\/\/vocerodelpueblo.com\/wp-content\/uploads\/2026\/01\/WhatsApp-Image-2026-01-05-at-10.25.43-PM-2-350x197.jpg 350w, https:\/\/vocerodelpueblo.com\/wp-content\/uploads\/2026\/01\/WhatsApp-Image-2026-01-05-at-10.25.43-PM-2-728x409.jpg 728w\" sizes=\"auto, (max-width: 900px) 100vw, 900px\" \/><\/figure>\n\n\n\n<figure class=\"wp-block-image size-full\"><img loading=\"lazy\" decoding=\"async\" width=\"900\" height=\"506\" data-id=\"24332\" src=\"https:\/\/vocerodelpueblo.com\/wp-content\/uploads\/2026\/01\/WhatsApp-Image-2026-01-05-at-10.25.43-PM-1.jpg\" alt=\"\" class=\"wp-image-24332\" srcset=\"https:\/\/vocerodelpueblo.com\/wp-content\/uploads\/2026\/01\/WhatsApp-Image-2026-01-05-at-10.25.43-PM-1.jpg 900w, https:\/\/vocerodelpueblo.com\/wp-content\/uploads\/2026\/01\/WhatsApp-Image-2026-01-05-at-10.25.43-PM-1-350x197.jpg 350w, https:\/\/vocerodelpueblo.com\/wp-content\/uploads\/2026\/01\/WhatsApp-Image-2026-01-05-at-10.25.43-PM-1-728x409.jpg 728w\" sizes=\"auto, (max-width: 900px) 100vw, 900px\" \/><\/figure>\n\n\n\n<figure class=\"wp-block-image size-full\"><img loading=\"lazy\" decoding=\"async\" width=\"900\" height=\"506\" data-id=\"24330\" src=\"https:\/\/vocerodelpueblo.com\/wp-content\/uploads\/2026\/01\/WhatsApp-Image-2026-01-05-at-10.25.43-PM.jpg\" alt=\"\" class=\"wp-image-24330\" srcset=\"https:\/\/vocerodelpueblo.com\/wp-content\/uploads\/2026\/01\/WhatsApp-Image-2026-01-05-at-10.25.43-PM.jpg 900w, https:\/\/vocerodelpueblo.com\/wp-content\/uploads\/2026\/01\/WhatsApp-Image-2026-01-05-at-10.25.43-PM-350x197.jpg 350w, https:\/\/vocerodelpueblo.com\/wp-content\/uploads\/2026\/01\/WhatsApp-Image-2026-01-05-at-10.25.43-PM-728x409.jpg 728w\" sizes=\"auto, (max-width: 900px) 100vw, 900px\" \/><\/figure>\n<\/figure>\n","protected":false},"excerpt":{"rendered":"<p>Las autoridades llaman a cumplir con este tr\u00e1mite obligatorio y recuerdan que no es necesario acudir de madrugada ni acompa\u00f1ado. El Gobierno Municipal de Ciudad Madero dio inicio formal al proceso de registro del Servicio Militar Nacional para los j\u00f3venes pertenecientes a la Clase 2008, el cual comenz\u00f3 este lunes 5 de enero en la [&hellip;]<\/p>\n","protected":false},"author":2,"featured_media":24332,"comment_status":"closed","ping_status":"closed","sticky":false,"template":"","format":"standard","meta":{"footnotes":""},"categories":[4],"tags":[],"class_list":["post-24329","post","type-post","status-publish","format-standard","has-post-thumbnail","hentry","category-madero"],"_links":{"self":[{"href":"https:\/\/vocerodelpueblo.com\/index.php?rest_route=\/wp\/v2\/posts\/24329","targetHints":{"allow":["GET"]}}],"collection":[{"href":"https:\/\/vocerodelpueblo.com\/index.php?rest_route=\/wp\/v2\/posts"}],"about":[{"href":"https:\/\/vocerodelpueblo.com\/index.php?rest_route=\/wp\/v2\/types\/post"}],"author":[{"embeddable":true,"href":"https:\/\/vocerodelpueblo.com\/index.php?rest_route=\/wp\/v2\/users\/2"}],"replies":[{"embeddable":true,"href":"https:\/\/vocerodelpueblo.com\/index.php?rest_route=%2Fwp%2Fv2%2Fcomments&post=24329"}],"version-history":[{"count":1,"href":"https:\/\/vocerodelpueblo.com\/index.php?rest_route=\/wp\/v2\/posts\/24329\/revisions"}],"predecessor-version":[{"id":24333,"href":"https:\/\/vocerodelpueblo.com\/index.php?rest_route=\/wp\/v2\/posts\/24329\/revisions\/24333"}],"wp:featuredmedia":[{"embeddable":true,"href":"https:\/\/vocerodelpueblo.com\/index.php?rest_route=\/wp\/v2\/media\/24332"}],"wp:attachment":[{"href":"https:\/\/vocerodelpueblo.com\/index.php?rest_route=%2Fwp%2Fv2%2Fmedia&parent=24329"}],"wp:term":[{"taxonomy":"category","embeddable":true,"href":"https:\/\/vocerodelpueblo.com\/index.php?rest_route=%2Fwp%2Fv2%2Fcategories&post=24329"},{"taxonomy":"post_tag","embeddable":true,"href":"https:\/\/vocerodelpueblo.com\/index.php?rest_route=%2Fwp%2Fv2%2Ftags&post=24329"}],"curies":[{"name":"wp","href":"https:\/\/api.w.org\/{rel}","templated":true}]}}