{"id":24640,"date":"2026-01-16T12:22:42","date_gmt":"2026-01-16T18:22:42","guid":{"rendered":"https:\/\/vocerodelpueblo.com\/?p=24640"},"modified":"2026-02-10T12:27:12","modified_gmt":"2026-02-10T18:27:12","slug":"impulsa-armando-martinez-promocion-del-carnaval-conurbado-en-victoria-y-monterrey","status":"publish","type":"post","link":"https:\/\/vocerodelpueblo.com\/?p=24640","title":{"rendered":"Impulsa Armando Mart\u00ednez promoci\u00f3n del Carnaval Conurbado en Victoria y Monterrey"},"content":{"rendered":"\n<p class=\"has-medium-font-size\">*Esperan m\u00e1s de 73 mil visitantes y una derrama econ\u00f3mica superior a los 22.5 millones de pesos en la zona sur de Tamaulipas<\/p>\n\n\n\n<p class=\"has-medium-font-size\">Con el objetivo de fortalecer la proyecci\u00f3n del Carnaval Conurbado 2026, el alcalde de Altamira, Dr. Armando Mart\u00ednez Manr\u00edquez, particip\u00f3 en una gira de promoci\u00f3n en Ciudad Victoria y Monterrey, acompa\u00f1ado por el secretario de Turismo de Tamaulipas, Lic. Benjam\u00edn Hern\u00e1ndez Rodr\u00edguez, y el presidente municipal de Ciudad Madero, Mtro. Erasmo Gonz\u00e1lez Robledo.<\/p>\n\n\n\n<p class=\"has-medium-font-size\">Ante representantes de diversos medios de comunicaci\u00f3n, las autoridades dieron a conocer los principales detalles de esta celebraci\u00f3n que, por segundo a\u00f1o consecutivo, unir\u00e1 a los municipios de Altamira, Ciudad Madero y Tampico, consolid\u00e1ndose como uno de los eventos festivos m\u00e1s importantes del noreste del pa\u00eds.<\/p>\n\n\n\n<p class=\"has-medium-font-size\">El edil altamirense destac\u00f3 que el Carnaval Conurbado contin\u00faa creciendo y busca posicionarse como una tradici\u00f3n regional que promueve la convivencia familiar, la m\u00fasica, el baile y la identidad cultural.<\/p>\n\n\n\n<p class=\"has-medium-font-size\">Asimismo, se subray\u00f3 que esta edici\u00f3n contar\u00e1 con una bolsa de premios de un mill\u00f3n 300 mil pesos, que se repartir\u00e1 entre comparsas, carros aleg\u00f3ricos, grupos de animaci\u00f3n y disfraces ganadores en distintas categor\u00edas.<\/p>\n\n\n\n<p class=\"has-medium-font-size\">Las festividades se llevar\u00e1n a cabo del 12 al 15 de febrero de 2026, iniciando en Ciudad Madero con la coronaci\u00f3n de la reina \u201cGisela\u201d y el rey \u201cBaruch\u201d, adem\u00e1s de la emblem\u00e1tica quema del mal humor. Posteriormente, el carnaval continuar\u00e1 en Altamira y Tampico, donde se espera superar la asistencia registrada en 2025, que fue de m\u00e1s de 73 mil personas.<\/p>\n\n\n\n<p class=\"has-medium-font-size\">De acuerdo con las estimaciones, el evento generar\u00e1 una derrama econ\u00f3mica aproximada de 22.5 millones de pesos, adem\u00e1s de ofrecer un programa art\u00edstico que incluir\u00e1 presentaciones musicales sorpresa para el disfrute de los asistentes.<\/p>\n\n\n\n<p class=\"has-medium-font-size\">La estrategia de difusi\u00f3n contempla no solo a Ciudad Victoria y distintos puntos de Tamaulipas, sino tambi\u00e9n a la Ciudad de M\u00e9xico, Monterrey y otras regiones del pa\u00eds, con la finalidad de atraer a un mayor n\u00famero de visitantes y seguir posicionando al Carnaval Conurbado como un referente tur\u00edstico y cultural a nivel nacional.<\/p>\n\n\n\n<figure class=\"wp-block-gallery has-nested-images columns-default is-cropped wp-block-gallery-1 is-layout-flex wp-block-gallery-is-layout-flex\">\n<figure class=\"wp-block-image size-full\"><img loading=\"lazy\" decoding=\"async\" width=\"780\" height=\"436\" data-id=\"24642\" src=\"https:\/\/vocerodelpueblo.com\/wp-content\/uploads\/2026\/02\/WhatsApp-Image-2026-01-15-at-12.31.52-PM.jpg\" alt=\"\" class=\"wp-image-24642\" srcset=\"https:\/\/vocerodelpueblo.com\/wp-content\/uploads\/2026\/02\/WhatsApp-Image-2026-01-15-at-12.31.52-PM.jpg 780w, https:\/\/vocerodelpueblo.com\/wp-content\/uploads\/2026\/02\/WhatsApp-Image-2026-01-15-at-12.31.52-PM-350x196.jpg 350w, https:\/\/vocerodelpueblo.com\/wp-content\/uploads\/2026\/02\/WhatsApp-Image-2026-01-15-at-12.31.52-PM-728x407.jpg 728w\" sizes=\"auto, (max-width: 780px) 100vw, 780px\" \/><\/figure>\n\n\n\n<figure class=\"wp-block-image size-full\"><img loading=\"lazy\" decoding=\"async\" width=\"780\" height=\"436\" data-id=\"24641\" src=\"https:\/\/vocerodelpueblo.com\/wp-content\/uploads\/2026\/02\/WhatsApp-Image-2026-01-15-at-12.32.37-PM.jpg\" alt=\"\" class=\"wp-image-24641\" srcset=\"https:\/\/vocerodelpueblo.com\/wp-content\/uploads\/2026\/02\/WhatsApp-Image-2026-01-15-at-12.32.37-PM.jpg 780w, https:\/\/vocerodelpueblo.com\/wp-content\/uploads\/2026\/02\/WhatsApp-Image-2026-01-15-at-12.32.37-PM-350x196.jpg 350w, https:\/\/vocerodelpueblo.com\/wp-content\/uploads\/2026\/02\/WhatsApp-Image-2026-01-15-at-12.32.37-PM-728x407.jpg 728w\" sizes=\"auto, (max-width: 780px) 100vw, 780px\" \/><\/figure>\n\n\n\n<figure class=\"wp-block-image size-full\"><img loading=\"lazy\" decoding=\"async\" width=\"780\" height=\"436\" data-id=\"24643\" src=\"https:\/\/vocerodelpueblo.com\/wp-content\/uploads\/2026\/02\/WhatsApp-Image-2026-01-15-at-12.32.57-PM.jpg\" alt=\"\" class=\"wp-image-24643\" srcset=\"https:\/\/vocerodelpueblo.com\/wp-content\/uploads\/2026\/02\/WhatsApp-Image-2026-01-15-at-12.32.57-PM.jpg 780w, https:\/\/vocerodelpueblo.com\/wp-content\/uploads\/2026\/02\/WhatsApp-Image-2026-01-15-at-12.32.57-PM-350x196.jpg 350w, https:\/\/vocerodelpueblo.com\/wp-content\/uploads\/2026\/02\/WhatsApp-Image-2026-01-15-at-12.32.57-PM-728x407.jpg 728w\" sizes=\"auto, (max-width: 780px) 100vw, 780px\" \/><\/figure>\n<\/figure>\n","protected":false},"excerpt":{"rendered":"<p>*Esperan m\u00e1s de 73 mil visitantes y una derrama econ\u00f3mica superior a los 22.5 millones de pesos en la zona sur de Tamaulipas Con el objetivo de fortalecer la proyecci\u00f3n del Carnaval Conurbado 2026, el alcalde de Altamira, Dr. Armando Mart\u00ednez Manr\u00edquez, particip\u00f3 en una gira de promoci\u00f3n en Ciudad Victoria y Monterrey, acompa\u00f1ado por [&hellip;]<\/p>\n","protected":false},"author":2,"featured_media":24643,"comment_status":"closed","ping_status":"closed","sticky":false,"template":"","format":"standard","meta":{"footnotes":""},"categories":[5],"tags":[],"class_list":["post-24640","post","type-post","status-publish","format-standard","has-post-thumbnail","hentry","category-altamira"],"_links":{"self":[{"href":"https:\/\/vocerodelpueblo.com\/index.php?rest_route=\/wp\/v2\/posts\/24640","targetHints":{"allow":["GET"]}}],"collection":[{"href":"https:\/\/vocerodelpueblo.com\/index.php?rest_route=\/wp\/v2\/posts"}],"about":[{"href":"https:\/\/vocerodelpueblo.com\/index.php?rest_route=\/wp\/v2\/types\/post"}],"author":[{"embeddable":true,"href":"https:\/\/vocerodelpueblo.com\/index.php?rest_route=\/wp\/v2\/users\/2"}],"replies":[{"embeddable":true,"href":"https:\/\/vocerodelpueblo.com\/index.php?rest_route=%2Fwp%2Fv2%2Fcomments&post=24640"}],"version-history":[{"count":1,"href":"https:\/\/vocerodelpueblo.com\/index.php?rest_route=\/wp\/v2\/posts\/24640\/revisions"}],"predecessor-version":[{"id":24644,"href":"https:\/\/vocerodelpueblo.com\/index.php?rest_route=\/wp\/v2\/posts\/24640\/revisions\/24644"}],"wp:featuredmedia":[{"embeddable":true,"href":"https:\/\/vocerodelpueblo.com\/index.php?rest_route=\/wp\/v2\/media\/24643"}],"wp:attachment":[{"href":"https:\/\/vocerodelpueblo.com\/index.php?rest_route=%2Fwp%2Fv2%2Fmedia&parent=24640"}],"wp:term":[{"taxonomy":"category","embeddable":true,"href":"https:\/\/vocerodelpueblo.com\/index.php?rest_route=%2Fwp%2Fv2%2Fcategories&post=24640"},{"taxonomy":"post_tag","embeddable":true,"href":"https:\/\/vocerodelpueblo.com\/index.php?rest_route=%2Fwp%2Fv2%2Ftags&post=24640"}],"curies":[{"name":"wp","href":"https:\/\/api.w.org\/{rel}","templated":true}]}}