{"id":24838,"date":"2026-02-13T17:25:34","date_gmt":"2026-02-13T23:25:34","guid":{"rendered":"https:\/\/vocerodelpueblo.com\/?p=24838"},"modified":"2026-02-17T17:27:37","modified_gmt":"2026-02-17T23:27:37","slug":"estudiantes-de-la-uat-disfrutan-del-tributo-musical-broken-heart-club","status":"publish","type":"post","link":"https:\/\/vocerodelpueblo.com\/?p=24838","title":{"rendered":"Estudiantes de la UAT disfrutan del tributo musical \u201cBroken Heart Club\u201d"},"content":{"rendered":"\n<p class=\"has-medium-font-size\">El rector de la Universidad Aut\u00f3noma de Tamaulipas (UAT), D\u00e1maso Anaya Alvarado, acompa\u00f1\u00f3 a la comunidad estudiantil en la serie de conciertos \u201cBroken Heart Club\u201d, realizada en los gimnasios multidisciplinarios de la UAT de Tampico y Victoria, en el marco del D\u00eda del Amor y la Amistad.<\/p>\n\n\n\n<p class=\"has-medium-font-size\">Con la asistencia de cientos de estudiantes de las facultades, unidades acad\u00e9micas y escuelas de los respectivos campus, el rector estuvo acompa\u00f1ado por su esposa, Lic. Isolda Rend\u00f3n de Anaya, presidenta de Familia UAT, para compartir un espacio de convivencia con las y los j\u00f3venes universitarios.<\/p>\n\n\n\n<p class=\"has-medium-font-size\">En su mensaje reiter\u00f3 el compromiso institucional con la formaci\u00f3n integral, y destac\u00f3 la importancia de generar espacios que fortalezcan la fraternidad y el sentido de pertenencia universitario.<\/p>\n\n\n\n<p class=\"has-medium-font-size\">Subray\u00f3 que este tipo de actividades forman parte de la visi\u00f3n institucional de impulsar experiencias que complementen la preparaci\u00f3n acad\u00e9mica con propuestas culturales y recreativas que enriquezcan la vida estudiantil.<\/p>\n\n\n\n<p class=\"has-medium-font-size\">Se\u00f1al\u00f3 que estos espacios no solo fortalecen la identidad institucional, sino que tambi\u00e9n dejan huellas personales que trascienden en el tiempo, al permitir que las y los j\u00f3venes construyan amistades y experiencias significativas dentro de la Universidad.<\/p>\n\n\n\n<p class=\"has-medium-font-size\">La serie de conciertos estuvo a cargo de la agrupaci\u00f3n Tempus Quartet, que present\u00f3 un tributo musical con un repertorio de artistas como Ariana Grande, Billie Eilish, Taylor Swift, Lana del Rey, Sabrina Carpenter y Olivia Rodrigo, conectando con los gustos de la comunidad universitaria.<\/p>\n\n\n\n<p class=\"has-medium-font-size\">El rector exhort\u00f3 a las y los estudiantes a disfrutar plenamente estos espacios, recordando que la Universidad promueve una convivencia sana y responsable, as\u00ed como el equilibrio entre la vida acad\u00e9mica y las actividades culturales.<\/p>\n\n\n\n<figure class=\"wp-block-gallery has-nested-images columns-default is-cropped wp-block-gallery-1 is-layout-flex wp-block-gallery-is-layout-flex\">\n<figure class=\"wp-block-image size-full\"><img loading=\"lazy\" decoding=\"async\" width=\"700\" height=\"467\" data-id=\"24839\" src=\"https:\/\/vocerodelpueblo.com\/wp-content\/uploads\/2026\/02\/5-13.jpg\" alt=\"\" class=\"wp-image-24839\" srcset=\"https:\/\/vocerodelpueblo.com\/wp-content\/uploads\/2026\/02\/5-13.jpg 700w, https:\/\/vocerodelpueblo.com\/wp-content\/uploads\/2026\/02\/5-13-350x234.jpg 350w, https:\/\/vocerodelpueblo.com\/wp-content\/uploads\/2026\/02\/5-13-631x421.jpg 631w\" sizes=\"auto, (max-width: 700px) 100vw, 700px\" \/><\/figure>\n\n\n\n<figure class=\"wp-block-image size-full\"><img loading=\"lazy\" decoding=\"async\" width=\"700\" height=\"467\" data-id=\"24841\" src=\"https:\/\/vocerodelpueblo.com\/wp-content\/uploads\/2026\/02\/2-26.jpg\" alt=\"\" class=\"wp-image-24841\" srcset=\"https:\/\/vocerodelpueblo.com\/wp-content\/uploads\/2026\/02\/2-26.jpg 700w, https:\/\/vocerodelpueblo.com\/wp-content\/uploads\/2026\/02\/2-26-350x234.jpg 350w, https:\/\/vocerodelpueblo.com\/wp-content\/uploads\/2026\/02\/2-26-631x421.jpg 631w\" sizes=\"auto, (max-width: 700px) 100vw, 700px\" \/><\/figure>\n\n\n\n<figure class=\"wp-block-image size-full\"><img loading=\"lazy\" decoding=\"async\" width=\"700\" height=\"467\" data-id=\"24840\" src=\"https:\/\/vocerodelpueblo.com\/wp-content\/uploads\/2026\/02\/1-32-1.jpg\" alt=\"\" class=\"wp-image-24840\" srcset=\"https:\/\/vocerodelpueblo.com\/wp-content\/uploads\/2026\/02\/1-32-1.jpg 700w, https:\/\/vocerodelpueblo.com\/wp-content\/uploads\/2026\/02\/1-32-1-350x234.jpg 350w, https:\/\/vocerodelpueblo.com\/wp-content\/uploads\/2026\/02\/1-32-1-631x421.jpg 631w\" sizes=\"auto, (max-width: 700px) 100vw, 700px\" \/><\/figure>\n<\/figure>\n","protected":false},"excerpt":{"rendered":"<p>El rector de la Universidad Aut\u00f3noma de Tamaulipas (UAT), D\u00e1maso Anaya Alvarado, acompa\u00f1\u00f3 a la comunidad estudiantil en la serie de conciertos \u201cBroken Heart Club\u201d, realizada en los gimnasios multidisciplinarios de la UAT de Tampico y Victoria, en el marco del D\u00eda del Amor y la Amistad. Con la asistencia de cientos de estudiantes de [&hellip;]<\/p>\n","protected":false},"author":2,"featured_media":24839,"comment_status":"closed","ping_status":"closed","sticky":false,"template":"","format":"standard","meta":{"footnotes":""},"categories":[14],"tags":[],"class_list":["post-24838","post","type-post","status-publish","format-standard","has-post-thumbnail","hentry","category-uat"],"_links":{"self":[{"href":"https:\/\/vocerodelpueblo.com\/index.php?rest_route=\/wp\/v2\/posts\/24838","targetHints":{"allow":["GET"]}}],"collection":[{"href":"https:\/\/vocerodelpueblo.com\/index.php?rest_route=\/wp\/v2\/posts"}],"about":[{"href":"https:\/\/vocerodelpueblo.com\/index.php?rest_route=\/wp\/v2\/types\/post"}],"author":[{"embeddable":true,"href":"https:\/\/vocerodelpueblo.com\/index.php?rest_route=\/wp\/v2\/users\/2"}],"replies":[{"embeddable":true,"href":"https:\/\/vocerodelpueblo.com\/index.php?rest_route=%2Fwp%2Fv2%2Fcomments&post=24838"}],"version-history":[{"count":1,"href":"https:\/\/vocerodelpueblo.com\/index.php?rest_route=\/wp\/v2\/posts\/24838\/revisions"}],"predecessor-version":[{"id":24842,"href":"https:\/\/vocerodelpueblo.com\/index.php?rest_route=\/wp\/v2\/posts\/24838\/revisions\/24842"}],"wp:featuredmedia":[{"embeddable":true,"href":"https:\/\/vocerodelpueblo.com\/index.php?rest_route=\/wp\/v2\/media\/24839"}],"wp:attachment":[{"href":"https:\/\/vocerodelpueblo.com\/index.php?rest_route=%2Fwp%2Fv2%2Fmedia&parent=24838"}],"wp:term":[{"taxonomy":"category","embeddable":true,"href":"https:\/\/vocerodelpueblo.com\/index.php?rest_route=%2Fwp%2Fv2%2Fcategories&post=24838"},{"taxonomy":"post_tag","embeddable":true,"href":"https:\/\/vocerodelpueblo.com\/index.php?rest_route=%2Fwp%2Fv2%2Ftags&post=24838"}],"curies":[{"name":"wp","href":"https:\/\/api.w.org\/{rel}","templated":true}]}}