{"id":24908,"date":"2026-02-18T16:18:50","date_gmt":"2026-02-18T22:18:50","guid":{"rendered":"https:\/\/vocerodelpueblo.com\/?p=24908"},"modified":"2026-02-27T16:41:45","modified_gmt":"2026-02-27T22:41:45","slug":"consolida-la-uat-avances-de-la-facultad-de-ingenieria-y-ciencias","status":"publish","type":"post","link":"https:\/\/vocerodelpueblo.com\/?p=24908","title":{"rendered":"Consolida la UAT avances de la Facultad de Ingenier\u00eda y Ciencias"},"content":{"rendered":"\n<p class=\"has-medium-font-size\">En una gira de trabajo por la Facultad de Ingenier\u00eda y Ciencias (FIC), el rector de la Universidad Aut\u00f3noma de Tamaulipas (UAT), D\u00e1maso Anaya Alvarado, inaugur\u00f3 la techumbre de la cancha de usos m\u00faltiples; a la vez que oficializ\u00f3 el inicio de la gesti\u00f3n del Dr. Vicente Paul Sald\u00edvar Alonso como director del plantel para el periodo 2026-2029.<\/p>\n\n\n\n<p class=\"has-medium-font-size\">Acompa\u00f1ado de su esposa, la Lic. Isolda Rend\u00f3n de Anaya, presidenta de Familia UAT, el rector dio apertura a este nuevo espacio ante cientos de estudiantes, personal docente y administrativo, reiterando el compromiso institucional con el fortalecimiento de la infraestructura y la creaci\u00f3n de \u00e1reas adecuadas para la formaci\u00f3n integral.<\/p>\n\n\n\n<p class=\"has-medium-font-size\">En su mensaje, subray\u00f3 que la entrega de esta obra simboliza la materializaci\u00f3n de una pol\u00edtica de gesti\u00f3n orientada a generar condiciones dignas para la formaci\u00f3n acad\u00e9mica, la convivencia y el bienestar de la comunidad.<\/p>\n\n\n\n<p class=\"has-medium-font-size\">En este marco, el rector llev\u00f3 a cabo la toma de protesta del director Vicente Paul Sald\u00edvar Alonso, quien encabeza un nuevo periodo al frente de la FIC.<\/p>\n\n\n\n<p class=\"has-medium-font-size\">Expres\u00f3 que este acto solemne representa el inicio de una etapa de continuidad con visi\u00f3n estrat\u00e9gica, orientada al fortalecimiento acad\u00e9mico y a la consolidaci\u00f3n de proyectos prioritarios para la comunidad universitaria.<\/p>\n\n\n\n<p class=\"has-medium-font-size\">D\u00e1maso Anaya reiter\u00f3 su respaldo a la FIC para seguir impulsando la investigaci\u00f3n, ampliar la vinculaci\u00f3n con el sector productivo y consolidar la formaci\u00f3n integral de sus estudiantes, destacando que el liderazgo universitario se sustenta en el ejemplo, la congruencia y la cercan\u00eda con la comunidad.<\/p>\n\n\n\n<p class=\"has-medium-font-size\">Enfatiz\u00f3 que en esta facultad no solo se forman profesionistas, sino agentes de transformaci\u00f3n capaces de incidir en la infraestructura, la industria, la tecnolog\u00eda, el medio ambiente y el desarrollo social.<\/p>\n\n\n\n<p class=\"has-medium-font-size\">Se\u00f1al\u00f3 tambi\u00e9n que la FIC se distingue como una de las estructuras acad\u00e9micas m\u00e1s s\u00f3lidas de la UAT, con matr\u00edcula consolidada, cuerpos acad\u00e9micos fortalecidos y docentes reconocidos en el Sistema Nacional de Investigadoras e Investigadores.<\/p>\n\n\n\n<p class=\"has-medium-font-size\">Tras la ceremonia protocolaria, el rector convivi\u00f3 con estudiantes de la facultad, quienes le expresaron su reconocimiento y agradecimiento por el respaldo brindado a la comunidad acad\u00e9mica y por la entrega de la nueva cancha techada, destacando los avances impulsados durante su administraci\u00f3n.<\/p>\n\n\n\n<p class=\"has-medium-font-size\">Participaron en el desarrollo de las actividades destacados exdirectores de esta instituci\u00f3n acad\u00e9mica, entre ellos el exrector de la UAT, Humberto Filizola Haces, Mario Alberto Lara Hern\u00e1ndez y Froyl\u00e1n Lucero Maga\u00f1a, adem\u00e1s de integrantes del gabinete de la rector\u00eda.<\/p>\n\n\n\n<figure class=\"wp-block-gallery has-nested-images columns-default is-cropped wp-block-gallery-1 is-layout-flex wp-block-gallery-is-layout-flex\">\n<figure class=\"wp-block-image size-full\"><img loading=\"lazy\" decoding=\"async\" width=\"700\" height=\"466\" data-id=\"24909\" src=\"https:\/\/vocerodelpueblo.com\/wp-content\/uploads\/2026\/02\/3-32.jpg\" alt=\"\" class=\"wp-image-24909\" srcset=\"https:\/\/vocerodelpueblo.com\/wp-content\/uploads\/2026\/02\/3-32.jpg 700w, https:\/\/vocerodelpueblo.com\/wp-content\/uploads\/2026\/02\/3-32-350x233.jpg 350w, https:\/\/vocerodelpueblo.com\/wp-content\/uploads\/2026\/02\/3-32-632x421.jpg 632w\" sizes=\"auto, (max-width: 700px) 100vw, 700px\" \/><\/figure>\n\n\n\n<figure class=\"wp-block-image size-full\"><img loading=\"lazy\" decoding=\"async\" width=\"800\" height=\"533\" data-id=\"24910\" src=\"https:\/\/vocerodelpueblo.com\/wp-content\/uploads\/2026\/02\/2-37.jpg\" alt=\"\" class=\"wp-image-24910\" srcset=\"https:\/\/vocerodelpueblo.com\/wp-content\/uploads\/2026\/02\/2-37.jpg 800w, https:\/\/vocerodelpueblo.com\/wp-content\/uploads\/2026\/02\/2-37-350x233.jpg 350w, https:\/\/vocerodelpueblo.com\/wp-content\/uploads\/2026\/02\/2-37-632x421.jpg 632w\" sizes=\"auto, (max-width: 800px) 100vw, 800px\" \/><\/figure>\n\n\n\n<figure class=\"wp-block-image size-full\"><img loading=\"lazy\" decoding=\"async\" width=\"800\" height=\"381\" data-id=\"24911\" src=\"https:\/\/vocerodelpueblo.com\/wp-content\/uploads\/2026\/02\/1-36.jpg\" alt=\"\" class=\"wp-image-24911\" srcset=\"https:\/\/vocerodelpueblo.com\/wp-content\/uploads\/2026\/02\/1-36.jpg 800w, https:\/\/vocerodelpueblo.com\/wp-content\/uploads\/2026\/02\/1-36-350x167.jpg 350w, https:\/\/vocerodelpueblo.com\/wp-content\/uploads\/2026\/02\/1-36-728x347.jpg 728w\" sizes=\"auto, (max-width: 800px) 100vw, 800px\" \/><\/figure>\n<\/figure>\n","protected":false},"excerpt":{"rendered":"<p>En una gira de trabajo por la Facultad de Ingenier\u00eda y Ciencias (FIC), el rector de la Universidad Aut\u00f3noma de Tamaulipas (UAT), D\u00e1maso Anaya Alvarado, inaugur\u00f3 la techumbre de la cancha de usos m\u00faltiples; a la vez que oficializ\u00f3 el inicio de la gesti\u00f3n del Dr. Vicente Paul Sald\u00edvar Alonso como director del plantel para [&hellip;]<\/p>\n","protected":false},"author":2,"featured_media":24910,"comment_status":"closed","ping_status":"closed","sticky":false,"template":"","format":"standard","meta":{"footnotes":""},"categories":[14],"tags":[],"class_list":["post-24908","post","type-post","status-publish","format-standard","has-post-thumbnail","hentry","category-uat"],"_links":{"self":[{"href":"https:\/\/vocerodelpueblo.com\/index.php?rest_route=\/wp\/v2\/posts\/24908","targetHints":{"allow":["GET"]}}],"collection":[{"href":"https:\/\/vocerodelpueblo.com\/index.php?rest_route=\/wp\/v2\/posts"}],"about":[{"href":"https:\/\/vocerodelpueblo.com\/index.php?rest_route=\/wp\/v2\/types\/post"}],"author":[{"embeddable":true,"href":"https:\/\/vocerodelpueblo.com\/index.php?rest_route=\/wp\/v2\/users\/2"}],"replies":[{"embeddable":true,"href":"https:\/\/vocerodelpueblo.com\/index.php?rest_route=%2Fwp%2Fv2%2Fcomments&post=24908"}],"version-history":[{"count":1,"href":"https:\/\/vocerodelpueblo.com\/index.php?rest_route=\/wp\/v2\/posts\/24908\/revisions"}],"predecessor-version":[{"id":24912,"href":"https:\/\/vocerodelpueblo.com\/index.php?rest_route=\/wp\/v2\/posts\/24908\/revisions\/24912"}],"wp:featuredmedia":[{"embeddable":true,"href":"https:\/\/vocerodelpueblo.com\/index.php?rest_route=\/wp\/v2\/media\/24910"}],"wp:attachment":[{"href":"https:\/\/vocerodelpueblo.com\/index.php?rest_route=%2Fwp%2Fv2%2Fmedia&parent=24908"}],"wp:term":[{"taxonomy":"category","embeddable":true,"href":"https:\/\/vocerodelpueblo.com\/index.php?rest_route=%2Fwp%2Fv2%2Fcategories&post=24908"},{"taxonomy":"post_tag","embeddable":true,"href":"https:\/\/vocerodelpueblo.com\/index.php?rest_route=%2Fwp%2Fv2%2Ftags&post=24908"}],"curies":[{"name":"wp","href":"https:\/\/api.w.org\/{rel}","templated":true}]}}