{"id":24923,"date":"2026-02-21T16:50:25","date_gmt":"2026-02-21T22:50:25","guid":{"rendered":"https:\/\/vocerodelpueblo.com\/?p=24923"},"modified":"2026-02-27T16:52:57","modified_gmt":"2026-02-27T22:52:57","slug":"colabora-la-uat-con-el-sector-salud-en-jornadas-de-vacunacio","status":"publish","type":"post","link":"https:\/\/vocerodelpueblo.com\/?p=24923","title":{"rendered":"Colabora la UAT con el Sector Salud en jornadas de vacunaci\u00f3"},"content":{"rendered":"\n<p class=\"has-medium-font-size\">La Universidad Aut\u00f3noma de Tamaulipas (UAT), en coordinaci\u00f3n con la Secretar\u00eda de Salud, lleva a cabo exitosas jornadas de vacunaci\u00f3n en las instalaciones universitarias de Reynosa, ampliando el acceso a servicios preventivos para estudiantes, docentes, trabajadores y sus familias.<\/p>\n\n\n\n<p class=\"has-medium-font-size\">El pasado mi\u00e9rcoles 18 de febrero, la Unidad Acad\u00e9mica Multidisciplinaria Reynosa Aztl\u00e1n fue sede de una campa\u00f1a dirigida, inicialmente, al personal docente y administrativo; no obstante, atendiendo al enfoque social que distingue a la instituci\u00f3n, la jornada se extendi\u00f3 a estudiantes y familiares de la comunidad universitaria que acudieron al llamado, fortaleciendo as\u00ed el alcance de la estrategia de inmunizaci\u00f3n.<\/p>\n\n\n\n<p class=\"has-medium-font-size\">Posteriormente, el 20 de febrero, la jornada se desarroll\u00f3 en el Gimnasio Multidisciplinario UAT Reynosa, donde se aplicaron cerca de 867 vacunas contra t\u00e9tanos, neumococo, influenza y sarampi\u00f3n.<\/p>\n\n\n\n<p class=\"has-medium-font-size\">La significativa participaci\u00f3n registrada evidencia la efectividad de la coordinaci\u00f3n interinstitucional y la confianza de la comunidad en las estrategias de prevenci\u00f3n impulsadas desde la Universidad.<\/p>\n\n\n\n<p class=\"has-medium-font-size\">Estas jornadas forman parte de una pol\u00edtica institucional alineada con la visi\u00f3n de responsabilidad social y vinculaci\u00f3n estrat\u00e9gica que impulsa el rector, D\u00e1maso Anaya Alvarado, orientada a consolidar entornos universitarios seguros y saludables, as\u00ed como a fortalecer la colaboraci\u00f3n con instancias gubernamentales en beneficio de la sociedad tamaulipeca.<\/p>\n\n\n\n<p class=\"has-medium-font-size\">De igual forma, se ha programado una nueva jornada para la pr\u00f3xima semana en la Unidad Acad\u00e9mica Multidisciplinaria Reynosa Aztl\u00e1n, con el prop\u00f3sito de atender a estudiantes del turno vespertino y a quienes, por actividades laborales, servicio social o pr\u00e1cticas profesionales, no pudieron acceder a la vacunaci\u00f3n en las fechas anteriores.<\/p>\n\n\n\n<p class=\"has-medium-font-size\">Con estas acciones, la UAT reafirma su vocaci\u00f3n de servicio y su compromiso con la promoci\u00f3n de la salud p\u00fablica, sumando esfuerzos con el sector salud para contribuir al bienestar integral de la comunidad universitaria y de las familias de la regi\u00f3n.<\/p>\n\n\n\n<figure class=\"wp-block-gallery has-nested-images columns-default is-cropped wp-block-gallery-1 is-layout-flex wp-block-gallery-is-layout-flex\">\n<figure class=\"wp-block-image size-full\"><img loading=\"lazy\" decoding=\"async\" width=\"700\" height=\"466\" data-id=\"24924\" src=\"https:\/\/vocerodelpueblo.com\/wp-content\/uploads\/2026\/02\/3-35.jpg\" alt=\"\" class=\"wp-image-24924\" srcset=\"https:\/\/vocerodelpueblo.com\/wp-content\/uploads\/2026\/02\/3-35.jpg 700w, https:\/\/vocerodelpueblo.com\/wp-content\/uploads\/2026\/02\/3-35-350x233.jpg 350w, https:\/\/vocerodelpueblo.com\/wp-content\/uploads\/2026\/02\/3-35-632x421.jpg 632w\" sizes=\"auto, (max-width: 700px) 100vw, 700px\" \/><\/figure>\n\n\n\n<figure class=\"wp-block-image size-full\"><img loading=\"lazy\" decoding=\"async\" width=\"600\" height=\"399\" data-id=\"24925\" src=\"https:\/\/vocerodelpueblo.com\/wp-content\/uploads\/2026\/02\/1-37.jpg\" alt=\"\" class=\"wp-image-24925\" srcset=\"https:\/\/vocerodelpueblo.com\/wp-content\/uploads\/2026\/02\/1-37.jpg 600w, https:\/\/vocerodelpueblo.com\/wp-content\/uploads\/2026\/02\/1-37-350x233.jpg 350w\" sizes=\"auto, (max-width: 600px) 100vw, 600px\" \/><\/figure>\n\n\n\n<figure class=\"wp-block-image size-full\"><img loading=\"lazy\" decoding=\"async\" width=\"885\" height=\"590\" data-id=\"24926\" src=\"https:\/\/vocerodelpueblo.com\/wp-content\/uploads\/2026\/02\/4-26.jpeg\" alt=\"\" class=\"wp-image-24926\" srcset=\"https:\/\/vocerodelpueblo.com\/wp-content\/uploads\/2026\/02\/4-26.jpeg 885w, https:\/\/vocerodelpueblo.com\/wp-content\/uploads\/2026\/02\/4-26-350x233.jpeg 350w, https:\/\/vocerodelpueblo.com\/wp-content\/uploads\/2026\/02\/4-26-632x421.jpeg 632w\" sizes=\"auto, (max-width: 885px) 100vw, 885px\" \/><\/figure>\n<\/figure>\n","protected":false},"excerpt":{"rendered":"<p>La Universidad Aut\u00f3noma de Tamaulipas (UAT), en coordinaci\u00f3n con la Secretar\u00eda de Salud, lleva a cabo exitosas jornadas de vacunaci\u00f3n en las instalaciones universitarias de Reynosa, ampliando el acceso a servicios preventivos para estudiantes, docentes, trabajadores y sus familias. El pasado mi\u00e9rcoles 18 de febrero, la Unidad Acad\u00e9mica Multidisciplinaria Reynosa Aztl\u00e1n fue sede de una [&hellip;]<\/p>\n","protected":false},"author":2,"featured_media":24925,"comment_status":"closed","ping_status":"closed","sticky":false,"template":"","format":"standard","meta":{"footnotes":""},"categories":[14],"tags":[],"class_list":["post-24923","post","type-post","status-publish","format-standard","has-post-thumbnail","hentry","category-uat"],"_links":{"self":[{"href":"https:\/\/vocerodelpueblo.com\/index.php?rest_route=\/wp\/v2\/posts\/24923","targetHints":{"allow":["GET"]}}],"collection":[{"href":"https:\/\/vocerodelpueblo.com\/index.php?rest_route=\/wp\/v2\/posts"}],"about":[{"href":"https:\/\/vocerodelpueblo.com\/index.php?rest_route=\/wp\/v2\/types\/post"}],"author":[{"embeddable":true,"href":"https:\/\/vocerodelpueblo.com\/index.php?rest_route=\/wp\/v2\/users\/2"}],"replies":[{"embeddable":true,"href":"https:\/\/vocerodelpueblo.com\/index.php?rest_route=%2Fwp%2Fv2%2Fcomments&post=24923"}],"version-history":[{"count":1,"href":"https:\/\/vocerodelpueblo.com\/index.php?rest_route=\/wp\/v2\/posts\/24923\/revisions"}],"predecessor-version":[{"id":24927,"href":"https:\/\/vocerodelpueblo.com\/index.php?rest_route=\/wp\/v2\/posts\/24923\/revisions\/24927"}],"wp:featuredmedia":[{"embeddable":true,"href":"https:\/\/vocerodelpueblo.com\/index.php?rest_route=\/wp\/v2\/media\/24925"}],"wp:attachment":[{"href":"https:\/\/vocerodelpueblo.com\/index.php?rest_route=%2Fwp%2Fv2%2Fmedia&parent=24923"}],"wp:term":[{"taxonomy":"category","embeddable":true,"href":"https:\/\/vocerodelpueblo.com\/index.php?rest_route=%2Fwp%2Fv2%2Fcategories&post=24923"},{"taxonomy":"post_tag","embeddable":true,"href":"https:\/\/vocerodelpueblo.com\/index.php?rest_route=%2Fwp%2Fv2%2Ftags&post=24923"}],"curies":[{"name":"wp","href":"https:\/\/api.w.org\/{rel}","templated":true}]}}