{"id":24931,"date":"2026-02-23T16:57:28","date_gmt":"2026-02-23T22:57:28","guid":{"rendered":"https:\/\/vocerodelpueblo.com\/?p=24931"},"modified":"2026-02-27T17:00:51","modified_gmt":"2026-02-27T23:00:51","slug":"lalo-sagastegui-conquista-el-nacional-de-judo-y-enaltece-el-nombre-de-la-uat","status":"publish","type":"post","link":"https:\/\/vocerodelpueblo.com\/?p=24931","title":{"rendered":"Lalo Sagastegui conquista el nacional de judo y enaltece el nombre de la UAT"},"content":{"rendered":"\n<p class=\"has-medium-font-size\">El estudiante de la Universidad Aut\u00f3noma de Tamaulipas (UAT), Eduardo Sagastegui Becerra, se coron\u00f3 campe\u00f3n nacional de judo al obtener la medalla de oro en las categor\u00edas Junior (Sub21) y Senior (Mayores), durante el Torneo Nacional \u00abTomoyoshi Yamaguchi\u00bb 2026, consolid\u00e1ndose como una de las figuras m\u00e1s sobresalientes del alto rendimiento en M\u00e9xico.<\/p>\n\n\n\n<p class=\"has-medium-font-size\">La competencia, celebrada del 19 al 22 de febrero en Tlaxcala, reuni\u00f3 a delegaciones de 36 entidades del pa\u00eds y represent\u00f3 el principal clasificatorio rumbo a los Juegos Nacionales CONADE 2026.<\/p>\n\n\n\n<p class=\"has-medium-font-size\">En este escenario de m\u00e1xima exigencia, Sagastegui demostr\u00f3 car\u00e1cter, estrategia y contundencia t\u00e9cnica sobre el tatami, imponi\u00e9ndose ante los mejores exponentes nacionales y confirmando su madurez competitiva.<\/p>\n\n\n\n<p class=\"has-medium-font-size\">Tras su triunfo, el universitario expres\u00f3 en redes sociales su agradecimiento al rector de la UAT, D\u00e1maso Anaya Alvarado, por el respaldo institucional brindado a su trayectoria deportiva y acad\u00e9mica, reconociendo el impulso que la Universidad otorga a sus atletas de alto rendimiento como parte de su visi\u00f3n de formaci\u00f3n integral.<\/p>\n\n\n\n<p class=\"has-medium-font-size\">De igual manera, extendi\u00f3 su gratitud al Gobierno del Estado, al Instituto del Deporte de Tamaulipas y a quienes han acompa\u00f1ado su proceso.<\/p>\n\n\n\n<p class=\"has-medium-font-size\">Sagastegui manifest\u00f3 sentirse muy orgulloso de levantar estas medallas \u201ccon los colores de su casa en el coraz\u00f3n\u201d agradeciendo el acompa\u00f1amiento de su entrenadora, la sensei Ceci Mart\u00ednez; de sus compa\u00f1eros de equipo; de la comunidad deportiva de Tamaulipas; as\u00ed como el respaldo incondicional de su familia.<\/p>\n\n\n\n<p class=\"has-medium-font-size\">Este resultado no solo consolida a Eduardo Sagastegui dentro de la \u00e9lite nacional del judo, sino que proyecta el talento universitario tamaulipeco a los m\u00e1s altos niveles de competencia.<\/p>\n\n\n\n<figure class=\"wp-block-gallery has-nested-images columns-default is-cropped wp-block-gallery-1 is-layout-flex wp-block-gallery-is-layout-flex\">\n<figure class=\"wp-block-image size-full\"><img loading=\"lazy\" decoding=\"async\" width=\"600\" height=\"338\" data-id=\"24932\" src=\"https:\/\/vocerodelpueblo.com\/wp-content\/uploads\/2026\/02\/3-33.jpg\" alt=\"\" class=\"wp-image-24932\" srcset=\"https:\/\/vocerodelpueblo.com\/wp-content\/uploads\/2026\/02\/3-33.jpg 600w, https:\/\/vocerodelpueblo.com\/wp-content\/uploads\/2026\/02\/3-33-350x197.jpg 350w\" sizes=\"auto, (max-width: 600px) 100vw, 600px\" \/><\/figure>\n\n\n\n<figure class=\"wp-block-image size-full\"><img loading=\"lazy\" decoding=\"async\" width=\"600\" height=\"338\" data-id=\"24933\" src=\"https:\/\/vocerodelpueblo.com\/wp-content\/uploads\/2026\/02\/2-27.jpg\" alt=\"\" class=\"wp-image-24933\" srcset=\"https:\/\/vocerodelpueblo.com\/wp-content\/uploads\/2026\/02\/2-27.jpg 600w, https:\/\/vocerodelpueblo.com\/wp-content\/uploads\/2026\/02\/2-27-350x197.jpg 350w\" sizes=\"auto, (max-width: 600px) 100vw, 600px\" \/><\/figure>\n\n\n\n<figure class=\"wp-block-image size-full\"><img loading=\"lazy\" decoding=\"async\" width=\"600\" height=\"572\" data-id=\"24934\" src=\"https:\/\/vocerodelpueblo.com\/wp-content\/uploads\/2026\/02\/1-38.jpg\" alt=\"\" class=\"wp-image-24934\" srcset=\"https:\/\/vocerodelpueblo.com\/wp-content\/uploads\/2026\/02\/1-38.jpg 600w, https:\/\/vocerodelpueblo.com\/wp-content\/uploads\/2026\/02\/1-38-350x334.jpg 350w, https:\/\/vocerodelpueblo.com\/wp-content\/uploads\/2026\/02\/1-38-442x421.jpg 442w\" sizes=\"auto, (max-width: 600px) 100vw, 600px\" \/><\/figure>\n<\/figure>\n","protected":false},"excerpt":{"rendered":"<p>El estudiante de la Universidad Aut\u00f3noma de Tamaulipas (UAT), Eduardo Sagastegui Becerra, se coron\u00f3 campe\u00f3n nacional de judo al obtener la medalla de oro en las categor\u00edas Junior (Sub21) y Senior (Mayores), durante el Torneo Nacional \u00abTomoyoshi Yamaguchi\u00bb 2026, consolid\u00e1ndose como una de las figuras m\u00e1s sobresalientes del alto rendimiento en M\u00e9xico. La competencia, celebrada [&hellip;]<\/p>\n","protected":false},"author":2,"featured_media":24934,"comment_status":"closed","ping_status":"closed","sticky":false,"template":"","format":"standard","meta":{"footnotes":""},"categories":[14],"tags":[],"class_list":["post-24931","post","type-post","status-publish","format-standard","has-post-thumbnail","hentry","category-uat"],"_links":{"self":[{"href":"https:\/\/vocerodelpueblo.com\/index.php?rest_route=\/wp\/v2\/posts\/24931","targetHints":{"allow":["GET"]}}],"collection":[{"href":"https:\/\/vocerodelpueblo.com\/index.php?rest_route=\/wp\/v2\/posts"}],"about":[{"href":"https:\/\/vocerodelpueblo.com\/index.php?rest_route=\/wp\/v2\/types\/post"}],"author":[{"embeddable":true,"href":"https:\/\/vocerodelpueblo.com\/index.php?rest_route=\/wp\/v2\/users\/2"}],"replies":[{"embeddable":true,"href":"https:\/\/vocerodelpueblo.com\/index.php?rest_route=%2Fwp%2Fv2%2Fcomments&post=24931"}],"version-history":[{"count":1,"href":"https:\/\/vocerodelpueblo.com\/index.php?rest_route=\/wp\/v2\/posts\/24931\/revisions"}],"predecessor-version":[{"id":24935,"href":"https:\/\/vocerodelpueblo.com\/index.php?rest_route=\/wp\/v2\/posts\/24931\/revisions\/24935"}],"wp:featuredmedia":[{"embeddable":true,"href":"https:\/\/vocerodelpueblo.com\/index.php?rest_route=\/wp\/v2\/media\/24934"}],"wp:attachment":[{"href":"https:\/\/vocerodelpueblo.com\/index.php?rest_route=%2Fwp%2Fv2%2Fmedia&parent=24931"}],"wp:term":[{"taxonomy":"category","embeddable":true,"href":"https:\/\/vocerodelpueblo.com\/index.php?rest_route=%2Fwp%2Fv2%2Fcategories&post=24931"},{"taxonomy":"post_tag","embeddable":true,"href":"https:\/\/vocerodelpueblo.com\/index.php?rest_route=%2Fwp%2Fv2%2Ftags&post=24931"}],"curies":[{"name":"wp","href":"https:\/\/api.w.org\/{rel}","templated":true}]}}