{"id":25097,"date":"2026-03-06T11:03:00","date_gmt":"2026-03-06T17:03:00","guid":{"rendered":"https:\/\/vocerodelpueblo.com\/?p=25097"},"modified":"2026-03-06T11:04:11","modified_gmt":"2026-03-06T17:04:11","slug":"transforman-la-colonia-las-adelitas-con-pavimentacion-de-concreto-hidraulico","status":"publish","type":"post","link":"https:\/\/vocerodelpueblo.com\/?p=25097","title":{"rendered":"Transforman la Colonia Las Adelitas con Pavimentaci\u00f3n de Concreto Hidr\u00e1ulico"},"content":{"rendered":"\n<p class=\"has-medium-font-size\"><\/p>\n\n\n\n<p class=\"has-medium-font-size\"><strong>ALTAMIRA, TAMAULIPAS.<\/strong>&nbsp;\u2014 Como parte del intenso programa de infraestructura urbana que impulsa el Gobierno Municipal de Altamira, el alcalde&nbsp;<strong>Dr. Armando Mart\u00ednez Manr\u00edquez<\/strong>&nbsp;encabez\u00f3 la inauguraci\u00f3n de una obra integral de pavimentaci\u00f3n en la&nbsp;<strong>colonia Las Adelitas<\/strong>, beneficiando directamente a cientos de familias que por a\u00f1os padecieron el mal estado de sus vialidades.<\/p>\n\n\n\n<p class=\"has-medium-font-size\">La obra, entregada recientemente, consisti\u00f3 en la pavimentaci\u00f3n de la&nbsp;<strong>calle Ang\u00e9lica<\/strong>&nbsp;(en el tramo de la calle Carolina hasta el jard\u00edn de ni\u00f1os Rub\u00e9n Ram\u00edrez Perlestain) utilizando&nbsp;<strong>concreto hidr\u00e1ulico<\/strong>&nbsp;de alta resistencia, lo que garantiza una vida \u00fatil prolongada y un mantenimiento m\u00ednimo.<\/p>\n\n\n\n<p class=\"has-medium-font-size\"><strong>Una obra integral para la comunidad<\/strong><\/p>\n\n\n\n<p class=\"has-medium-font-size\">M\u00e1s all\u00e1 del pavimento, el proyecto incluy\u00f3 elementos clave para la seguridad y calidad de vida de los habitantes de la zona Laguna de la Puerta:<\/p>\n\n\n\n<ul class=\"wp-block-list\">\n<li class=\"has-medium-font-size\"><strong>Alumbrado P\u00fablico:<\/strong>&nbsp;Instalaci\u00f3n de nuevas luminarias para brindar mayor seguridad nocturna a peatones y automovilistas.<\/li>\n\n\n\n<li class=\"has-medium-font-size\"><strong>Infraestructura Peatonal:<\/strong>&nbsp;Construcci\u00f3n de guarniciones y banquetas que facilitan el tr\u00e1nsito seguro, especialmente para los ni\u00f1os que asisten al jard\u00edn de ni\u00f1os local.<\/li>\n\n\n\n<li class=\"has-medium-font-size\"><strong>Identidad Visual:<\/strong>&nbsp;La obra destaca por el distintivo&nbsp;<strong>arco de colores<\/strong>&nbsp;(naranja, azul y amarillo) al fondo, s\u00edmbolo que el Gobierno Municipal ha implementado para marcar los accesos renovados y las \u00e1reas de transformaci\u00f3n urbana.<\/li>\n<\/ul>\n\n\n\n<p><strong>Inversi\u00f3n y Compromiso Social<\/strong><\/p>\n\n\n\n<p class=\"has-medium-font-size\">Con una inversi\u00f3n superior a los&nbsp;<strong>5.5 millones de pesos<\/strong>, esta entrega reafirma el compromiso de la administraci\u00f3n actual de convertir a Altamira en una ciudad con conectividad moderna. Durante el corte de list\u00f3n, el Dr. Mart\u00ednez Manr\u00edquez subray\u00f3 que estas acciones no solo elevan la plusval\u00eda de las viviendas, sino que dignifican el entorno de quienes antes caminaban sobre calles de tierra.<\/p>\n\n\n\n<blockquote class=\"wp-block-quote is-layout-flow wp-block-quote-is-layout-flow\">\n<p class=\"has-medium-font-size\">\u00abEstamos cumpliendo con hechos, transformando colonias que por d\u00e9cadas fueron olvidadas. Amor con amor se paga\u00bb, expres\u00f3 el mandatario ante los vecinos presentes.<\/p>\n<\/blockquote>\n\n\n\n<figure class=\"wp-block-gallery has-nested-images columns-default is-cropped wp-block-gallery-1 is-layout-flex wp-block-gallery-is-layout-flex\">\n<figure class=\"wp-block-image size-full\"><img loading=\"lazy\" decoding=\"async\" width=\"800\" height=\"447\" data-id=\"25098\" src=\"https:\/\/vocerodelpueblo.com\/wp-content\/uploads\/2026\/03\/WhatsApp-Image-2026-03-06-at-7.18.29-AM.jpg\" alt=\"\" class=\"wp-image-25098\" srcset=\"https:\/\/vocerodelpueblo.com\/wp-content\/uploads\/2026\/03\/WhatsApp-Image-2026-03-06-at-7.18.29-AM.jpg 800w, https:\/\/vocerodelpueblo.com\/wp-content\/uploads\/2026\/03\/WhatsApp-Image-2026-03-06-at-7.18.29-AM-350x196.jpg 350w, https:\/\/vocerodelpueblo.com\/wp-content\/uploads\/2026\/03\/WhatsApp-Image-2026-03-06-at-7.18.29-AM-728x407.jpg 728w\" sizes=\"auto, (max-width: 800px) 100vw, 800px\" \/><\/figure>\n\n\n\n<figure class=\"wp-block-image size-full\"><img loading=\"lazy\" decoding=\"async\" width=\"800\" height=\"447\" data-id=\"25099\" src=\"https:\/\/vocerodelpueblo.com\/wp-content\/uploads\/2026\/03\/WhatsApp-Image-2026-03-06-at-7.18.07-AM.jpg\" alt=\"\" class=\"wp-image-25099\" srcset=\"https:\/\/vocerodelpueblo.com\/wp-content\/uploads\/2026\/03\/WhatsApp-Image-2026-03-06-at-7.18.07-AM.jpg 800w, https:\/\/vocerodelpueblo.com\/wp-content\/uploads\/2026\/03\/WhatsApp-Image-2026-03-06-at-7.18.07-AM-350x196.jpg 350w, https:\/\/vocerodelpueblo.com\/wp-content\/uploads\/2026\/03\/WhatsApp-Image-2026-03-06-at-7.18.07-AM-728x407.jpg 728w\" sizes=\"auto, (max-width: 800px) 100vw, 800px\" \/><\/figure>\n\n\n\n<figure class=\"wp-block-image size-full\"><img loading=\"lazy\" decoding=\"async\" width=\"800\" height=\"447\" data-id=\"25101\" src=\"https:\/\/vocerodelpueblo.com\/wp-content\/uploads\/2026\/03\/WhatsApp-Image-2026-03-06-at-7.17.53-AM.jpg\" alt=\"\" class=\"wp-image-25101\" srcset=\"https:\/\/vocerodelpueblo.com\/wp-content\/uploads\/2026\/03\/WhatsApp-Image-2026-03-06-at-7.17.53-AM.jpg 800w, https:\/\/vocerodelpueblo.com\/wp-content\/uploads\/2026\/03\/WhatsApp-Image-2026-03-06-at-7.17.53-AM-350x196.jpg 350w, https:\/\/vocerodelpueblo.com\/wp-content\/uploads\/2026\/03\/WhatsApp-Image-2026-03-06-at-7.17.53-AM-728x407.jpg 728w\" sizes=\"auto, (max-width: 800px) 100vw, 800px\" \/><\/figure>\n<\/figure>\n","protected":false},"excerpt":{"rendered":"<p>ALTAMIRA, TAMAULIPAS.&nbsp;\u2014 Como parte del intenso programa de infraestructura urbana que impulsa el Gobierno Municipal de Altamira, el alcalde&nbsp;Dr. Armando Mart\u00ednez Manr\u00edquez&nbsp;encabez\u00f3 la inauguraci\u00f3n de una obra integral de pavimentaci\u00f3n en la&nbsp;colonia Las Adelitas, beneficiando directamente a cientos de familias que por a\u00f1os padecieron el mal estado de sus vialidades. La obra, entregada recientemente, consisti\u00f3 [&hellip;]<\/p>\n","protected":false},"author":2,"featured_media":25100,"comment_status":"closed","ping_status":"closed","sticky":false,"template":"","format":"standard","meta":{"footnotes":""},"categories":[5],"tags":[],"class_list":["post-25097","post","type-post","status-publish","format-standard","has-post-thumbnail","hentry","category-altamira"],"_links":{"self":[{"href":"https:\/\/vocerodelpueblo.com\/index.php?rest_route=\/wp\/v2\/posts\/25097","targetHints":{"allow":["GET"]}}],"collection":[{"href":"https:\/\/vocerodelpueblo.com\/index.php?rest_route=\/wp\/v2\/posts"}],"about":[{"href":"https:\/\/vocerodelpueblo.com\/index.php?rest_route=\/wp\/v2\/types\/post"}],"author":[{"embeddable":true,"href":"https:\/\/vocerodelpueblo.com\/index.php?rest_route=\/wp\/v2\/users\/2"}],"replies":[{"embeddable":true,"href":"https:\/\/vocerodelpueblo.com\/index.php?rest_route=%2Fwp%2Fv2%2Fcomments&post=25097"}],"version-history":[{"count":2,"href":"https:\/\/vocerodelpueblo.com\/index.php?rest_route=\/wp\/v2\/posts\/25097\/revisions"}],"predecessor-version":[{"id":25103,"href":"https:\/\/vocerodelpueblo.com\/index.php?rest_route=\/wp\/v2\/posts\/25097\/revisions\/25103"}],"wp:featuredmedia":[{"embeddable":true,"href":"https:\/\/vocerodelpueblo.com\/index.php?rest_route=\/wp\/v2\/media\/25100"}],"wp:attachment":[{"href":"https:\/\/vocerodelpueblo.com\/index.php?rest_route=%2Fwp%2Fv2%2Fmedia&parent=25097"}],"wp:term":[{"taxonomy":"category","embeddable":true,"href":"https:\/\/vocerodelpueblo.com\/index.php?rest_route=%2Fwp%2Fv2%2Fcategories&post=25097"},{"taxonomy":"post_tag","embeddable":true,"href":"https:\/\/vocerodelpueblo.com\/index.php?rest_route=%2Fwp%2Fv2%2Ftags&post=25097"}],"curies":[{"name":"wp","href":"https:\/\/api.w.org\/{rel}","templated":true}]}}