{"id":25104,"date":"2026-03-06T11:13:28","date_gmt":"2026-03-06T17:13:28","guid":{"rendered":"https:\/\/vocerodelpueblo.com\/?p=25104"},"modified":"2026-03-06T11:13:30","modified_gmt":"2026-03-06T17:13:30","slug":"altamira-se-consolida-como-ciudad-de-la-transformacion-dr-armando-martinez-y-rossy-luque-la-pareja-que-mueve-al-municipio","status":"publish","type":"post","link":"https:\/\/vocerodelpueblo.com\/?p=25104","title":{"rendered":"Altamira se Consolida como \u00abCiudad de la Transformaci\u00f3n\u00bb: Dr. Armando Mart\u00ednez y Rossy Luque, la Pareja que Mueve al Municipio"},"content":{"rendered":"\n<p><\/p>\n\n\n\n<p class=\"has-medium-font-size\"><strong>ALTAMIRA, TAMAULIPAS<\/strong>&nbsp;\u2013 Bajo la premisa de que \u00abel pueblo manda\u00bb, la administraci\u00f3n del&nbsp;<strong>Dr. Armando Mart\u00ednez Manr\u00edquez<\/strong>&nbsp;ha marcado un hito en la gesti\u00f3n de recursos p\u00fablicos en Altamira. A diferencia de administraciones pasadas, donde los fondos municipales presuntamente se desviaban hacia intereses particulares, la actual gesti\u00f3n ha enfocado la recaudaci\u00f3n del impuesto predial directamente en obra p\u00fablica para las colonias.<\/p>\n\n\n\n<p class=\"has-medium-font-size\">Infraestructura: El Rostro del Cambio<\/p>\n\n\n\n<p class=\"has-medium-font-size\">El crecimiento de Altamira es visible a trav\u00e9s de proyectos estrat\u00e9gicos iniciados o entregados entre&nbsp;<strong>2025 y principios de 2026<\/strong>, tales como:<\/p>\n\n\n\n<ul class=\"wp-block-list\">\n<li class=\"has-medium-font-size\"><strong>Complejo Integral Multidisciplinario (CIMA):<\/strong>\u00a0Una inversi\u00f3n de m\u00e1s de 112 millones de pesos destinada al deporte y la cultura con capacidad para 4,200 personas.<\/li>\n\n\n\n<li class=\"has-medium-font-size\"><strong>Planta de Tratamiento La Pedrera:<\/strong>\u00a0Obra clave para el saneamiento y desarrollo urbano.<\/li>\n\n\n\n<li class=\"has-medium-font-size\"><strong>Eficiencia en el Predial:<\/strong>\u00a0El programa de \u00abPredial en tu Colonia\u00bb ha permitido que los ciudadanos vean sus impuestos convertidos en pavimentaci\u00f3n y mejores servicios p\u00fablicos de forma inmediata.<\/li>\n<\/ul>\n\n\n\n<p class=\"has-medium-font-size\">Gracias a estos resultados, el Dr. Armando Mart\u00ednez se mantiene como uno de los&nbsp;<strong>alcaldes mejor evaluados de M\u00e9xico<\/strong>, con un respaldo ciudadano superior al 60%. Este posicionamiento lo coloca naturalmente en la conversaci\u00f3n para futuras responsabilidades estatales, incluyendo la&nbsp;<strong>Gubernatura de Tamaulipas<\/strong>.<\/p>\n\n\n\n<p class=\"has-medium-font-size\">Rossy Luque: El Liderazgo Social que Fortalece al DIF<\/p>\n\n\n\n<p class=\"has-medium-font-size\">Por su parte, la&nbsp;<strong>C.P. Rossy Luque de Mart\u00ednez<\/strong>, al frente del&nbsp;<a target=\"_blank\" rel=\"noreferrer noopener\" href=\"https:\/\/www.altamira.gob.mx\/\">Sistema DIF Altamira<\/a>, ha consolidado una gesti\u00f3n con alto sentido humano. Su trabajo ha sido reconocido internacionalmente con el&nbsp;<strong>Premio Tonantzin<\/strong>&nbsp;por cuatro a\u00f1os consecutivos (2022-2025), destacando su labor en el apoyo a grupos vulnerables y la entrega de aparatos funcionales.<\/p>\n\n\n\n<p class=\"has-medium-font-size\">La presencia constante de Rossy Luque en territorio y su capacidad de gesti\u00f3n han despertado el inter\u00e9s de la ciudadan\u00eda, quienes ya la perfilan como una figura clave para dar continuidad al proyecto de transformaci\u00f3n desde la&nbsp;<strong>alcald\u00eda de Altamira<\/strong>&nbsp;en el pr\u00f3ximo periodo.<\/p>\n\n\n\n<p class=\"has-medium-font-size\">Opini\u00f3n Ciudadana<\/p>\n\n\n\n<p class=\"has-medium-font-size\">La percepci\u00f3n general es de una \u00abpareja incansable\u00bb que ha logrado alinear la pol\u00edtica social con la infraestructura urbana. Mientras el Dr. Mart\u00ednez pavimenta el camino del desarrollo industrial y log\u00edstico, la C.P. Rossy Luque fortalece el tejido social, creando un binomio que parece tener el visto bueno de la mayor\u00eda de los altamirenses.<\/p>\n\n\n\n<figure class=\"wp-block-gallery has-nested-images columns-default is-cropped wp-block-gallery-1 is-layout-flex wp-block-gallery-is-layout-flex\">\n<figure class=\"wp-block-image size-full\"><img loading=\"lazy\" decoding=\"async\" width=\"722\" height=\"930\" data-id=\"25105\" src=\"https:\/\/vocerodelpueblo.com\/wp-content\/uploads\/2026\/03\/WhatsApp-Image-2026-03-06-at-11.01.42-AM.jpeg\" alt=\"\" class=\"wp-image-25105\" srcset=\"https:\/\/vocerodelpueblo.com\/wp-content\/uploads\/2026\/03\/WhatsApp-Image-2026-03-06-at-11.01.42-AM.jpeg 722w, https:\/\/vocerodelpueblo.com\/wp-content\/uploads\/2026\/03\/WhatsApp-Image-2026-03-06-at-11.01.42-AM-272x350.jpeg 272w, https:\/\/vocerodelpueblo.com\/wp-content\/uploads\/2026\/03\/WhatsApp-Image-2026-03-06-at-11.01.42-AM-327x421.jpeg 327w\" sizes=\"auto, (max-width: 722px) 100vw, 722px\" \/><\/figure>\n\n\n\n<figure class=\"wp-block-image size-full\"><img loading=\"lazy\" decoding=\"async\" width=\"1083\" height=\"1152\" data-id=\"25106\" src=\"https:\/\/vocerodelpueblo.com\/wp-content\/uploads\/2026\/03\/WhatsApp-Image-2026-03-06-at-11.01.30-AM.jpg\" alt=\"\" class=\"wp-image-25106\" srcset=\"https:\/\/vocerodelpueblo.com\/wp-content\/uploads\/2026\/03\/WhatsApp-Image-2026-03-06-at-11.01.30-AM.jpg 1083w, https:\/\/vocerodelpueblo.com\/wp-content\/uploads\/2026\/03\/WhatsApp-Image-2026-03-06-at-11.01.30-AM-329x350.jpg 329w, https:\/\/vocerodelpueblo.com\/wp-content\/uploads\/2026\/03\/WhatsApp-Image-2026-03-06-at-11.01.30-AM-396x421.jpg 396w\" sizes=\"auto, (max-width: 1083px) 100vw, 1083px\" \/><\/figure>\n<\/figure>\n","protected":false},"excerpt":{"rendered":"<p>ALTAMIRA, TAMAULIPAS&nbsp;\u2013 Bajo la premisa de que \u00abel pueblo manda\u00bb, la administraci\u00f3n del&nbsp;Dr. Armando Mart\u00ednez Manr\u00edquez&nbsp;ha marcado un hito en la gesti\u00f3n de recursos p\u00fablicos en Altamira. A diferencia de administraciones pasadas, donde los fondos municipales presuntamente se desviaban hacia intereses particulares, la actual gesti\u00f3n ha enfocado la recaudaci\u00f3n del impuesto predial directamente en obra [&hellip;]<\/p>\n","protected":false},"author":2,"featured_media":25107,"comment_status":"closed","ping_status":"closed","sticky":false,"template":"","format":"standard","meta":{"footnotes":""},"categories":[5],"tags":[],"class_list":["post-25104","post","type-post","status-publish","format-standard","has-post-thumbnail","hentry","category-altamira"],"_links":{"self":[{"href":"https:\/\/vocerodelpueblo.com\/index.php?rest_route=\/wp\/v2\/posts\/25104","targetHints":{"allow":["GET"]}}],"collection":[{"href":"https:\/\/vocerodelpueblo.com\/index.php?rest_route=\/wp\/v2\/posts"}],"about":[{"href":"https:\/\/vocerodelpueblo.com\/index.php?rest_route=\/wp\/v2\/types\/post"}],"author":[{"embeddable":true,"href":"https:\/\/vocerodelpueblo.com\/index.php?rest_route=\/wp\/v2\/users\/2"}],"replies":[{"embeddable":true,"href":"https:\/\/vocerodelpueblo.com\/index.php?rest_route=%2Fwp%2Fv2%2Fcomments&post=25104"}],"version-history":[{"count":1,"href":"https:\/\/vocerodelpueblo.com\/index.php?rest_route=\/wp\/v2\/posts\/25104\/revisions"}],"predecessor-version":[{"id":25108,"href":"https:\/\/vocerodelpueblo.com\/index.php?rest_route=\/wp\/v2\/posts\/25104\/revisions\/25108"}],"wp:featuredmedia":[{"embeddable":true,"href":"https:\/\/vocerodelpueblo.com\/index.php?rest_route=\/wp\/v2\/media\/25107"}],"wp:attachment":[{"href":"https:\/\/vocerodelpueblo.com\/index.php?rest_route=%2Fwp%2Fv2%2Fmedia&parent=25104"}],"wp:term":[{"taxonomy":"category","embeddable":true,"href":"https:\/\/vocerodelpueblo.com\/index.php?rest_route=%2Fwp%2Fv2%2Fcategories&post=25104"},{"taxonomy":"post_tag","embeddable":true,"href":"https:\/\/vocerodelpueblo.com\/index.php?rest_route=%2Fwp%2Fv2%2Ftags&post=25104"}],"curies":[{"name":"wp","href":"https:\/\/api.w.org\/{rel}","templated":true}]}}