{"id":25109,"date":"2026-03-06T10:38:28","date_gmt":"2026-03-06T16:38:28","guid":{"rendered":"https:\/\/vocerodelpueblo.com\/?p=25109"},"modified":"2026-03-09T10:41:27","modified_gmt":"2026-03-09T16:41:27","slug":"repone-comapa-sur-pavimento-en-la-avenida-tamaulipas-importante-vialidad-del-norte-de-tampico","status":"publish","type":"post","link":"https:\/\/vocerodelpueblo.com\/?p=25109","title":{"rendered":"Repone COMAPA Sur pavimento en la Avenida Tamaulipas, importante vialidad del norte de Tampico"},"content":{"rendered":"\n<p class=\"has-medium-font-size\">Tras concluir los trabajos de rehabilitaci\u00f3n de la red general de drenaje, COMAPA Sur llev\u00f3 a cabo la reposici\u00f3n de pavimento en la Avenida Tamaulipas, en el tramo comprendido entre Grupo Solidario y Andador 9, en la colonia Revoluci\u00f3n Verde.<\/p>\n\n\n\n<p class=\"has-medium-font-size\">Durante estas labores se sustituyeron aproximadamente 60 metros lineales de tuber\u00eda da\u00f1ada, que originalmente era de 8 pulgadas de di\u00e1metro, por tuber\u00eda de 12 pulgadas, lo que permitir\u00e1 incrementar la capacidad de conducci\u00f3n del sistema sanitario y mejorar el funcionamiento del drenaje en este sector.<\/p>\n\n\n\n<p class=\"has-medium-font-size\">Con la reposici\u00f3n del pavimento se mejora la seguridad y funcionalidad de esta avenida, que registra constante flujo vehicular y conecta a diversas colonias del norte de la ciudad, beneficiando tanto a los habitantes de la colonia Revoluci\u00f3n Verde como a quienes transitan diariamente por esta importante v\u00eda.<\/p>\n\n\n\n<p class=\"has-medium-font-size\">De esta manera, COMAPA Sur contin\u00faa fortaleciendo la infraestructura hidrosanitaria y atendiendo de manera integral las obras que realiza, contribuyendo a brindar servicios m\u00e1s eficientes para la poblaci\u00f3n.<\/p>\n\n\n\n<figure class=\"wp-block-gallery has-nested-images columns-default is-cropped wp-block-gallery-1 is-layout-flex wp-block-gallery-is-layout-flex\">\n<figure class=\"wp-block-image size-full\"><img loading=\"lazy\" decoding=\"async\" width=\"700\" height=\"578\" data-id=\"25110\" src=\"https:\/\/vocerodelpueblo.com\/wp-content\/uploads\/2026\/03\/WhatsApp-Image-2026-03-06-at-4.20.51-PM.jpg\" alt=\"\" class=\"wp-image-25110\" srcset=\"https:\/\/vocerodelpueblo.com\/wp-content\/uploads\/2026\/03\/WhatsApp-Image-2026-03-06-at-4.20.51-PM.jpg 700w, https:\/\/vocerodelpueblo.com\/wp-content\/uploads\/2026\/03\/WhatsApp-Image-2026-03-06-at-4.20.51-PM-350x289.jpg 350w, https:\/\/vocerodelpueblo.com\/wp-content\/uploads\/2026\/03\/WhatsApp-Image-2026-03-06-at-4.20.51-PM-510x421.jpg 510w\" sizes=\"auto, (max-width: 700px) 100vw, 700px\" \/><\/figure>\n\n\n\n<figure class=\"wp-block-image size-full\"><img loading=\"lazy\" decoding=\"async\" width=\"700\" height=\"525\" data-id=\"25113\" src=\"https:\/\/vocerodelpueblo.com\/wp-content\/uploads\/2026\/03\/WhatsApp-Image-2026-03-06-at-4.20.51-PM-2.jpg\" alt=\"\" class=\"wp-image-25113\" srcset=\"https:\/\/vocerodelpueblo.com\/wp-content\/uploads\/2026\/03\/WhatsApp-Image-2026-03-06-at-4.20.51-PM-2.jpg 700w, https:\/\/vocerodelpueblo.com\/wp-content\/uploads\/2026\/03\/WhatsApp-Image-2026-03-06-at-4.20.51-PM-2-350x263.jpg 350w, https:\/\/vocerodelpueblo.com\/wp-content\/uploads\/2026\/03\/WhatsApp-Image-2026-03-06-at-4.20.51-PM-2-561x421.jpg 561w\" sizes=\"auto, (max-width: 700px) 100vw, 700px\" \/><\/figure>\n\n\n\n<figure class=\"wp-block-image size-full\"><img loading=\"lazy\" decoding=\"async\" width=\"700\" height=\"525\" data-id=\"25111\" src=\"https:\/\/vocerodelpueblo.com\/wp-content\/uploads\/2026\/03\/WhatsApp-Image-2026-03-06-at-4.20.52-PM.jpg\" alt=\"\" class=\"wp-image-25111\" srcset=\"https:\/\/vocerodelpueblo.com\/wp-content\/uploads\/2026\/03\/WhatsApp-Image-2026-03-06-at-4.20.52-PM.jpg 700w, https:\/\/vocerodelpueblo.com\/wp-content\/uploads\/2026\/03\/WhatsApp-Image-2026-03-06-at-4.20.52-PM-350x263.jpg 350w, https:\/\/vocerodelpueblo.com\/wp-content\/uploads\/2026\/03\/WhatsApp-Image-2026-03-06-at-4.20.52-PM-561x421.jpg 561w\" sizes=\"auto, (max-width: 700px) 100vw, 700px\" \/><\/figure>\n<\/figure>\n","protected":false},"excerpt":{"rendered":"<p>Tras concluir los trabajos de rehabilitaci\u00f3n de la red general de drenaje, COMAPA Sur llev\u00f3 a cabo la reposici\u00f3n de pavimento en la Avenida Tamaulipas, en el tramo comprendido entre Grupo Solidario y Andador 9, en la colonia Revoluci\u00f3n Verde. Durante estas labores se sustituyeron aproximadamente 60 metros lineales de tuber\u00eda da\u00f1ada, que originalmente era [&hellip;]<\/p>\n","protected":false},"author":2,"featured_media":25112,"comment_status":"closed","ping_status":"closed","sticky":false,"template":"","format":"standard","meta":{"footnotes":""},"categories":[2],"tags":[],"class_list":["post-25109","post","type-post","status-publish","format-standard","has-post-thumbnail","hentry","category-zonaconurbada"],"_links":{"self":[{"href":"https:\/\/vocerodelpueblo.com\/index.php?rest_route=\/wp\/v2\/posts\/25109","targetHints":{"allow":["GET"]}}],"collection":[{"href":"https:\/\/vocerodelpueblo.com\/index.php?rest_route=\/wp\/v2\/posts"}],"about":[{"href":"https:\/\/vocerodelpueblo.com\/index.php?rest_route=\/wp\/v2\/types\/post"}],"author":[{"embeddable":true,"href":"https:\/\/vocerodelpueblo.com\/index.php?rest_route=\/wp\/v2\/users\/2"}],"replies":[{"embeddable":true,"href":"https:\/\/vocerodelpueblo.com\/index.php?rest_route=%2Fwp%2Fv2%2Fcomments&post=25109"}],"version-history":[{"count":1,"href":"https:\/\/vocerodelpueblo.com\/index.php?rest_route=\/wp\/v2\/posts\/25109\/revisions"}],"predecessor-version":[{"id":25114,"href":"https:\/\/vocerodelpueblo.com\/index.php?rest_route=\/wp\/v2\/posts\/25109\/revisions\/25114"}],"wp:featuredmedia":[{"embeddable":true,"href":"https:\/\/vocerodelpueblo.com\/index.php?rest_route=\/wp\/v2\/media\/25112"}],"wp:attachment":[{"href":"https:\/\/vocerodelpueblo.com\/index.php?rest_route=%2Fwp%2Fv2%2Fmedia&parent=25109"}],"wp:term":[{"taxonomy":"category","embeddable":true,"href":"https:\/\/vocerodelpueblo.com\/index.php?rest_route=%2Fwp%2Fv2%2Fcategories&post=25109"},{"taxonomy":"post_tag","embeddable":true,"href":"https:\/\/vocerodelpueblo.com\/index.php?rest_route=%2Fwp%2Fv2%2Ftags&post=25109"}],"curies":[{"name":"wp","href":"https:\/\/api.w.org\/{rel}","templated":true}]}}