{"id":25116,"date":"2026-03-09T20:35:21","date_gmt":"2026-03-10T02:35:21","guid":{"rendered":"https:\/\/vocerodelpueblo.com\/?p=25116"},"modified":"2026-03-10T20:37:36","modified_gmt":"2026-03-11T02:37:36","slug":"destacan-talento-del-cbtis-105-altamira-es-tierra-de-campeones-armando-martinez","status":"publish","type":"post","link":"https:\/\/vocerodelpueblo.com\/?p=25116","title":{"rendered":"Destacan talento del CBTIS 105; Altamira es \u00abTierra de Campeones\u00bb: Armando Mart\u00ednez"},"content":{"rendered":"\n<p><\/p>\n\n\n\n<p class=\"has-medium-font-size\"><strong>ALTAMIRA, TAMAULIPAS.<\/strong>\u2013 En un emotivo encuentro que resalta la excelencia educativa de la regi\u00f3n, el presidente municipal de Altamira, el&nbsp;<strong>Dr. Armando Mart\u00ednez Manr\u00edquez<\/strong>, reconoci\u00f3 el destacado desempe\u00f1o de los alumnos del&nbsp;<strong>CBTIS 105 \u00abArmando Mart\u00ednez Saucedo\u00bb<\/strong>, quienes obtuvieron una hist\u00f3rica participaci\u00f3n en el&nbsp;<strong>Festival Acad\u00e9mico Estatal DGETI 2026<\/strong>.<\/p>\n\n\n\n<p class=\"has-medium-font-size\">Una Cosecha de \u00c9xitos Acad\u00e9micos<\/p>\n\n\n\n<p class=\"has-medium-font-size\">El director del plantel, el&nbsp;<strong>Lic. Guillermo Mu\u00f1oz Mart\u00ednez<\/strong>, inform\u00f3 que tras las intensas jornadas de competencia, la delegaci\u00f3n estudiantil logr\u00f3 conquistar&nbsp;<strong>5 primeros lugares<\/strong>&nbsp;y un total de 11 premios estatales en diversas disciplinas, consolidando a la instituci\u00f3n como una de las m\u00e1s galardonadas del estado.<\/p>\n\n\n\n<p class=\"has-medium-font-size\">Durante su intervenci\u00f3n, el Lic. Mu\u00f1oz Mart\u00ednez expres\u00f3 su profundo agradecimiento a la comunidad que hizo posible estos resultados:<\/p>\n\n\n\n<ul class=\"wp-block-list\">\n<li><strong>A los Padres de Familia:<\/strong>\u00a0Por el respaldo constante y la confianza en la instituci\u00f3n.<\/li>\n\n\n\n<li><strong>A Docentes y Asesores:<\/strong>\u00a0Por su dedicaci\u00f3n en la formaci\u00f3n de estos j\u00f3venes talentos.<\/li>\n\n\n\n<li class=\"has-medium-font-size\"><strong>A las Autoridades:<\/strong>\u00a0Agradeci\u00f3 de manera especial al Dr. Armando Mart\u00ednez Manr\u00edquez por su generosidad y el apoyo incondicional brindado para fortalecer la infraestructura y el desarrollo educativo del plantel.<\/li>\n<\/ul>\n\n\n\n<p class=\"has-medium-font-size\">Altamira, Semillero de Triunfadores<\/p>\n\n\n\n<p class=\"has-medium-font-size\">Por su parte, el&nbsp;<strong>Dr. Armando Mart\u00ednez Manr\u00edquez<\/strong>&nbsp;felicit\u00f3 personalmente a los ganadores y ganadoras, reafirmando que el \u00e9xito de estos j\u00f3venes es el reflejo del esfuerzo conjunto entre gobierno, escuela y familia. El edil destac\u00f3 que estos logros no solo enaltecen al&nbsp;<strong>CBTIS 105<\/strong>, sino a todo el municipio.<\/p>\n\n\n\n<blockquote class=\"wp-block-quote is-layout-flow wp-block-quote-is-layout-flow\">\n<p class=\"has-medium-font-size\"><em>\u00abAltamira es tierra de campeones. Estos j\u00f3venes son el orgullo de nuestra ciudad y la prueba de que, con apoyo y talento, no hay meta que no puedan alcanzar\u00bb<\/em>, expres\u00f3 el mandatario municipal durante la ceremonia realizada en las instalaciones del plantel.<\/p>\n<\/blockquote>\n\n\n\n<p class=\"has-medium-font-size\">Con estos resultados, los alumnos ganadores aseguran su pase a las siguientes etapas de competencia nacional, llevando consigo el compromiso de seguir representando con honor a su instituci\u00f3n y a Tamaulipas.<\/p>\n\n\n\n<hr class=\"wp-block-separator has-alpha-channel-opacity\"\/>\n\n\n\n<figure class=\"wp-block-gallery has-nested-images columns-default is-cropped wp-block-gallery-1 is-layout-flex wp-block-gallery-is-layout-flex\">\n<figure class=\"wp-block-image size-full\"><img loading=\"lazy\" decoding=\"async\" width=\"1600\" height=\"1200\" data-id=\"25117\" src=\"https:\/\/vocerodelpueblo.com\/wp-content\/uploads\/2026\/03\/e4eadd8f-b651-4bf5-9db7-6bd5af8fb4c3.jpg\" alt=\"\" class=\"wp-image-25117\" srcset=\"https:\/\/vocerodelpueblo.com\/wp-content\/uploads\/2026\/03\/e4eadd8f-b651-4bf5-9db7-6bd5af8fb4c3.jpg 1600w, https:\/\/vocerodelpueblo.com\/wp-content\/uploads\/2026\/03\/e4eadd8f-b651-4bf5-9db7-6bd5af8fb4c3-350x263.jpg 350w, https:\/\/vocerodelpueblo.com\/wp-content\/uploads\/2026\/03\/e4eadd8f-b651-4bf5-9db7-6bd5af8fb4c3-561x421.jpg 561w, https:\/\/vocerodelpueblo.com\/wp-content\/uploads\/2026\/03\/e4eadd8f-b651-4bf5-9db7-6bd5af8fb4c3-1536x1152.jpg 1536w\" sizes=\"auto, (max-width: 1600px) 100vw, 1600px\" \/><\/figure>\n\n\n\n<figure class=\"wp-block-image size-full\"><img loading=\"lazy\" decoding=\"async\" width=\"1600\" height=\"1200\" data-id=\"25123\" src=\"https:\/\/vocerodelpueblo.com\/wp-content\/uploads\/2026\/03\/e4e6e1f4-631c-4987-a019-7c37aa636825.jpg\" alt=\"\" class=\"wp-image-25123\" srcset=\"https:\/\/vocerodelpueblo.com\/wp-content\/uploads\/2026\/03\/e4e6e1f4-631c-4987-a019-7c37aa636825.jpg 1600w, https:\/\/vocerodelpueblo.com\/wp-content\/uploads\/2026\/03\/e4e6e1f4-631c-4987-a019-7c37aa636825-350x263.jpg 350w, https:\/\/vocerodelpueblo.com\/wp-content\/uploads\/2026\/03\/e4e6e1f4-631c-4987-a019-7c37aa636825-561x421.jpg 561w, https:\/\/vocerodelpueblo.com\/wp-content\/uploads\/2026\/03\/e4e6e1f4-631c-4987-a019-7c37aa636825-1536x1152.jpg 1536w\" sizes=\"auto, (max-width: 1600px) 100vw, 1600px\" \/><\/figure>\n\n\n\n<figure class=\"wp-block-image size-full\"><img loading=\"lazy\" decoding=\"async\" width=\"1600\" height=\"1200\" data-id=\"25119\" src=\"https:\/\/vocerodelpueblo.com\/wp-content\/uploads\/2026\/03\/aa53f4a9-60a3-4374-9516-5f4c1d021291.jpg\" alt=\"\" class=\"wp-image-25119\" srcset=\"https:\/\/vocerodelpueblo.com\/wp-content\/uploads\/2026\/03\/aa53f4a9-60a3-4374-9516-5f4c1d021291.jpg 1600w, https:\/\/vocerodelpueblo.com\/wp-content\/uploads\/2026\/03\/aa53f4a9-60a3-4374-9516-5f4c1d021291-350x263.jpg 350w, https:\/\/vocerodelpueblo.com\/wp-content\/uploads\/2026\/03\/aa53f4a9-60a3-4374-9516-5f4c1d021291-561x421.jpg 561w, https:\/\/vocerodelpueblo.com\/wp-content\/uploads\/2026\/03\/aa53f4a9-60a3-4374-9516-5f4c1d021291-1536x1152.jpg 1536w\" sizes=\"auto, (max-width: 1600px) 100vw, 1600px\" \/><\/figure>\n\n\n\n<figure class=\"wp-block-image size-full\"><img loading=\"lazy\" decoding=\"async\" width=\"1600\" height=\"1200\" data-id=\"25118\" src=\"https:\/\/vocerodelpueblo.com\/wp-content\/uploads\/2026\/03\/50491428-cc77-4eac-9a43-18719b1adc06.jpg\" alt=\"\" class=\"wp-image-25118\" srcset=\"https:\/\/vocerodelpueblo.com\/wp-content\/uploads\/2026\/03\/50491428-cc77-4eac-9a43-18719b1adc06.jpg 1600w, https:\/\/vocerodelpueblo.com\/wp-content\/uploads\/2026\/03\/50491428-cc77-4eac-9a43-18719b1adc06-350x263.jpg 350w, https:\/\/vocerodelpueblo.com\/wp-content\/uploads\/2026\/03\/50491428-cc77-4eac-9a43-18719b1adc06-561x421.jpg 561w, https:\/\/vocerodelpueblo.com\/wp-content\/uploads\/2026\/03\/50491428-cc77-4eac-9a43-18719b1adc06-1536x1152.jpg 1536w\" sizes=\"auto, (max-width: 1600px) 100vw, 1600px\" \/><\/figure>\n\n\n\n<figure class=\"wp-block-image size-full\"><img loading=\"lazy\" decoding=\"async\" width=\"1600\" height=\"1200\" data-id=\"25120\" src=\"https:\/\/vocerodelpueblo.com\/wp-content\/uploads\/2026\/03\/bcb0b095-551d-44bf-87df-b7c9807d7e23.jpg\" alt=\"\" class=\"wp-image-25120\" srcset=\"https:\/\/vocerodelpueblo.com\/wp-content\/uploads\/2026\/03\/bcb0b095-551d-44bf-87df-b7c9807d7e23.jpg 1600w, https:\/\/vocerodelpueblo.com\/wp-content\/uploads\/2026\/03\/bcb0b095-551d-44bf-87df-b7c9807d7e23-350x263.jpg 350w, https:\/\/vocerodelpueblo.com\/wp-content\/uploads\/2026\/03\/bcb0b095-551d-44bf-87df-b7c9807d7e23-561x421.jpg 561w, https:\/\/vocerodelpueblo.com\/wp-content\/uploads\/2026\/03\/bcb0b095-551d-44bf-87df-b7c9807d7e23-1536x1152.jpg 1536w\" sizes=\"auto, (max-width: 1600px) 100vw, 1600px\" \/><\/figure>\n\n\n\n<figure class=\"wp-block-image size-full\"><img loading=\"lazy\" decoding=\"async\" width=\"1600\" height=\"1200\" data-id=\"25122\" src=\"https:\/\/vocerodelpueblo.com\/wp-content\/uploads\/2026\/03\/63743f28-0676-4964-9026-d0b8fb2af143.jpg\" alt=\"\" class=\"wp-image-25122\" srcset=\"https:\/\/vocerodelpueblo.com\/wp-content\/uploads\/2026\/03\/63743f28-0676-4964-9026-d0b8fb2af143.jpg 1600w, https:\/\/vocerodelpueblo.com\/wp-content\/uploads\/2026\/03\/63743f28-0676-4964-9026-d0b8fb2af143-350x263.jpg 350w, https:\/\/vocerodelpueblo.com\/wp-content\/uploads\/2026\/03\/63743f28-0676-4964-9026-d0b8fb2af143-561x421.jpg 561w, https:\/\/vocerodelpueblo.com\/wp-content\/uploads\/2026\/03\/63743f28-0676-4964-9026-d0b8fb2af143-1536x1152.jpg 1536w\" sizes=\"auto, (max-width: 1600px) 100vw, 1600px\" \/><\/figure>\n<\/figure>\n","protected":false},"excerpt":{"rendered":"<p>ALTAMIRA, TAMAULIPAS.\u2013 En un emotivo encuentro que resalta la excelencia educativa de la regi\u00f3n, el presidente municipal de Altamira, el&nbsp;Dr. Armando Mart\u00ednez Manr\u00edquez, reconoci\u00f3 el destacado desempe\u00f1o de los alumnos del&nbsp;CBTIS 105 \u00abArmando Mart\u00ednez Saucedo\u00bb, quienes obtuvieron una hist\u00f3rica participaci\u00f3n en el&nbsp;Festival Acad\u00e9mico Estatal DGETI 2026. Una Cosecha de \u00c9xitos Acad\u00e9micos El director del plantel, [&hellip;]<\/p>\n","protected":false},"author":2,"featured_media":25121,"comment_status":"closed","ping_status":"closed","sticky":false,"template":"","format":"standard","meta":{"footnotes":""},"categories":[5],"tags":[],"class_list":["post-25116","post","type-post","status-publish","format-standard","has-post-thumbnail","hentry","category-altamira"],"_links":{"self":[{"href":"https:\/\/vocerodelpueblo.com\/index.php?rest_route=\/wp\/v2\/posts\/25116","targetHints":{"allow":["GET"]}}],"collection":[{"href":"https:\/\/vocerodelpueblo.com\/index.php?rest_route=\/wp\/v2\/posts"}],"about":[{"href":"https:\/\/vocerodelpueblo.com\/index.php?rest_route=\/wp\/v2\/types\/post"}],"author":[{"embeddable":true,"href":"https:\/\/vocerodelpueblo.com\/index.php?rest_route=\/wp\/v2\/users\/2"}],"replies":[{"embeddable":true,"href":"https:\/\/vocerodelpueblo.com\/index.php?rest_route=%2Fwp%2Fv2%2Fcomments&post=25116"}],"version-history":[{"count":1,"href":"https:\/\/vocerodelpueblo.com\/index.php?rest_route=\/wp\/v2\/posts\/25116\/revisions"}],"predecessor-version":[{"id":25124,"href":"https:\/\/vocerodelpueblo.com\/index.php?rest_route=\/wp\/v2\/posts\/25116\/revisions\/25124"}],"wp:featuredmedia":[{"embeddable":true,"href":"https:\/\/vocerodelpueblo.com\/index.php?rest_route=\/wp\/v2\/media\/25121"}],"wp:attachment":[{"href":"https:\/\/vocerodelpueblo.com\/index.php?rest_route=%2Fwp%2Fv2%2Fmedia&parent=25116"}],"wp:term":[{"taxonomy":"category","embeddable":true,"href":"https:\/\/vocerodelpueblo.com\/index.php?rest_route=%2Fwp%2Fv2%2Fcategories&post=25116"},{"taxonomy":"post_tag","embeddable":true,"href":"https:\/\/vocerodelpueblo.com\/index.php?rest_route=%2Fwp%2Fv2%2Ftags&post=25116"}],"curies":[{"name":"wp","href":"https:\/\/api.w.org\/{rel}","templated":true}]}}