{"id":26029,"date":"2026-04-26T13:07:41","date_gmt":"2026-04-26T19:07:41","guid":{"rendered":"https:\/\/vocerodelpueblo.com\/?p=26029"},"modified":"2026-04-28T13:20:16","modified_gmt":"2026-04-28T19:20:16","slug":"con-gran-impulso-y-exito-concluye-la-copa-joven-2026-en-tampico","status":"publish","type":"post","link":"https:\/\/vocerodelpueblo.com\/?p=26029","title":{"rendered":"Con gran impulso y \u00e9xito concluye la Copa Joven 2026 en Tampico"},"content":{"rendered":"\n<p class=\"has-medium-font-size\">Tras tres d\u00edas de intensa actividad deportiva y una destacada participaci\u00f3n juvenil, la Copa Joven 2026 concluy\u00f3 con gran \u00e9xito este domingo en la Ciudad Deportiva de Tampico, consolid\u00e1ndose como un espacio de impulso al talento, la sana convivencia y la integraci\u00f3n social entre estudiantes de nivel medio superior.<\/p>\n\n\n\n<p class=\"has-medium-font-size\">La alcaldesa M\u00f3nica Villarreal Anaya destac\u00f3 que este tipo de torneos reafirman el compromiso de su administraci\u00f3n con las y los j\u00f3venes, al brindarles plataformas donde puedan desarrollarse de manera integral a trav\u00e9s del deporte.<\/p>\n\n\n\n<p class=\"has-medium-font-size\">\u201cHoy celebramos el esfuerzo, la disciplina y la pasi\u00f3n de cada uno de los equipos participantes. Este Mundial Social de la Juventud nos demuestra que, cuando generamos oportunidades, nuestras y nuestros j\u00f3venes responden con entusiasmo y talento, fortaleciendo el tejido social\u201d, expres\u00f3.<\/p>\n\n\n\n<p class=\"has-medium-font-size\">En esta justa deportiva participaron 16 equipos integrados por j\u00f3venes de distintas instituciones educativas p\u00fablicas y privadas, quienes demostraron su talento, disciplina y compromiso a lo largo de la competencia, fortaleciendo el esp\u00edritu deportivo y la convivencia.<\/p>\n\n\n\n<p class=\"has-medium-font-size\">Durante la jornada de clausura, se llev\u00f3 a cabo la premiaci\u00f3n de los equipos ganadores, obteniendo el primer lugar el IEST An\u00e1huac; el segundo lugar el CETis 22; y el tercer lugar, se lo llev\u00f3 el CBTA 12; quienes recibieron incentivos econ\u00f3micos de 10 mil, 7 mil 500 y 5 mil pesos, respectivamente, adem\u00e1s de trofeos y medallas.<\/p>\n\n\n\n<p class=\"has-medium-font-size\">Villarreal Anaya subray\u00f3 que esta justa deportiva, realizada del 24 al 26 de abril en la modalidad de f\u00fatbol 7, forma parte de las acciones del programa \u201cMundial Social\u201d, estrategia de promoci\u00f3n deportiva, impulsada por la Presidenta de M\u00e9xico, Claudia Sheinbaum Pardo, y respaldada por el gobernador, Am\u00e9rico Villarreal Anaya, en el marco de la Copa Mundial de la FIFA 2026.<\/p>\n\n\n\n<p class=\"has-medium-font-size\">Destac\u00f3 que, como parte de estas acciones, en Tampico se ha fortalecido la infraestructura deportiva mediante la creaci\u00f3n, rehabilitaci\u00f3n y mejora de nueve canchas, lo que permite el desarrollo de este tipo de competencias en espacios seguros y dignos.<\/p>\n\n\n\n<p class=\"has-medium-font-size\">Finalmente, la alcaldesa reiter\u00f3 que su gobierno continuar\u00e1 impulsando el deporte como un eje de transformaci\u00f3n social, generando m\u00e1s oportunidades para la juventud tampique\u00f1a.<\/p>\n\n\n\n<figure class=\"wp-block-gallery has-nested-images columns-default is-cropped wp-block-gallery-1 is-layout-flex wp-block-gallery-is-layout-flex\">\n<figure class=\"wp-block-image size-full\"><img loading=\"lazy\" decoding=\"async\" width=\"700\" height=\"467\" data-id=\"26030\" src=\"https:\/\/vocerodelpueblo.com\/wp-content\/uploads\/2026\/04\/WhatsApp-Image-2026-04-26-at-8.14.10-PM.jpg\" alt=\"\" class=\"wp-image-26030\" srcset=\"https:\/\/vocerodelpueblo.com\/wp-content\/uploads\/2026\/04\/WhatsApp-Image-2026-04-26-at-8.14.10-PM.jpg 700w, https:\/\/vocerodelpueblo.com\/wp-content\/uploads\/2026\/04\/WhatsApp-Image-2026-04-26-at-8.14.10-PM-350x234.jpg 350w, https:\/\/vocerodelpueblo.com\/wp-content\/uploads\/2026\/04\/WhatsApp-Image-2026-04-26-at-8.14.10-PM-631x421.jpg 631w\" sizes=\"auto, (max-width: 700px) 100vw, 700px\" \/><\/figure>\n\n\n\n<figure class=\"wp-block-image size-full\"><img loading=\"lazy\" decoding=\"async\" width=\"800\" height=\"533\" data-id=\"26031\" src=\"https:\/\/vocerodelpueblo.com\/wp-content\/uploads\/2026\/04\/WhatsApp-Image-2026-04-26-at-8.14.09-PM.jpg\" alt=\"\" class=\"wp-image-26031\" srcset=\"https:\/\/vocerodelpueblo.com\/wp-content\/uploads\/2026\/04\/WhatsApp-Image-2026-04-26-at-8.14.09-PM.jpg 800w, https:\/\/vocerodelpueblo.com\/wp-content\/uploads\/2026\/04\/WhatsApp-Image-2026-04-26-at-8.14.09-PM-350x233.jpg 350w, https:\/\/vocerodelpueblo.com\/wp-content\/uploads\/2026\/04\/WhatsApp-Image-2026-04-26-at-8.14.09-PM-632x421.jpg 632w\" sizes=\"auto, (max-width: 800px) 100vw, 800px\" \/><\/figure>\n\n\n\n<figure class=\"wp-block-image size-full\"><img loading=\"lazy\" decoding=\"async\" width=\"700\" height=\"467\" data-id=\"26032\" src=\"https:\/\/vocerodelpueblo.com\/wp-content\/uploads\/2026\/04\/WhatsApp-Image-2026-04-26-at-8.13.57-PM-1.jpg\" alt=\"\" class=\"wp-image-26032\" srcset=\"https:\/\/vocerodelpueblo.com\/wp-content\/uploads\/2026\/04\/WhatsApp-Image-2026-04-26-at-8.13.57-PM-1.jpg 700w, https:\/\/vocerodelpueblo.com\/wp-content\/uploads\/2026\/04\/WhatsApp-Image-2026-04-26-at-8.13.57-PM-1-350x234.jpg 350w, https:\/\/vocerodelpueblo.com\/wp-content\/uploads\/2026\/04\/WhatsApp-Image-2026-04-26-at-8.13.57-PM-1-631x421.jpg 631w\" sizes=\"auto, (max-width: 700px) 100vw, 700px\" \/><\/figure>\n<\/figure>\n","protected":false},"excerpt":{"rendered":"<p>Tras tres d\u00edas de intensa actividad deportiva y una destacada participaci\u00f3n juvenil, la Copa Joven 2026 concluy\u00f3 con gran \u00e9xito este domingo en la Ciudad Deportiva de Tampico, consolid\u00e1ndose como un espacio de impulso al talento, la sana convivencia y la integraci\u00f3n social entre estudiantes de nivel medio superior. La alcaldesa M\u00f3nica Villarreal Anaya destac\u00f3 [&hellip;]<\/p>\n","protected":false},"author":2,"featured_media":26033,"comment_status":"closed","ping_status":"closed","sticky":false,"template":"","format":"standard","meta":{"footnotes":""},"categories":[3],"tags":[],"class_list":["post-26029","post","type-post","status-publish","format-standard","has-post-thumbnail","hentry","category-tampico"],"_links":{"self":[{"href":"https:\/\/vocerodelpueblo.com\/index.php?rest_route=\/wp\/v2\/posts\/26029","targetHints":{"allow":["GET"]}}],"collection":[{"href":"https:\/\/vocerodelpueblo.com\/index.php?rest_route=\/wp\/v2\/posts"}],"about":[{"href":"https:\/\/vocerodelpueblo.com\/index.php?rest_route=\/wp\/v2\/types\/post"}],"author":[{"embeddable":true,"href":"https:\/\/vocerodelpueblo.com\/index.php?rest_route=\/wp\/v2\/users\/2"}],"replies":[{"embeddable":true,"href":"https:\/\/vocerodelpueblo.com\/index.php?rest_route=%2Fwp%2Fv2%2Fcomments&post=26029"}],"version-history":[{"count":1,"href":"https:\/\/vocerodelpueblo.com\/index.php?rest_route=\/wp\/v2\/posts\/26029\/revisions"}],"predecessor-version":[{"id":26034,"href":"https:\/\/vocerodelpueblo.com\/index.php?rest_route=\/wp\/v2\/posts\/26029\/revisions\/26034"}],"wp:featuredmedia":[{"embeddable":true,"href":"https:\/\/vocerodelpueblo.com\/index.php?rest_route=\/wp\/v2\/media\/26033"}],"wp:attachment":[{"href":"https:\/\/vocerodelpueblo.com\/index.php?rest_route=%2Fwp%2Fv2%2Fmedia&parent=26029"}],"wp:term":[{"taxonomy":"category","embeddable":true,"href":"https:\/\/vocerodelpueblo.com\/index.php?rest_route=%2Fwp%2Fv2%2Fcategories&post=26029"},{"taxonomy":"post_tag","embeddable":true,"href":"https:\/\/vocerodelpueblo.com\/index.php?rest_route=%2Fwp%2Fv2%2Ftags&post=26029"}],"curies":[{"name":"wp","href":"https:\/\/api.w.org\/{rel}","templated":true}]}}