{"id":26035,"date":"2026-04-27T13:21:22","date_gmt":"2026-04-27T19:21:22","guid":{"rendered":"https:\/\/vocerodelpueblo.com\/?p=26035"},"modified":"2026-04-28T13:23:41","modified_gmt":"2026-04-28T19:23:41","slug":"con-voluntad-no-hay-limites-se-graduan-11-adultos-mayores-de-la-estancia-frente-democratico-del-dif-tampico","status":"publish","type":"post","link":"https:\/\/vocerodelpueblo.com\/?p=26035","title":{"rendered":"Con voluntad no hay l\u00edmites: Se graduan 11 adultos mayores de la Estancia \u00abFrente Democr\u00e1tico\u00bb del DIF Tampico"},"content":{"rendered":"\n<p class=\"has-medium-font-size\">En una ceremonia marcada por la emoci\u00f3n y el reconocimiento al esfuerzo inalcanzable, 11 adultos mayores de la Estancia \u00abFrente Democr\u00e1tico\u00bb del DIF Tampico celebraron la culminaci\u00f3n de sus estudios de primaria y secundaria, consolid\u00e1ndose como un ejemplo de vida y superaci\u00f3n.<\/p>\n\n\n\n<p class=\"has-medium-font-size\">Este logro educativo es el resultado del trabajo conjunto entre el Sistema DIF Municipal, encabezado por la Dra. Luz Adriana Villarreal Anaya, y el Instituto Tamaulipeco de Educaci\u00f3n para Adultos (ITEA). El programa, que arranc\u00f3 hace un a\u00f1o en la Casa Club \u00abEsfuerzo Obrero\u00bb, contin\u00faa dando frutos demostrando que la edad no es una barrera para cumplir con los sue\u00f1os.<\/p>\n\n\n\n<p class=\"has-medium-font-size\">Durante el evento, Villarreal Anaya dirigi\u00f3 un mensaje a los graduados, resaltando que su dedicaci\u00f3n es la mayor inspiraci\u00f3n para que el DIF Tampico siga impulsando pol\u00edticas de inclusi\u00f3n y desarrollo.<\/p>\n\n\n\n<p class=\"has-medium-font-size\">\u00abNunca es tarde para cumplir las metas. Ver su alegr\u00eda y su determinaci\u00f3n nos motiva a seguir abriendo espacios para que nuestras abuelitas y abuelitos contin\u00faen prepar\u00e1ndose. Hoy reafirmamos nuestro compromiso con su bienestar y su crecimiento personal\u00bb, afirm\u00f3.<\/p>\n\n\n\n<p class=\"has-medium-font-size\">La colaboraci\u00f3n con el ITEA ha sido fundamental para brindar las herramientas necesarias adaptadas a los adultos mayores.<\/p>\n\n\n\n<p class=\"has-medium-font-size\">En el evento se cont\u00f3 con la presencia de Nicandro Badir Alvarado Maldonado, Coordinador de Zona del ITEA en Tampico y de Alejandro Vargas Rodr\u00edguez, Secretario T\u00e9cnico del ITEA.<\/p>\n\n\n\n<p class=\"has-medium-font-size\">Luz Adriana Villarreal, se\u00f1al\u00f3 que esta graduaci\u00f3n no solo representa la entrega de un certificado, sino el fortalecimiento de la autoestima y la integraci\u00f3n social de los adultos mayores.<\/p>\n\n\n\n<p class=\"has-medium-font-size\">El \u00e9xito de estos 11 estudiantes es un testimonio de que, con voluntad y el apoyo institucional adecuado, no existen l\u00edmites.<\/p>\n\n\n\n<figure class=\"wp-block-gallery has-nested-images columns-default is-cropped wp-block-gallery-1 is-layout-flex wp-block-gallery-is-layout-flex\">\n<figure class=\"wp-block-image size-full\"><img loading=\"lazy\" decoding=\"async\" width=\"880\" height=\"585\" data-id=\"26037\" src=\"https:\/\/vocerodelpueblo.com\/wp-content\/uploads\/2026\/04\/WhatsApp-Image-2026-04-27-at-10.07.10-AM.jpg\" alt=\"\" class=\"wp-image-26037\" srcset=\"https:\/\/vocerodelpueblo.com\/wp-content\/uploads\/2026\/04\/WhatsApp-Image-2026-04-27-at-10.07.10-AM.jpg 880w, https:\/\/vocerodelpueblo.com\/wp-content\/uploads\/2026\/04\/WhatsApp-Image-2026-04-27-at-10.07.10-AM-350x233.jpg 350w, https:\/\/vocerodelpueblo.com\/wp-content\/uploads\/2026\/04\/WhatsApp-Image-2026-04-27-at-10.07.10-AM-633x421.jpg 633w\" sizes=\"auto, (max-width: 880px) 100vw, 880px\" \/><\/figure>\n\n\n\n<figure class=\"wp-block-image size-full\"><img loading=\"lazy\" decoding=\"async\" width=\"700\" height=\"465\" data-id=\"26036\" src=\"https:\/\/vocerodelpueblo.com\/wp-content\/uploads\/2026\/04\/WhatsApp-Image-2026-04-27-at-10.07.09-AM.jpg\" alt=\"\" class=\"wp-image-26036\" srcset=\"https:\/\/vocerodelpueblo.com\/wp-content\/uploads\/2026\/04\/WhatsApp-Image-2026-04-27-at-10.07.09-AM.jpg 700w, https:\/\/vocerodelpueblo.com\/wp-content\/uploads\/2026\/04\/WhatsApp-Image-2026-04-27-at-10.07.09-AM-350x233.jpg 350w, https:\/\/vocerodelpueblo.com\/wp-content\/uploads\/2026\/04\/WhatsApp-Image-2026-04-27-at-10.07.09-AM-634x421.jpg 634w\" sizes=\"auto, (max-width: 700px) 100vw, 700px\" \/><\/figure>\n\n\n\n<figure class=\"wp-block-image size-full\"><img loading=\"lazy\" decoding=\"async\" width=\"800\" height=\"532\" data-id=\"26038\" src=\"https:\/\/vocerodelpueblo.com\/wp-content\/uploads\/2026\/04\/WhatsApp-Image-2026-04-27-at-10.07.08-AM.jpg\" alt=\"\" class=\"wp-image-26038\" srcset=\"https:\/\/vocerodelpueblo.com\/wp-content\/uploads\/2026\/04\/WhatsApp-Image-2026-04-27-at-10.07.08-AM.jpg 800w, https:\/\/vocerodelpueblo.com\/wp-content\/uploads\/2026\/04\/WhatsApp-Image-2026-04-27-at-10.07.08-AM-350x233.jpg 350w, https:\/\/vocerodelpueblo.com\/wp-content\/uploads\/2026\/04\/WhatsApp-Image-2026-04-27-at-10.07.08-AM-633x421.jpg 633w\" sizes=\"auto, (max-width: 800px) 100vw, 800px\" \/><\/figure>\n<\/figure>\n","protected":false},"excerpt":{"rendered":"<p>En una ceremonia marcada por la emoci\u00f3n y el reconocimiento al esfuerzo inalcanzable, 11 adultos mayores de la Estancia \u00abFrente Democr\u00e1tico\u00bb del DIF Tampico celebraron la culminaci\u00f3n de sus estudios de primaria y secundaria, consolid\u00e1ndose como un ejemplo de vida y superaci\u00f3n. Este logro educativo es el resultado del trabajo conjunto entre el Sistema DIF [&hellip;]<\/p>\n","protected":false},"author":2,"featured_media":26038,"comment_status":"closed","ping_status":"closed","sticky":false,"template":"","format":"standard","meta":{"footnotes":""},"categories":[3],"tags":[],"class_list":["post-26035","post","type-post","status-publish","format-standard","has-post-thumbnail","hentry","category-tampico"],"_links":{"self":[{"href":"https:\/\/vocerodelpueblo.com\/index.php?rest_route=\/wp\/v2\/posts\/26035","targetHints":{"allow":["GET"]}}],"collection":[{"href":"https:\/\/vocerodelpueblo.com\/index.php?rest_route=\/wp\/v2\/posts"}],"about":[{"href":"https:\/\/vocerodelpueblo.com\/index.php?rest_route=\/wp\/v2\/types\/post"}],"author":[{"embeddable":true,"href":"https:\/\/vocerodelpueblo.com\/index.php?rest_route=\/wp\/v2\/users\/2"}],"replies":[{"embeddable":true,"href":"https:\/\/vocerodelpueblo.com\/index.php?rest_route=%2Fwp%2Fv2%2Fcomments&post=26035"}],"version-history":[{"count":1,"href":"https:\/\/vocerodelpueblo.com\/index.php?rest_route=\/wp\/v2\/posts\/26035\/revisions"}],"predecessor-version":[{"id":26039,"href":"https:\/\/vocerodelpueblo.com\/index.php?rest_route=\/wp\/v2\/posts\/26035\/revisions\/26039"}],"wp:featuredmedia":[{"embeddable":true,"href":"https:\/\/vocerodelpueblo.com\/index.php?rest_route=\/wp\/v2\/media\/26038"}],"wp:attachment":[{"href":"https:\/\/vocerodelpueblo.com\/index.php?rest_route=%2Fwp%2Fv2%2Fmedia&parent=26035"}],"wp:term":[{"taxonomy":"category","embeddable":true,"href":"https:\/\/vocerodelpueblo.com\/index.php?rest_route=%2Fwp%2Fv2%2Fcategories&post=26035"},{"taxonomy":"post_tag","embeddable":true,"href":"https:\/\/vocerodelpueblo.com\/index.php?rest_route=%2Fwp%2Fv2%2Ftags&post=26035"}],"curies":[{"name":"wp","href":"https:\/\/api.w.org\/{rel}","templated":true}]}}