{"id":26040,"date":"2026-04-27T13:24:43","date_gmt":"2026-04-27T19:24:43","guid":{"rendered":"https:\/\/vocerodelpueblo.com\/?p=26040"},"modified":"2026-04-28T13:26:23","modified_gmt":"2026-04-28T19:26:23","slug":"reafirma-monica-villarreal-compromiso-con-la-salud-y-bienestar-de-las-familias-tampiquenas","status":"publish","type":"post","link":"https:\/\/vocerodelpueblo.com\/?p=26040","title":{"rendered":"Reafirma M\u00f3nica Villarreal compromiso con la salud y bienestar de las familias tampique\u00f1as"},"content":{"rendered":"\n<p class=\"has-medium-font-size\">El Gobierno Municipal de Tampico, encabezado por la presidenta municipal M\u00f3nica Villarreal Anaya, contin\u00faa fortaleciendo las acciones en favor de la salud p\u00fablica mediante programas integrales de atenci\u00f3n y prevenci\u00f3n de la diabetes, consolidando as\u00ed una pol\u00edtica cercana y humana orientada al bienestar de la poblaci\u00f3n.<\/p>\n\n\n\n<p class=\"has-medium-font-size\">En este contexto, la alcaldesa porte\u00f1a se\u00f1al\u00f3 que, a casi un a\u00f1o de la creaci\u00f3n del Centro de Control de Diabetes de Tampico (CECODIAT) Morelos y del ubicado en la colonia Borreguera, su administraci\u00f3n mantiene firme el compromiso de brindar servicios m\u00e9dicos accesibles y de calidad para mejorar la calidad de vida de las familias tampique\u00f1as.<\/p>\n\n\n\n<p class=\"has-medium-font-size\">\u201cEl bienestar de nuestra gente es una prioridad. En Tampico trabajamos para acercar servicios de salud dignos, con atenci\u00f3n profesional y humana, especialmente para quienes viven con diabetes y requieren acompa\u00f1amiento permanente\u201d, expres\u00f3.<\/p>\n\n\n\n<p class=\"has-medium-font-size\">Asimismo, reconoci\u00f3 el esfuerzo del personal de salud municipal y el trabajo realizado por la Direcci\u00f3n de Salud para consolidar este modelo de atenci\u00f3n.<\/p>\n\n\n\n<p class=\"has-medium-font-size\">La jefa de la comuna resalt\u00f3 que hasta el momento se han brindado m\u00e1s de 800 consultas diabetol\u00f3gicas, 992 consultas de nutrici\u00f3n, as\u00ed como consultas de medicina interna y talleres de educaci\u00f3n en diabetes.<\/p>\n\n\n\n<p class=\"has-medium-font-size\">Asimismo, inform\u00f3 que de 330 pacientes ingresados, 184 se encuentran controlados por hemoglobina glucosilada, lo que representa un 56 por ciento de control metab\u00f3lico.<\/p>\n\n\n\n<p class=\"has-medium-font-size\">Indic\u00f3 que, a trav\u00e9s del CECODIAT, se ofrece un modelo de atenci\u00f3n integral \u00fanico, donde las y los pacientes reciben seguimiento mediante un equipo multidisciplinario especializado, enfocado no solo en el tratamiento m\u00e9dico, sino tambi\u00e9n en la educaci\u00f3n, nutrici\u00f3n, salud emocional y prevenci\u00f3n de complicaciones.<\/p>\n\n\n\n<p class=\"has-medium-font-size\">Entre los servicios disponibles se encuentran consulta diabetol\u00f3gica gratuita, educaci\u00f3n en diabetes, atenci\u00f3n nutricional, consulta con m\u00e9dico internista, as\u00ed como servicios de psicolog\u00eda y odontolog\u00eda a bajo costo.<\/p>\n\n\n\n<p class=\"has-medium-font-size\">Finalmente, M\u00f3nica Villarreal reiter\u00f3 que su gobierno seguir\u00e1 impulsando estrategias que fortalezcan la prevenci\u00f3n y el cuidado de la salud, acercando servicios a quienes m\u00e1s lo necesitan.<\/p>\n\n\n\n<figure class=\"wp-block-gallery has-nested-images columns-default is-cropped wp-block-gallery-1 is-layout-flex wp-block-gallery-is-layout-flex\">\n<figure class=\"wp-block-image size-full\"><img loading=\"lazy\" decoding=\"async\" width=\"2560\" height=\"1703\" data-id=\"26042\" src=\"https:\/\/vocerodelpueblo.com\/wp-content\/uploads\/2026\/04\/WhatsApp-Image-2026-04-27-at-8.53.56-PM-1-scaled.jpeg\" alt=\"\" class=\"wp-image-26042\" srcset=\"https:\/\/vocerodelpueblo.com\/wp-content\/uploads\/2026\/04\/WhatsApp-Image-2026-04-27-at-8.53.56-PM-1-scaled.jpeg 2560w, https:\/\/vocerodelpueblo.com\/wp-content\/uploads\/2026\/04\/WhatsApp-Image-2026-04-27-at-8.53.56-PM-1-350x233.jpeg 350w, https:\/\/vocerodelpueblo.com\/wp-content\/uploads\/2026\/04\/WhatsApp-Image-2026-04-27-at-8.53.56-PM-1-633x421.jpeg 633w, https:\/\/vocerodelpueblo.com\/wp-content\/uploads\/2026\/04\/WhatsApp-Image-2026-04-27-at-8.53.56-PM-1-1536x1022.jpeg 1536w, https:\/\/vocerodelpueblo.com\/wp-content\/uploads\/2026\/04\/WhatsApp-Image-2026-04-27-at-8.53.56-PM-1-2048x1362.jpeg 2048w\" sizes=\"auto, (max-width: 2560px) 100vw, 2560px\" \/><\/figure>\n\n\n\n<figure class=\"wp-block-image size-full\"><img loading=\"lazy\" decoding=\"async\" width=\"700\" height=\"466\" data-id=\"26043\" src=\"https:\/\/vocerodelpueblo.com\/wp-content\/uploads\/2026\/04\/WhatsApp-Image-2026-04-27-at-8.53.56-PM.jpg\" alt=\"\" class=\"wp-image-26043\" srcset=\"https:\/\/vocerodelpueblo.com\/wp-content\/uploads\/2026\/04\/WhatsApp-Image-2026-04-27-at-8.53.56-PM.jpg 700w, https:\/\/vocerodelpueblo.com\/wp-content\/uploads\/2026\/04\/WhatsApp-Image-2026-04-27-at-8.53.56-PM-350x233.jpg 350w, https:\/\/vocerodelpueblo.com\/wp-content\/uploads\/2026\/04\/WhatsApp-Image-2026-04-27-at-8.53.56-PM-632x421.jpg 632w\" sizes=\"auto, (max-width: 700px) 100vw, 700px\" \/><\/figure>\n\n\n\n<figure class=\"wp-block-image size-full\"><img loading=\"lazy\" decoding=\"async\" width=\"1280\" height=\"852\" data-id=\"26041\" src=\"https:\/\/vocerodelpueblo.com\/wp-content\/uploads\/2026\/04\/WhatsApp-Image-2026-04-27-at-8.53.55-PM.jpeg\" alt=\"\" class=\"wp-image-26041\" srcset=\"https:\/\/vocerodelpueblo.com\/wp-content\/uploads\/2026\/04\/WhatsApp-Image-2026-04-27-at-8.53.55-PM.jpeg 1280w, https:\/\/vocerodelpueblo.com\/wp-content\/uploads\/2026\/04\/WhatsApp-Image-2026-04-27-at-8.53.55-PM-350x233.jpeg 350w, https:\/\/vocerodelpueblo.com\/wp-content\/uploads\/2026\/04\/WhatsApp-Image-2026-04-27-at-8.53.55-PM-632x421.jpeg 632w\" sizes=\"auto, (max-width: 1280px) 100vw, 1280px\" \/><\/figure>\n<\/figure>\n","protected":false},"excerpt":{"rendered":"<p>El Gobierno Municipal de Tampico, encabezado por la presidenta municipal M\u00f3nica Villarreal Anaya, contin\u00faa fortaleciendo las acciones en favor de la salud p\u00fablica mediante programas integrales de atenci\u00f3n y prevenci\u00f3n de la diabetes, consolidando as\u00ed una pol\u00edtica cercana y humana orientada al bienestar de la poblaci\u00f3n. En este contexto, la alcaldesa porte\u00f1a se\u00f1al\u00f3 que, a [&hellip;]<\/p>\n","protected":false},"author":2,"featured_media":26041,"comment_status":"closed","ping_status":"closed","sticky":false,"template":"","format":"standard","meta":{"footnotes":""},"categories":[3],"tags":[],"class_list":["post-26040","post","type-post","status-publish","format-standard","has-post-thumbnail","hentry","category-tampico"],"_links":{"self":[{"href":"https:\/\/vocerodelpueblo.com\/index.php?rest_route=\/wp\/v2\/posts\/26040","targetHints":{"allow":["GET"]}}],"collection":[{"href":"https:\/\/vocerodelpueblo.com\/index.php?rest_route=\/wp\/v2\/posts"}],"about":[{"href":"https:\/\/vocerodelpueblo.com\/index.php?rest_route=\/wp\/v2\/types\/post"}],"author":[{"embeddable":true,"href":"https:\/\/vocerodelpueblo.com\/index.php?rest_route=\/wp\/v2\/users\/2"}],"replies":[{"embeddable":true,"href":"https:\/\/vocerodelpueblo.com\/index.php?rest_route=%2Fwp%2Fv2%2Fcomments&post=26040"}],"version-history":[{"count":1,"href":"https:\/\/vocerodelpueblo.com\/index.php?rest_route=\/wp\/v2\/posts\/26040\/revisions"}],"predecessor-version":[{"id":26044,"href":"https:\/\/vocerodelpueblo.com\/index.php?rest_route=\/wp\/v2\/posts\/26040\/revisions\/26044"}],"wp:featuredmedia":[{"embeddable":true,"href":"https:\/\/vocerodelpueblo.com\/index.php?rest_route=\/wp\/v2\/media\/26041"}],"wp:attachment":[{"href":"https:\/\/vocerodelpueblo.com\/index.php?rest_route=%2Fwp%2Fv2%2Fmedia&parent=26040"}],"wp:term":[{"taxonomy":"category","embeddable":true,"href":"https:\/\/vocerodelpueblo.com\/index.php?rest_route=%2Fwp%2Fv2%2Fcategories&post=26040"},{"taxonomy":"post_tag","embeddable":true,"href":"https:\/\/vocerodelpueblo.com\/index.php?rest_route=%2Fwp%2Fv2%2Ftags&post=26040"}],"curies":[{"name":"wp","href":"https:\/\/api.w.org\/{rel}","templated":true}]}}