{"id":26066,"date":"2026-04-28T09:04:54","date_gmt":"2026-04-28T15:04:54","guid":{"rendered":"https:\/\/vocerodelpueblo.com\/?p=26066"},"modified":"2026-04-30T09:09:31","modified_gmt":"2026-04-30T15:09:31","slug":"tampico-fortalece-su-proyeccion-turistica-en-el-tianguis-turistico-mexico-2026","status":"publish","type":"post","link":"https:\/\/vocerodelpueblo.com\/?p=26066","title":{"rendered":"Tampico fortalece su proyecci\u00f3n tur\u00edstica en el Tianguis Tur\u00edstico M\u00e9xico 2026"},"content":{"rendered":"\n<p><\/p>\n\n\n\n<p class=\"has-medium-font-size\">Al asistir a la inauguraci\u00f3n del Tianguis Tur\u00edstico M\u00e9xico 2026, celebrado en Acapulco, Guerrero, la alcaldesa de Tampico, M\u00f3nica Villarreal Anaya, refrend\u00f3 su compromiso de posicionar al municipio como un destino competitivo, moderno y con visi\u00f3n global.<\/p>\n\n\n\n<p class=\"has-medium-font-size\">Este encuentro, que se desarrolla del 27 al 30 de abril, re\u00fane a las 32 entidades del pa\u00eds y representa una plataforma clave para fortalecer alianzas entre los sectores p\u00fablico y privado, as\u00ed como para ampliar la cooperaci\u00f3n internacional en materia tur\u00edstica.<\/p>\n\n\n\n<p class=\"has-medium-font-size\">Acompa\u00f1ada por la directora de Turismo, Karime C\u00e1mara Cha\u00edn, la jefa edilicia destac\u00f3 que Tampico avanza con paso firme dentro de la estrategia estatal de promoci\u00f3n, consolid\u00e1ndose como uno de los destinos m\u00e1s importantes del noreste mexicano, gracias a su riqueza hist\u00f3rica, cultural, gastron\u00f3mica y a la conectividad con la zona conurbada.<\/p>\n\n\n\n<p class=\"has-medium-font-size\">\u201cEstamos trabajando para que m\u00e1s visitantes lleguen a nuestra ciudad y encuentren un destino moderno y seguro\u00bb, puntualiz\u00f3.<\/p>\n\n\n\n<p class=\"has-medium-font-size\">En este marco, la Presidenta Municipal, acompa\u00f1\u00f3 a la secretaria de Turismo del Gobierno de M\u00e9xico, Josefina Rodr\u00edguez Zamora, as\u00ed como al secretario de Turismo del Gobierno del Estado de Tamaulipas, Benjam\u00edn Hern\u00e1ndez Rodr\u00edguez, durante la inauguraci\u00f3n del stand de Tamaulipas, donde se promueven los principales destinos de la entidad.<\/p>\n\n\n\n<p class=\"has-medium-font-size\">Asimismo, subray\u00f3 que el Gobierno Municipal mantiene una pol\u00edtica permanente de coordinaci\u00f3n con el Gobierno del Estado y con los municipios de Ciudad Madero y Altamira, orientada a fortalecer la conectividad y abrir nuevos mercados internacionales.<\/p>\n\n\n\n<p class=\"has-medium-font-size\">En este sentido, se\u00f1al\u00f3 que uno de los objetivos prioritarios es impulsar la reactivaci\u00f3n de los viajes ch\u00e1rter provenientes de Canad\u00e1, estrategia que permitir\u00e1 mayor turismo extranjero y fortalecer la econom\u00eda local.<\/p>\n\n\n\n<p class=\"has-medium-font-size\">Finalmente, M\u00f3nica Villarreal reiter\u00f3 que su administraci\u00f3n continuar\u00e1 promoviendo pol\u00edticas p\u00fablicas que consoliden a Tampico como un destino tur\u00edstico competitivo, innovador, y con amplia protecci\u00f3n internacional.<\/p>\n\n\n\n<figure class=\"wp-block-gallery has-nested-images columns-default is-cropped wp-block-gallery-1 is-layout-flex wp-block-gallery-is-layout-flex\">\n<figure class=\"wp-block-image size-full\"><img loading=\"lazy\" decoding=\"async\" width=\"700\" height=\"466\" data-id=\"26069\" src=\"https:\/\/vocerodelpueblo.com\/wp-content\/uploads\/2026\/04\/WhatsApp-Image-2026-04-28-at-7.45.45-PM.jpg\" alt=\"\" class=\"wp-image-26069\" srcset=\"https:\/\/vocerodelpueblo.com\/wp-content\/uploads\/2026\/04\/WhatsApp-Image-2026-04-28-at-7.45.45-PM.jpg 700w, https:\/\/vocerodelpueblo.com\/wp-content\/uploads\/2026\/04\/WhatsApp-Image-2026-04-28-at-7.45.45-PM-350x233.jpg 350w, https:\/\/vocerodelpueblo.com\/wp-content\/uploads\/2026\/04\/WhatsApp-Image-2026-04-28-at-7.45.45-PM-632x421.jpg 632w\" sizes=\"auto, (max-width: 700px) 100vw, 700px\" \/><\/figure>\n\n\n\n<figure class=\"wp-block-image size-full\"><img loading=\"lazy\" decoding=\"async\" width=\"700\" height=\"467\" data-id=\"26067\" src=\"https:\/\/vocerodelpueblo.com\/wp-content\/uploads\/2026\/04\/WhatsApp-Image-2026-04-28-at-7.45.46-PM-1.jpg\" alt=\"\" class=\"wp-image-26067\" srcset=\"https:\/\/vocerodelpueblo.com\/wp-content\/uploads\/2026\/04\/WhatsApp-Image-2026-04-28-at-7.45.46-PM-1.jpg 700w, https:\/\/vocerodelpueblo.com\/wp-content\/uploads\/2026\/04\/WhatsApp-Image-2026-04-28-at-7.45.46-PM-1-350x234.jpg 350w, https:\/\/vocerodelpueblo.com\/wp-content\/uploads\/2026\/04\/WhatsApp-Image-2026-04-28-at-7.45.46-PM-1-631x421.jpg 631w\" sizes=\"auto, (max-width: 700px) 100vw, 700px\" \/><\/figure>\n\n\n\n<figure class=\"wp-block-image size-full\"><img loading=\"lazy\" decoding=\"async\" width=\"700\" height=\"466\" data-id=\"26068\" src=\"https:\/\/vocerodelpueblo.com\/wp-content\/uploads\/2026\/04\/WhatsApp-Image-2026-04-28-at-7.45.46-PM.jpg\" alt=\"\" class=\"wp-image-26068\" srcset=\"https:\/\/vocerodelpueblo.com\/wp-content\/uploads\/2026\/04\/WhatsApp-Image-2026-04-28-at-7.45.46-PM.jpg 700w, https:\/\/vocerodelpueblo.com\/wp-content\/uploads\/2026\/04\/WhatsApp-Image-2026-04-28-at-7.45.46-PM-350x233.jpg 350w, https:\/\/vocerodelpueblo.com\/wp-content\/uploads\/2026\/04\/WhatsApp-Image-2026-04-28-at-7.45.46-PM-632x421.jpg 632w\" sizes=\"auto, (max-width: 700px) 100vw, 700px\" \/><\/figure>\n<\/figure>\n","protected":false},"excerpt":{"rendered":"<p>Al asistir a la inauguraci\u00f3n del Tianguis Tur\u00edstico M\u00e9xico 2026, celebrado en Acapulco, Guerrero, la alcaldesa de Tampico, M\u00f3nica Villarreal Anaya, refrend\u00f3 su compromiso de posicionar al municipio como un destino competitivo, moderno y con visi\u00f3n global. Este encuentro, que se desarrolla del 27 al 30 de abril, re\u00fane a las 32 entidades del pa\u00eds [&hellip;]<\/p>\n","protected":false},"author":2,"featured_media":26069,"comment_status":"closed","ping_status":"closed","sticky":false,"template":"","format":"standard","meta":{"footnotes":""},"categories":[3],"tags":[],"class_list":["post-26066","post","type-post","status-publish","format-standard","has-post-thumbnail","hentry","category-tampico"],"_links":{"self":[{"href":"https:\/\/vocerodelpueblo.com\/index.php?rest_route=\/wp\/v2\/posts\/26066","targetHints":{"allow":["GET"]}}],"collection":[{"href":"https:\/\/vocerodelpueblo.com\/index.php?rest_route=\/wp\/v2\/posts"}],"about":[{"href":"https:\/\/vocerodelpueblo.com\/index.php?rest_route=\/wp\/v2\/types\/post"}],"author":[{"embeddable":true,"href":"https:\/\/vocerodelpueblo.com\/index.php?rest_route=\/wp\/v2\/users\/2"}],"replies":[{"embeddable":true,"href":"https:\/\/vocerodelpueblo.com\/index.php?rest_route=%2Fwp%2Fv2%2Fcomments&post=26066"}],"version-history":[{"count":1,"href":"https:\/\/vocerodelpueblo.com\/index.php?rest_route=\/wp\/v2\/posts\/26066\/revisions"}],"predecessor-version":[{"id":26070,"href":"https:\/\/vocerodelpueblo.com\/index.php?rest_route=\/wp\/v2\/posts\/26066\/revisions\/26070"}],"wp:featuredmedia":[{"embeddable":true,"href":"https:\/\/vocerodelpueblo.com\/index.php?rest_route=\/wp\/v2\/media\/26069"}],"wp:attachment":[{"href":"https:\/\/vocerodelpueblo.com\/index.php?rest_route=%2Fwp%2Fv2%2Fmedia&parent=26066"}],"wp:term":[{"taxonomy":"category","embeddable":true,"href":"https:\/\/vocerodelpueblo.com\/index.php?rest_route=%2Fwp%2Fv2%2Fcategories&post=26066"},{"taxonomy":"post_tag","embeddable":true,"href":"https:\/\/vocerodelpueblo.com\/index.php?rest_route=%2Fwp%2Fv2%2Ftags&post=26066"}],"curies":[{"name":"wp","href":"https:\/\/api.w.org\/{rel}","templated":true}]}}