{"id":26071,"date":"2026-04-29T09:11:22","date_gmt":"2026-04-29T15:11:22","guid":{"rendered":"https:\/\/vocerodelpueblo.com\/?p=26071"},"modified":"2026-04-30T09:13:44","modified_gmt":"2026-04-30T15:13:44","slug":"impulsa-monica-villarreal-promocion-internacional-y-conectividad-para-tampico","status":"publish","type":"post","link":"https:\/\/vocerodelpueblo.com\/?p=26071","title":{"rendered":"Impulsa M\u00f3nica Villarreal promoci\u00f3n internacional y conectividad para Tampico"},"content":{"rendered":"\n<p class=\"has-medium-font-size\">En el marco del Tianguis Tur\u00edstico de Acapulco 2026, la alcaldesa de Tampico M\u00f3nica Villarreal Anaya reafirm\u00f3 su compromiso con el desarrollo tur\u00edstico del municipio mediante la firma de tres importantes convenios de colaboraci\u00f3n que tienen como prop\u00f3sito, promover a la ciudad como uno de los destinos m\u00e1s atractivos del pa\u00eds; y ampliar la conectividad carretera y a\u00e9rea, con las diferentes entidades.<\/p>\n\n\n\n<p class=\"has-medium-font-size\">En primer t\u00e9rmino, la jefa de la comuna, acompa\u00f1ada del secretario de Turismo en el Estado, Benjam\u00edn Hern\u00e1ndez Rodr\u00edguez y de la directora de Turismo en el municipio, Karime C\u00e1mara Cha\u00edn, reafirm\u00f3 el acuerdo de promoci\u00f3n tur\u00edstica en el plano internacional con CONEXSTUR, representado por su presidenta, Birgit Grund, mediante el cual se impulsar\u00e1 la proyecci\u00f3n del municipio en el extranjero, posicion\u00e1ndolo como uno de los destinos tur\u00edsticos m\u00e1s importantes del sur de Tamaulipas.<\/p>\n\n\n\n<p class=\"has-medium-font-size\">Este proyecto buscar\u00e1 resaltar la riqueza cultural, gastron\u00f3mica, tur\u00edstica e hist\u00f3rica de Tampico en sectores estrat\u00e9gicos, fortaleciendo su posicionamiento en mercados internacionales y generando mayores oportunidades de atracci\u00f3n de visitantes, inversi\u00f3n y desarrollo econ\u00f3mico para la regi\u00f3n.<\/p>\n\n\n\n<p class=\"has-medium-font-size\">\u201cTampico tiene todo para enamorar al turismo internacional; hoy damos un paso firme para llevar nuestra historia, nuestra gastronom\u00eda y nuestra identidad m\u00e1s all\u00e1 de nuestras fronteras. Estamos trabajando para que Tampico no solo sea visitado, sino recomendado y recordado\u201d, expres\u00f3.<\/p>\n\n\n\n<p class=\"has-medium-font-size\">Asimismo, Villarreal Anaya acord\u00f3 con las empresas ETN Turistar, a trav\u00e9s de su director comercial, Erick Ruiz Ruiz, y VivaAerobus, representada por su vicepresidente de Asuntos Corporativos, Jes\u00fas Horacio Gonz\u00e1lez, ampliar la conectividad hacia y desde otros destinos del pa\u00eds, mediante estrategias de promoci\u00f3n que atraigan visitantes y turistas hacia la regi\u00f3n sur tamaulipeca.<\/p>\n\n\n\n<p class=\"has-medium-font-size\">\u201cLa conectividad es clave para el desarrollo tur\u00edstico; facilitar la llegada de visitantes significa generar m\u00e1s oportunidades para nuestra gente, fortalecer la econom\u00eda local y abrir nuevas rutas de crecimiento para Tampico. Por eso, hoy estamos sumando esfuerzos con aliados estrat\u00e9gicos que nos permitan estar mejor comunicados y ser un destino cada vez m\u00e1s accesible, competitivo y atractivo para quienes buscan conocer lo mejor de nuestra regi\u00f3n\u201d, subray\u00f3 la alcaldesa.<\/p>\n\n\n\n<p class=\"has-medium-font-size\">Finalmente, la presidenta municipal reiter\u00f3 que estas acciones forman parte de una estrategia integral para consolidar a Tampico como un destino competitivo a nivel nacional e internacional, impulsando el crecimiento econ\u00f3mico y fortaleciendo la cadena de valor tur\u00edstica.<\/p>\n\n\n\n<figure class=\"wp-block-gallery has-nested-images columns-default is-cropped wp-block-gallery-1 is-layout-flex wp-block-gallery-is-layout-flex\">\n<figure class=\"wp-block-image size-full\"><img loading=\"lazy\" decoding=\"async\" width=\"800\" height=\"534\" data-id=\"26074\" src=\"https:\/\/vocerodelpueblo.com\/wp-content\/uploads\/2026\/04\/WhatsApp-Image-2026-04-29-at-6.42.30-PM.jpg\" alt=\"\" class=\"wp-image-26074\" srcset=\"https:\/\/vocerodelpueblo.com\/wp-content\/uploads\/2026\/04\/WhatsApp-Image-2026-04-29-at-6.42.30-PM.jpg 800w, https:\/\/vocerodelpueblo.com\/wp-content\/uploads\/2026\/04\/WhatsApp-Image-2026-04-29-at-6.42.30-PM-350x234.jpg 350w, https:\/\/vocerodelpueblo.com\/wp-content\/uploads\/2026\/04\/WhatsApp-Image-2026-04-29-at-6.42.30-PM-631x421.jpg 631w\" sizes=\"auto, (max-width: 800px) 100vw, 800px\" \/><\/figure>\n\n\n\n<figure class=\"wp-block-image size-full\"><img loading=\"lazy\" decoding=\"async\" width=\"800\" height=\"534\" data-id=\"26072\" src=\"https:\/\/vocerodelpueblo.com\/wp-content\/uploads\/2026\/04\/WhatsApp-Image-2026-04-29-at-6.42.17-PM-1.jpg\" alt=\"\" class=\"wp-image-26072\" srcset=\"https:\/\/vocerodelpueblo.com\/wp-content\/uploads\/2026\/04\/WhatsApp-Image-2026-04-29-at-6.42.17-PM-1.jpg 800w, https:\/\/vocerodelpueblo.com\/wp-content\/uploads\/2026\/04\/WhatsApp-Image-2026-04-29-at-6.42.17-PM-1-350x234.jpg 350w, https:\/\/vocerodelpueblo.com\/wp-content\/uploads\/2026\/04\/WhatsApp-Image-2026-04-29-at-6.42.17-PM-1-631x421.jpg 631w\" sizes=\"auto, (max-width: 800px) 100vw, 800px\" \/><\/figure>\n\n\n\n<figure class=\"wp-block-image size-full\"><img loading=\"lazy\" decoding=\"async\" width=\"700\" height=\"525\" data-id=\"26073\" src=\"https:\/\/vocerodelpueblo.com\/wp-content\/uploads\/2026\/04\/WhatsApp-Image-2026-04-29-at-6.42.17-PM.jpg\" alt=\"\" class=\"wp-image-26073\" srcset=\"https:\/\/vocerodelpueblo.com\/wp-content\/uploads\/2026\/04\/WhatsApp-Image-2026-04-29-at-6.42.17-PM.jpg 700w, https:\/\/vocerodelpueblo.com\/wp-content\/uploads\/2026\/04\/WhatsApp-Image-2026-04-29-at-6.42.17-PM-350x263.jpg 350w, https:\/\/vocerodelpueblo.com\/wp-content\/uploads\/2026\/04\/WhatsApp-Image-2026-04-29-at-6.42.17-PM-561x421.jpg 561w\" sizes=\"auto, (max-width: 700px) 100vw, 700px\" \/><\/figure>\n<\/figure>\n","protected":false},"excerpt":{"rendered":"<p>En el marco del Tianguis Tur\u00edstico de Acapulco 2026, la alcaldesa de Tampico M\u00f3nica Villarreal Anaya reafirm\u00f3 su compromiso con el desarrollo tur\u00edstico del municipio mediante la firma de tres importantes convenios de colaboraci\u00f3n que tienen como prop\u00f3sito, promover a la ciudad como uno de los destinos m\u00e1s atractivos del pa\u00eds; y ampliar la conectividad [&hellip;]<\/p>\n","protected":false},"author":2,"featured_media":26073,"comment_status":"closed","ping_status":"closed","sticky":false,"template":"","format":"standard","meta":{"footnotes":""},"categories":[3],"tags":[],"class_list":["post-26071","post","type-post","status-publish","format-standard","has-post-thumbnail","hentry","category-tampico"],"_links":{"self":[{"href":"https:\/\/vocerodelpueblo.com\/index.php?rest_route=\/wp\/v2\/posts\/26071","targetHints":{"allow":["GET"]}}],"collection":[{"href":"https:\/\/vocerodelpueblo.com\/index.php?rest_route=\/wp\/v2\/posts"}],"about":[{"href":"https:\/\/vocerodelpueblo.com\/index.php?rest_route=\/wp\/v2\/types\/post"}],"author":[{"embeddable":true,"href":"https:\/\/vocerodelpueblo.com\/index.php?rest_route=\/wp\/v2\/users\/2"}],"replies":[{"embeddable":true,"href":"https:\/\/vocerodelpueblo.com\/index.php?rest_route=%2Fwp%2Fv2%2Fcomments&post=26071"}],"version-history":[{"count":2,"href":"https:\/\/vocerodelpueblo.com\/index.php?rest_route=\/wp\/v2\/posts\/26071\/revisions"}],"predecessor-version":[{"id":26076,"href":"https:\/\/vocerodelpueblo.com\/index.php?rest_route=\/wp\/v2\/posts\/26071\/revisions\/26076"}],"wp:featuredmedia":[{"embeddable":true,"href":"https:\/\/vocerodelpueblo.com\/index.php?rest_route=\/wp\/v2\/media\/26073"}],"wp:attachment":[{"href":"https:\/\/vocerodelpueblo.com\/index.php?rest_route=%2Fwp%2Fv2%2Fmedia&parent=26071"}],"wp:term":[{"taxonomy":"category","embeddable":true,"href":"https:\/\/vocerodelpueblo.com\/index.php?rest_route=%2Fwp%2Fv2%2Fcategories&post=26071"},{"taxonomy":"post_tag","embeddable":true,"href":"https:\/\/vocerodelpueblo.com\/index.php?rest_route=%2Fwp%2Fv2%2Ftags&post=26071"}],"curies":[{"name":"wp","href":"https:\/\/api.w.org\/{rel}","templated":true}]}}