{"id":26082,"date":"2026-04-28T10:12:02","date_gmt":"2026-04-28T16:12:02","guid":{"rendered":"https:\/\/vocerodelpueblo.com\/?p=26082"},"modified":"2026-04-30T10:16:34","modified_gmt":"2026-04-30T16:16:34","slug":"refuerza-comapa-sur-reposicion-de-pavimentos-en-vialidades-clave-de-tampico","status":"publish","type":"post","link":"https:\/\/vocerodelpueblo.com\/?p=26082","title":{"rendered":"Refuerza COMAPA SUR reposici\u00f3n de pavimentos en vialidades clave de Tampico"},"content":{"rendered":"\n<p class=\"has-medium-font-size\"><strong>TAMPICO, Tamaulipas.<\/strong> \u2013 Como parte de su programa permanente de mejora a la infraestructura urbana, <a href=\"https:\/\/www.hoytamaulipas.net\/notas\/616807\/Refuerza-COMAPA-SUR-reposicion-de-pavimentos-en-vialidades-clave-de-Tampico.html\" target=\"_blank\" rel=\"noreferrer noopener\">COMAPA SUR\u00a0<\/a> intensific\u00f3 las labores de reposici\u00f3n de pavimento en avenidas estrat\u00e9gicas de la ciudad, enfoc\u00e1ndose en puntos donde previamente se realizaron reparaciones en la red hidrosanitaria.<\/p>\n\n\n\n<p class=\"has-medium-font-size\">Estas acciones buscan restituir la superficie de rodamiento para garantizar una movilidad segura y fluida, tanto para automovilistas como para peatones.<\/p>\n\n\n\n<p class=\"has-medium-font-size\">Puntos de intervenci\u00f3n actual<\/p>\n\n\n\n<p class=\"has-medium-font-size\">En esta jornada, las cuadrillas de trabajo se concentran en dos sectores de alto flujo vehicular:<\/p>\n\n\n\n<ul class=\"wp-block-list\">\n<li class=\"has-medium-font-size\"><strong><u><strong>Colonia Nuevo Progreso<\/strong><\/u>:<\/strong> Se trabaja en la calle <strong>Josefa Ortiz de Dom\u00ednguez<\/strong>, espec\u00edficamente en el tramo entre Aquiles Serd\u00e1n y Nicol\u00e1s Bravo. Esta v\u00eda es considerada una conexi\u00f3n vital para la circulaci\u00f3n en la zona norte de Tampico.<\/li>\n\n\n\n<li class=\"has-medium-font-size\"><strong>Colonia Colinas de Universidad:<\/strong> Las labores avanzan en la <strong><u><strong>Avenida de los Leones<\/strong><\/u><\/strong>, entre Rosal\u00edo Bustamante y Diagonal Norte-Sur. Esta arteria destaca por registrar un tr\u00e1nsito constante de veh\u00edculos durante todo el d\u00eda.<\/li>\n<\/ul>\n\n\n\n<p class=\"has-medium-font-size\">Trabajo coordinado y compromiso<\/p>\n\n\n\n<p class=\"has-medium-font-size\">De acuerdo con  estas tareas se desarrollan en coordinaci\u00f3n estrecha con el <strong>Ayuntamiento de Tampico<\/strong>. El objetivo es asegurar una atenci\u00f3n integral en cada sector intervenido, elevando as\u00ed la calidad de vida de las familias beneficiadas.<\/p>\n\n\n\n<p class=\"has-medium-font-size\">El organismo operador del agua reafirm\u00f3 su compromiso de no dejar obras inconclusas, asegurando que cada punto donde se realice un mantenimiento subterr\u00e1neo ser\u00e1 debidamente pavimentado para mantener la integridad de la infraestructura urbana de la ciudad.<\/p>\n\n\n\n<figure class=\"wp-block-gallery has-nested-images columns-default is-cropped wp-block-gallery-1 is-layout-flex wp-block-gallery-is-layout-flex\">\n<figure class=\"wp-block-image size-full\"><img loading=\"lazy\" decoding=\"async\" width=\"600\" height=\"450\" data-id=\"26083\" src=\"https:\/\/vocerodelpueblo.com\/wp-content\/uploads\/2026\/04\/WhatsApp-Image-2026-04-28-at-4.00.25-PM-2.jpg\" alt=\"\" class=\"wp-image-26083\" srcset=\"https:\/\/vocerodelpueblo.com\/wp-content\/uploads\/2026\/04\/WhatsApp-Image-2026-04-28-at-4.00.25-PM-2.jpg 600w, https:\/\/vocerodelpueblo.com\/wp-content\/uploads\/2026\/04\/WhatsApp-Image-2026-04-28-at-4.00.25-PM-2-350x263.jpg 350w, https:\/\/vocerodelpueblo.com\/wp-content\/uploads\/2026\/04\/WhatsApp-Image-2026-04-28-at-4.00.25-PM-2-561x421.jpg 561w\" sizes=\"auto, (max-width: 600px) 100vw, 600px\" \/><\/figure>\n\n\n\n<figure class=\"wp-block-image size-full\"><img loading=\"lazy\" decoding=\"async\" width=\"700\" height=\"525\" data-id=\"26084\" src=\"https:\/\/vocerodelpueblo.com\/wp-content\/uploads\/2026\/04\/WhatsApp-Image-2026-04-28-at-4.00.25-PM-1.jpg\" alt=\"\" class=\"wp-image-26084\" srcset=\"https:\/\/vocerodelpueblo.com\/wp-content\/uploads\/2026\/04\/WhatsApp-Image-2026-04-28-at-4.00.25-PM-1.jpg 700w, https:\/\/vocerodelpueblo.com\/wp-content\/uploads\/2026\/04\/WhatsApp-Image-2026-04-28-at-4.00.25-PM-1-350x263.jpg 350w, https:\/\/vocerodelpueblo.com\/wp-content\/uploads\/2026\/04\/WhatsApp-Image-2026-04-28-at-4.00.25-PM-1-561x421.jpg 561w\" sizes=\"auto, (max-width: 700px) 100vw, 700px\" \/><\/figure>\n\n\n\n<figure class=\"wp-block-image size-full\"><img loading=\"lazy\" decoding=\"async\" width=\"700\" height=\"525\" data-id=\"26085\" src=\"https:\/\/vocerodelpueblo.com\/wp-content\/uploads\/2026\/04\/WhatsApp-Image-2026-04-28-at-4.00.25-PM.jpg\" alt=\"\" class=\"wp-image-26085\" srcset=\"https:\/\/vocerodelpueblo.com\/wp-content\/uploads\/2026\/04\/WhatsApp-Image-2026-04-28-at-4.00.25-PM.jpg 700w, https:\/\/vocerodelpueblo.com\/wp-content\/uploads\/2026\/04\/WhatsApp-Image-2026-04-28-at-4.00.25-PM-350x263.jpg 350w, https:\/\/vocerodelpueblo.com\/wp-content\/uploads\/2026\/04\/WhatsApp-Image-2026-04-28-at-4.00.25-PM-561x421.jpg 561w\" sizes=\"auto, (max-width: 700px) 100vw, 700px\" \/><\/figure>\n<\/figure>\n","protected":false},"excerpt":{"rendered":"<p>TAMPICO, Tamaulipas. \u2013 Como parte de su programa permanente de mejora a la infraestructura urbana, COMAPA SUR\u00a0 intensific\u00f3 las labores de reposici\u00f3n de pavimento en avenidas estrat\u00e9gicas de la ciudad, enfoc\u00e1ndose en puntos donde previamente se realizaron reparaciones en la red hidrosanitaria. Estas acciones buscan restituir la superficie de rodamiento para garantizar una movilidad segura [&hellip;]<\/p>\n","protected":false},"author":2,"featured_media":26083,"comment_status":"closed","ping_status":"closed","sticky":false,"template":"","format":"standard","meta":{"footnotes":""},"categories":[2],"tags":[],"class_list":["post-26082","post","type-post","status-publish","format-standard","has-post-thumbnail","hentry","category-zonaconurbada"],"_links":{"self":[{"href":"https:\/\/vocerodelpueblo.com\/index.php?rest_route=\/wp\/v2\/posts\/26082","targetHints":{"allow":["GET"]}}],"collection":[{"href":"https:\/\/vocerodelpueblo.com\/index.php?rest_route=\/wp\/v2\/posts"}],"about":[{"href":"https:\/\/vocerodelpueblo.com\/index.php?rest_route=\/wp\/v2\/types\/post"}],"author":[{"embeddable":true,"href":"https:\/\/vocerodelpueblo.com\/index.php?rest_route=\/wp\/v2\/users\/2"}],"replies":[{"embeddable":true,"href":"https:\/\/vocerodelpueblo.com\/index.php?rest_route=%2Fwp%2Fv2%2Fcomments&post=26082"}],"version-history":[{"count":1,"href":"https:\/\/vocerodelpueblo.com\/index.php?rest_route=\/wp\/v2\/posts\/26082\/revisions"}],"predecessor-version":[{"id":26086,"href":"https:\/\/vocerodelpueblo.com\/index.php?rest_route=\/wp\/v2\/posts\/26082\/revisions\/26086"}],"wp:featuredmedia":[{"embeddable":true,"href":"https:\/\/vocerodelpueblo.com\/index.php?rest_route=\/wp\/v2\/media\/26083"}],"wp:attachment":[{"href":"https:\/\/vocerodelpueblo.com\/index.php?rest_route=%2Fwp%2Fv2%2Fmedia&parent=26082"}],"wp:term":[{"taxonomy":"category","embeddable":true,"href":"https:\/\/vocerodelpueblo.com\/index.php?rest_route=%2Fwp%2Fv2%2Fcategories&post=26082"},{"taxonomy":"post_tag","embeddable":true,"href":"https:\/\/vocerodelpueblo.com\/index.php?rest_route=%2Fwp%2Fv2%2Ftags&post=26082"}],"curies":[{"name":"wp","href":"https:\/\/api.w.org\/{rel}","templated":true}]}}