{"id":28319,"date":"2026-07-02T10:59:09","date_gmt":"2026-07-02T16:59:09","guid":{"rendered":"https:\/\/vocerodelpueblo.com\/?p=28319"},"modified":"2026-08-18T11:13:52","modified_gmt":"2026-08-18T17:13:52","slug":"historico-se-graduan-mas-de-932-tecnicos-profesionales-del-cetis-109-la-mejor-institucion-de-tamaulipas","status":"publish","type":"post","link":"https:\/\/vocerodelpueblo.com\/?p=28319","title":{"rendered":"\u00a1HIST\u00d3RICO! SE GRAD\u00daAN M\u00c1S DE 932 T\u00c9CNICOS PROFESIONALES DEL CETIS 109: LA MEJOR INSTITUCI\u00d3N DE TAMAULIPAS.!"},"content":{"rendered":"\n<p class=\"has-medium-font-size wp-block-paragraph\">Julio 02 del 2026:<\/p>\n\n\n\n<p class=\"has-medium-font-size wp-block-paragraph\"><img loading=\"lazy\" decoding=\"async\" height=\"16\" width=\"16\" alt=\"&#x1f4cd;\" src=\"https:\/\/static.xx.fbcdn.net\/images\/emoji.php\/v9\/t2d\/1\/16\/1f4cd.png\"> CIUDAD MADERO, TAM. | En una ceremonia impregnada de emoci\u00f3n, orgullo y un profundo sentido de pertenencia, el CETIS 109 visti\u00f3 sus mejores galas para entregar a la sociedad a una nueva y brillante generaci\u00f3n de T\u00e9cnicos Profesionales (Periodo 2023-2026). M\u00e1s de 900 j\u00f3venes culminaron con \u00e9xito sus estudios, consolidando a este plantel como el m\u00e1ximo referente de la educaci\u00f3n tecnol\u00f3gica en todo el estado de Tamaulipas.<\/p>\n\n\n\n<p class=\"has-medium-font-size wp-block-paragraph\">El evento, que marca un hito en la historia educativa de Ciudad Madero, fue el escenario perfecto para reconocer el esfuerzo conjunto de alumnos, padres de familia, docentes y autoridades que hacen posible la grandeza de esta gran comunidad escolar.<\/p>\n\n\n\n<p class=\"has-medium-font-size wp-block-paragraph\">*El Ing.Jorge Bladimir L\u00f3pez Beltr\u00e1n menciono un fuerte<\/p>\n\n\n\n<p class=\"has-medium-font-size wp-block-paragraph\">AGRADECIMIENTO TOTAL A LOS PADRES Y DOCENTES<\/p>\n\n\n\n<p class=\"has-medium-font-size wp-block-paragraph\">El \u00e9xito de esta generaci\u00f3n 2023-2026 no es casualidad. Es el resultado de la confianza ciega que miles de padres de familia depositaron en el CETIS 109, entregando en sus manos el futuro de sus hijos. De igual forma, el reconocimiento de la sociedad maderense va directo hacia el cuerpo docente; mujeres y hombres comprometidos que, m\u00e1s all\u00e1 de impartir materias, dejaron el coraz\u00f3n en las aulas y dieron parte de sus vidas para formar a los l\u00edderes del ma\u00f1ana.<\/p>\n\n\n\n<p class=\"has-medium-font-size wp-block-paragraph\">RESPALDO INSTITUCIONAL Y UNI\u00d3N DE ESFUERZOS<\/p>\n\n\n\n<p class=\"has-medium-font-size wp-block-paragraph\">La ceremonia cont\u00f3 con un s\u00f3lido respaldo de las autoridades estatales, generales y municipales, destacando la sinergia que existe para impulsar la educaci\u00f3n en la urbe petrolera.<\/p>\n\n\n\n<p class=\"has-medium-font-size wp-block-paragraph\">Se cont\u00f3 con el invaluable apoyo y presencia dela Presidenta del Dif Municipal de Ciudad Madero, CP DUNIA MARON, Representando al alcalde de la ciudad el CP ERASMO GONZALEZ ROBLEDO quienes han demostrado ser aliados incondicionales de la juventud maderense y del crecimiento de este plantel.<\/p>\n\n\n\n<p class=\"has-medium-font-size wp-block-paragraph\">En el pres\u00eddium y coordinando los esfuerzos de esta gran fiesta educativa, destac\u00f3 el director de la instituci\u00f3n, el Ing.Jorge BLADIMIR L\u00d3PEZ BELTRAN, un l\u00edder cercano a la comunidad escolar, y<\/p>\n\n\n\n<p class=\"has-medium-font-size wp-block-paragraph\">quien acudi\u00f3 en representaci\u00f3n del Ing. Olegario Mu\u00f1iz Cura, Comisionado Responsable de la DGETI en Tamaulipas, fue el ING. Emmanuel \u00c1brego Alarc\u00f3n,reafirmando el compromiso del subsistema con la excelencia acad\u00e9mica.<\/p>\n\n\n\n<p class=\"has-medium-font-size wp-block-paragraph\">* EL LEGADO DE LOS FUNDADORES Y EL LIDERAZGO DEL ING. JORGE BLADIMIR L\u00d3PEZ BELTR\u00c1N<\/p>\n\n\n\n<p class=\"has-medium-font-size wp-block-paragraph\">Con un respeto absoluto y un cari\u00f1o entra\u00f1able, durante el acto se brind\u00f3 un reconocimiento total a los fundadores del CETIS 109, cuyas bases s\u00f3lidas permiten que hoy la instituci\u00f3n coseche estos frutos masivos.<\/p>\n\n\n\n<p class=\"has-medium-font-size wp-block-paragraph\">De manera muy especial, se destac\u00f3 la trayectoria, la visi\u00f3n y el trabajo incansable del Ing. Jorge Bladimir L\u00f3pez Beltr\u00e1n, pieza fundamental en el engranaje del \u00e9xito de este plantel. Su liderazgo y vocaci\u00f3n de servicio siguen siendo un faro de inspiraci\u00f3n tanto para las nuevas generaciones como para el personal que d\u00eda a d\u00eda eleva el prestigio del CETIS 109.<\/p>\n\n\n\n<p class=\"has-medium-font-size wp-block-paragraph\">\u00a1Hoy Ciudad Madero y Tamaulipas tienen a m\u00e1s de 900 nuevos t\u00e9cnicos listos para transformar el futuro!<\/p>\n\n\n\n<p class=\"has-medium-font-size wp-block-paragraph\">\u00a1Muchas felicidades a los graduados, a sus familias y que viva por siempre el orgullo CETIS 109!<\/p>\n\n\n\n<p class=\"has-medium-font-size wp-block-paragraph\">ALFREDO BARBOSA. OLIVAREZ,PADRINO DE LUJO!<\/p>\n\n\n\n<p class=\"has-medium-font-size wp-block-paragraph\"><a href=\"https:\/\/www.facebook.com\/hashtag\/ingjorgebladimirlopezbeltran?__eep__=6&amp;__cft__[0]=AZYWM1TipsmZCNzhf010oq3V-x0foKyZy0wpAfygmyIGNf2EgeBeks5DCszp-uEhodihunYaWcwOTdzUNP04Gl8V7VUV_F6j-wyqwA6bBgMsM3dsKCeBfd_pXfW5NDye0BRma_badPRD4nheKv1XxuXHfTLkVeqqXtVL6iu61B-GPQ&amp;__tn__=*NK-R\">#IngJorgeBladimirLopezBeltran<\/a><\/p>\n\n\n\n<p class=\"has-medium-font-size wp-block-paragraph\"><a href=\"https:\/\/www.facebook.com\/hashtag\/ciudadmadero?__eep__=6&amp;__cft__[0]=AZYWM1TipsmZCNzhf010oq3V-x0foKyZy0wpAfygmyIGNf2EgeBeks5DCszp-uEhodihunYaWcwOTdzUNP04Gl8V7VUV_F6j-wyqwA6bBgMsM3dsKCeBfd_pXfW5NDye0BRma_badPRD4nheKv1XxuXHfTLkVeqqXtVL6iu61B-GPQ&amp;__tn__=*NK-R\">#CiudadMadero<\/a><a href=\"https:\/\/www.facebook.com\/hashtag\/graduaci%C3%B3n2026?__eep__=6&amp;__cft__[0]=AZYWM1TipsmZCNzhf010oq3V-x0foKyZy0wpAfygmyIGNf2EgeBeks5DCszp-uEhodihunYaWcwOTdzUNP04Gl8V7VUV_F6j-wyqwA6bBgMsM3dsKCeBfd_pXfW5NDye0BRma_badPRD4nheKv1XxuXHfTLkVeqqXtVL6iu61B-GPQ&amp;__tn__=*NK-R\">#Graduaci\u00f3n2026<\/a><a href=\"https:\/\/www.facebook.com\/hashtag\/educaci%C3%B3ntamaulipas?__eep__=6&amp;__cft__[0]=AZYWM1TipsmZCNzhf010oq3V-x0foKyZy0wpAfygmyIGNf2EgeBeks5DCszp-uEhodihunYaWcwOTdzUNP04Gl8V7VUV_F6j-wyqwA6bBgMsM3dsKCeBfd_pXfW5NDye0BRma_badPRD4nheKv1XxuXHfTLkVeqqXtVL6iu61B-GPQ&amp;__tn__=*NK-R\">#Educaci\u00f3nTamaulipas<\/a><a href=\"https:\/\/www.facebook.com\/hashtag\/dgetitamaulipas?__eep__=6&amp;__cft__[0]=AZYWM1TipsmZCNzhf010oq3V-x0foKyZy0wpAfygmyIGNf2EgeBeks5DCszp-uEhodihunYaWcwOTdzUNP04Gl8V7VUV_F6j-wyqwA6bBgMsM3dsKCeBfd_pXfW5NDye0BRma_badPRD4nheKv1XxuXHfTLkVeqqXtVL6iu61B-GPQ&amp;__tn__=*NK-R\">#DGETITamaulipas<\/a><a href=\"https:\/\/www.facebook.com\/hashtag\/orgullocetis109?__eep__=6&amp;__cft__[0]=AZYWM1TipsmZCNzhf010oq3V-x0foKyZy0wpAfygmyIGNf2EgeBeks5DCszp-uEhodihunYaWcwOTdzUNP04Gl8V7VUV_F6j-wyqwA6bBgMsM3dsKCeBfd_pXfW5NDye0BRma_badPRD4nheKv1XxuXHfTLkVeqqXtVL6iu61B-GPQ&amp;__tn__=*NK-R\">#OrgulloCETIS109<\/a><a href=\"https:\/\/www.facebook.com\/hashtag\/tamaulipas?__eep__=6&amp;__cft__[0]=AZYWM1TipsmZCNzhf010oq3V-x0foKyZy0wpAfygmyIGNf2EgeBeks5DCszp-uEhodihunYaWcwOTdzUNP04Gl8V7VUV_F6j-wyqwA6bBgMsM3dsKCeBfd_pXfW5NDye0BRma_badPRD4nheKv1XxuXHfTLkVeqqXtVL6iu61B-GPQ&amp;__tn__=*NK-R\">#Tamaulipas<\/a><a href=\"https:\/\/www.facebook.com\/hashtag\/voceronoticias?__eep__=6&amp;__cft__[0]=AZYWM1TipsmZCNzhf010oq3V-x0foKyZy0wpAfygmyIGNf2EgeBeks5DCszp-uEhodihunYaWcwOTdzUNP04Gl8V7VUV_F6j-wyqwA6bBgMsM3dsKCeBfd_pXfW5NDye0BRma_badPRD4nheKv1XxuXHfTLkVeqqXtVL6iu61B-GPQ&amp;__tn__=*NK-R\">#VoceroNoticias<\/a><\/p>\n\n\n\n<figure class=\"wp-block-gallery has-nested-images columns-default is-cropped wp-block-gallery-1 is-layout-flex wp-block-gallery-is-layout-flex\">\n<figure class=\"wp-block-image size-full\"><img loading=\"lazy\" decoding=\"async\" width=\"2048\" height=\"1536\" data-id=\"28322\" src=\"https:\/\/vocerodelpueblo.com\/wp-content\/uploads\/2026\/08\/736153996_871910519310663_7758890407195962435_n-1.jpg\" alt=\"\" class=\"wp-image-28322\" srcset=\"https:\/\/vocerodelpueblo.com\/wp-content\/uploads\/2026\/08\/736153996_871910519310663_7758890407195962435_n-1.jpg 2048w, https:\/\/vocerodelpueblo.com\/wp-content\/uploads\/2026\/08\/736153996_871910519310663_7758890407195962435_n-1-350x263.jpg 350w, https:\/\/vocerodelpueblo.com\/wp-content\/uploads\/2026\/08\/736153996_871910519310663_7758890407195962435_n-1-561x421.jpg 561w, https:\/\/vocerodelpueblo.com\/wp-content\/uploads\/2026\/08\/736153996_871910519310663_7758890407195962435_n-1-1536x1152.jpg 1536w\" sizes=\"auto, (max-width: 2048px) 100vw, 2048px\" \/><\/figure>\n\n\n\n<figure class=\"wp-block-image size-full\"><img loading=\"lazy\" decoding=\"async\" width=\"2048\" height=\"1536\" data-id=\"28333\" src=\"https:\/\/vocerodelpueblo.com\/wp-content\/uploads\/2026\/08\/735859346_871911502643898_8388133452808696128_n-1.jpg\" alt=\"\" class=\"wp-image-28333\" srcset=\"https:\/\/vocerodelpueblo.com\/wp-content\/uploads\/2026\/08\/735859346_871911502643898_8388133452808696128_n-1.jpg 2048w, https:\/\/vocerodelpueblo.com\/wp-content\/uploads\/2026\/08\/735859346_871911502643898_8388133452808696128_n-1-350x263.jpg 350w, https:\/\/vocerodelpueblo.com\/wp-content\/uploads\/2026\/08\/735859346_871911502643898_8388133452808696128_n-1-561x421.jpg 561w, https:\/\/vocerodelpueblo.com\/wp-content\/uploads\/2026\/08\/735859346_871911502643898_8388133452808696128_n-1-1536x1152.jpg 1536w\" sizes=\"auto, (max-width: 2048px) 100vw, 2048px\" \/><\/figure>\n<\/figure>\n\n\n\n<figure class=\"wp-block-gallery has-nested-images columns-default is-cropped wp-block-gallery-2 is-layout-flex wp-block-gallery-is-layout-flex\">\n<figure class=\"wp-block-image size-large\"><img loading=\"lazy\" decoding=\"async\" width=\"561\" height=\"421\" data-id=\"28323\" src=\"https:\/\/vocerodelpueblo.com\/wp-content\/uploads\/2026\/08\/735897796_871910632643985_4318719322628316328_n-561x421.jpg\" alt=\"\" class=\"wp-image-28323\" srcset=\"https:\/\/vocerodelpueblo.com\/wp-content\/uploads\/2026\/08\/735897796_871910632643985_4318719322628316328_n-561x421.jpg 561w, https:\/\/vocerodelpueblo.com\/wp-content\/uploads\/2026\/08\/735897796_871910632643985_4318719322628316328_n-350x263.jpg 350w, https:\/\/vocerodelpueblo.com\/wp-content\/uploads\/2026\/08\/735897796_871910632643985_4318719322628316328_n-1536x1152.jpg 1536w, https:\/\/vocerodelpueblo.com\/wp-content\/uploads\/2026\/08\/735897796_871910632643985_4318719322628316328_n.jpg 2048w\" sizes=\"auto, (max-width: 561px) 100vw, 561px\" \/><\/figure>\n\n\n\n<figure class=\"wp-block-image size-large\"><img loading=\"lazy\" decoding=\"async\" width=\"561\" height=\"421\" data-id=\"28325\" src=\"https:\/\/vocerodelpueblo.com\/wp-content\/uploads\/2026\/08\/736153984_871910699310645_4123320442948729078_n-561x421.jpg\" alt=\"\" class=\"wp-image-28325\" srcset=\"https:\/\/vocerodelpueblo.com\/wp-content\/uploads\/2026\/08\/736153984_871910699310645_4123320442948729078_n-561x421.jpg 561w, https:\/\/vocerodelpueblo.com\/wp-content\/uploads\/2026\/08\/736153984_871910699310645_4123320442948729078_n-350x263.jpg 350w, https:\/\/vocerodelpueblo.com\/wp-content\/uploads\/2026\/08\/736153984_871910699310645_4123320442948729078_n-1536x1152.jpg 1536w, https:\/\/vocerodelpueblo.com\/wp-content\/uploads\/2026\/08\/736153984_871910699310645_4123320442948729078_n.jpg 2048w\" sizes=\"auto, (max-width: 561px) 100vw, 561px\" \/><\/figure>\n\n\n\n<figure class=\"wp-block-image size-large\"><img loading=\"lazy\" decoding=\"async\" width=\"561\" height=\"421\" data-id=\"28329\" src=\"https:\/\/vocerodelpueblo.com\/wp-content\/uploads\/2026\/08\/736921658_871910752643973_1497612789488306724_n-561x421.jpg\" alt=\"\" class=\"wp-image-28329\" srcset=\"https:\/\/vocerodelpueblo.com\/wp-content\/uploads\/2026\/08\/736921658_871910752643973_1497612789488306724_n-561x421.jpg 561w, https:\/\/vocerodelpueblo.com\/wp-content\/uploads\/2026\/08\/736921658_871910752643973_1497612789488306724_n-350x263.jpg 350w, https:\/\/vocerodelpueblo.com\/wp-content\/uploads\/2026\/08\/736921658_871910752643973_1497612789488306724_n-1536x1152.jpg 1536w, https:\/\/vocerodelpueblo.com\/wp-content\/uploads\/2026\/08\/736921658_871910752643973_1497612789488306724_n.jpg 2048w\" sizes=\"auto, (max-width: 561px) 100vw, 561px\" \/><\/figure>\n\n\n\n<figure class=\"wp-block-image size-large\"><img loading=\"lazy\" decoding=\"async\" width=\"561\" height=\"421\" data-id=\"28324\" src=\"https:\/\/vocerodelpueblo.com\/wp-content\/uploads\/2026\/08\/736343155_871910962643952_5510926636245522867_n-561x421.jpg\" alt=\"\" class=\"wp-image-28324\" srcset=\"https:\/\/vocerodelpueblo.com\/wp-content\/uploads\/2026\/08\/736343155_871910962643952_5510926636245522867_n-561x421.jpg 561w, https:\/\/vocerodelpueblo.com\/wp-content\/uploads\/2026\/08\/736343155_871910962643952_5510926636245522867_n-350x263.jpg 350w, https:\/\/vocerodelpueblo.com\/wp-content\/uploads\/2026\/08\/736343155_871910962643952_5510926636245522867_n-1536x1152.jpg 1536w, https:\/\/vocerodelpueblo.com\/wp-content\/uploads\/2026\/08\/736343155_871910962643952_5510926636245522867_n.jpg 2048w\" sizes=\"auto, (max-width: 561px) 100vw, 561px\" \/><\/figure>\n\n\n\n<figure class=\"wp-block-image size-large\"><img loading=\"lazy\" decoding=\"async\" width=\"561\" height=\"421\" data-id=\"28330\" src=\"https:\/\/vocerodelpueblo.com\/wp-content\/uploads\/2026\/08\/736055319_871911022643946_7642390801683046852_n-561x421.jpg\" alt=\"\" class=\"wp-image-28330\" srcset=\"https:\/\/vocerodelpueblo.com\/wp-content\/uploads\/2026\/08\/736055319_871911022643946_7642390801683046852_n-561x421.jpg 561w, https:\/\/vocerodelpueblo.com\/wp-content\/uploads\/2026\/08\/736055319_871911022643946_7642390801683046852_n-350x263.jpg 350w, https:\/\/vocerodelpueblo.com\/wp-content\/uploads\/2026\/08\/736055319_871911022643946_7642390801683046852_n-1536x1152.jpg 1536w, https:\/\/vocerodelpueblo.com\/wp-content\/uploads\/2026\/08\/736055319_871911022643946_7642390801683046852_n.jpg 2048w\" sizes=\"auto, (max-width: 561px) 100vw, 561px\" \/><\/figure>\n\n\n\n<figure class=\"wp-block-image size-large\"><img loading=\"lazy\" decoding=\"async\" width=\"561\" height=\"421\" data-id=\"28331\" src=\"https:\/\/vocerodelpueblo.com\/wp-content\/uploads\/2026\/08\/736760105_871911082643940_4647225251308630670_n-561x421.jpg\" alt=\"\" class=\"wp-image-28331\" srcset=\"https:\/\/vocerodelpueblo.com\/wp-content\/uploads\/2026\/08\/736760105_871911082643940_4647225251308630670_n-561x421.jpg 561w, https:\/\/vocerodelpueblo.com\/wp-content\/uploads\/2026\/08\/736760105_871911082643940_4647225251308630670_n-350x263.jpg 350w, https:\/\/vocerodelpueblo.com\/wp-content\/uploads\/2026\/08\/736760105_871911082643940_4647225251308630670_n-1536x1152.jpg 1536w, https:\/\/vocerodelpueblo.com\/wp-content\/uploads\/2026\/08\/736760105_871911082643940_4647225251308630670_n.jpg 2048w\" sizes=\"auto, (max-width: 561px) 100vw, 561px\" \/><\/figure>\n\n\n\n<figure class=\"wp-block-image size-large\"><img loading=\"lazy\" decoding=\"async\" width=\"561\" height=\"421\" data-id=\"28332\" src=\"https:\/\/vocerodelpueblo.com\/wp-content\/uploads\/2026\/08\/736153987_871911292643919_6819580880855182551_n-561x421.jpg\" alt=\"\" class=\"wp-image-28332\" srcset=\"https:\/\/vocerodelpueblo.com\/wp-content\/uploads\/2026\/08\/736153987_871911292643919_6819580880855182551_n-561x421.jpg 561w, https:\/\/vocerodelpueblo.com\/wp-content\/uploads\/2026\/08\/736153987_871911292643919_6819580880855182551_n-350x263.jpg 350w, https:\/\/vocerodelpueblo.com\/wp-content\/uploads\/2026\/08\/736153987_871911292643919_6819580880855182551_n-1536x1152.jpg 1536w, https:\/\/vocerodelpueblo.com\/wp-content\/uploads\/2026\/08\/736153987_871911292643919_6819580880855182551_n.jpg 2048w\" sizes=\"auto, (max-width: 561px) 100vw, 561px\" \/><\/figure>\n\n\n\n<figure class=\"wp-block-image size-large\"><img loading=\"lazy\" decoding=\"async\" width=\"561\" height=\"421\" data-id=\"28326\" src=\"https:\/\/vocerodelpueblo.com\/wp-content\/uploads\/2026\/08\/735786891_871911375977244_5782385793888191737_n-561x421.jpg\" alt=\"\" class=\"wp-image-28326\" srcset=\"https:\/\/vocerodelpueblo.com\/wp-content\/uploads\/2026\/08\/735786891_871911375977244_5782385793888191737_n-561x421.jpg 561w, https:\/\/vocerodelpueblo.com\/wp-content\/uploads\/2026\/08\/735786891_871911375977244_5782385793888191737_n-350x263.jpg 350w, https:\/\/vocerodelpueblo.com\/wp-content\/uploads\/2026\/08\/735786891_871911375977244_5782385793888191737_n-1536x1152.jpg 1536w, https:\/\/vocerodelpueblo.com\/wp-content\/uploads\/2026\/08\/735786891_871911375977244_5782385793888191737_n.jpg 2048w\" sizes=\"auto, (max-width: 561px) 100vw, 561px\" \/><\/figure>\n\n\n\n<figure class=\"wp-block-image size-large\"><img loading=\"lazy\" decoding=\"async\" width=\"561\" height=\"421\" data-id=\"28327\" src=\"https:\/\/vocerodelpueblo.com\/wp-content\/uploads\/2026\/08\/735636685_871911419310573_4016738316940890646_n-561x421.jpg\" alt=\"\" class=\"wp-image-28327\" srcset=\"https:\/\/vocerodelpueblo.com\/wp-content\/uploads\/2026\/08\/735636685_871911419310573_4016738316940890646_n-561x421.jpg 561w, https:\/\/vocerodelpueblo.com\/wp-content\/uploads\/2026\/08\/735636685_871911419310573_4016738316940890646_n-350x263.jpg 350w, https:\/\/vocerodelpueblo.com\/wp-content\/uploads\/2026\/08\/735636685_871911419310573_4016738316940890646_n-1536x1152.jpg 1536w, https:\/\/vocerodelpueblo.com\/wp-content\/uploads\/2026\/08\/735636685_871911419310573_4016738316940890646_n.jpg 2048w\" sizes=\"auto, (max-width: 561px) 100vw, 561px\" \/><\/figure>\n\n\n\n<figure class=\"wp-block-image size-full\"><img loading=\"lazy\" decoding=\"async\" width=\"2048\" height=\"1536\" data-id=\"28328\" src=\"https:\/\/vocerodelpueblo.com\/wp-content\/uploads\/2026\/08\/738583038_871911465977235_3917596099072874514_n.jpg\" alt=\"\" class=\"wp-image-28328\" srcset=\"https:\/\/vocerodelpueblo.com\/wp-content\/uploads\/2026\/08\/738583038_871911465977235_3917596099072874514_n.jpg 2048w, https:\/\/vocerodelpueblo.com\/wp-content\/uploads\/2026\/08\/738583038_871911465977235_3917596099072874514_n-350x263.jpg 350w, https:\/\/vocerodelpueblo.com\/wp-content\/uploads\/2026\/08\/738583038_871911465977235_3917596099072874514_n-561x421.jpg 561w, https:\/\/vocerodelpueblo.com\/wp-content\/uploads\/2026\/08\/738583038_871911465977235_3917596099072874514_n-1536x1152.jpg 1536w\" sizes=\"auto, (max-width: 2048px) 100vw, 2048px\" \/><\/figure>\n<\/figure>\n","protected":false},"excerpt":{"rendered":"<p>Julio 02 del 2026: CIUDAD MADERO, TAM. | En una ceremonia impregnada de emoci\u00f3n, orgullo y un profundo sentido de pertenencia, el CETIS 109 visti\u00f3 sus mejores galas para entregar a la sociedad a una nueva y brillante generaci\u00f3n de T\u00e9cnicos Profesionales (Periodo 2023-2026). M\u00e1s de 900 j\u00f3venes culminaron con \u00e9xito sus estudios, consolidando a [&hellip;]<\/p>\n","protected":false},"author":2,"featured_media":28320,"comment_status":"closed","ping_status":"closed","sticky":false,"template":"","format":"standard","meta":{"footnotes":""},"categories":[25,4],"tags":[],"class_list":["post-28319","post","type-post","status-publish","format-standard","has-post-thumbnail","hentry","category-cbtis-109","category-madero"],"_links":{"self":[{"href":"https:\/\/vocerodelpueblo.com\/index.php?rest_route=\/wp\/v2\/posts\/28319","targetHints":{"allow":["GET"]}}],"collection":[{"href":"https:\/\/vocerodelpueblo.com\/index.php?rest_route=\/wp\/v2\/posts"}],"about":[{"href":"https:\/\/vocerodelpueblo.com\/index.php?rest_route=\/wp\/v2\/types\/post"}],"author":[{"embeddable":true,"href":"https:\/\/vocerodelpueblo.com\/index.php?rest_route=\/wp\/v2\/users\/2"}],"replies":[{"embeddable":true,"href":"https:\/\/vocerodelpueblo.com\/index.php?rest_route=%2Fwp%2Fv2%2Fcomments&post=28319"}],"version-history":[{"count":1,"href":"https:\/\/vocerodelpueblo.com\/index.php?rest_route=\/wp\/v2\/posts\/28319\/revisions"}],"predecessor-version":[{"id":28337,"href":"https:\/\/vocerodelpueblo.com\/index.php?rest_route=\/wp\/v2\/posts\/28319\/revisions\/28337"}],"wp:featuredmedia":[{"embeddable":true,"href":"https:\/\/vocerodelpueblo.com\/index.php?rest_route=\/wp\/v2\/media\/28320"}],"wp:attachment":[{"href":"https:\/\/vocerodelpueblo.com\/index.php?rest_route=%2Fwp%2Fv2%2Fmedia&parent=28319"}],"wp:term":[{"taxonomy":"category","embeddable":true,"href":"https:\/\/vocerodelpueblo.com\/index.php?rest_route=%2Fwp%2Fv2%2Fcategories&post=28319"},{"taxonomy":"post_tag","embeddable":true,"href":"https:\/\/vocerodelpueblo.com\/index.php?rest_route=%2Fwp%2Fv2%2Ftags&post=28319"}],"curies":[{"name":"wp","href":"https:\/\/api.w.org\/{rel}","templated":true}]}}