{"id":28516,"date":"2026-08-06T15:15:06","date_gmt":"2026-08-06T21:15:06","guid":{"rendered":"https:\/\/vocerodelpueblo.com\/?p=28516"},"modified":"2026-08-19T15:32:23","modified_gmt":"2026-08-19T21:32:23","slug":"se-mantiene-armando-martinez-entre-los-mejores-alcaldes-del-pais-y-numero-uno-en-tamaulipas","status":"publish","type":"post","link":"https:\/\/vocerodelpueblo.com\/?p=28516","title":{"rendered":"Se mantiene Armando Mart\u00ednez entre los mejores alcaldes del pa\u00eds y n\u00famero uno en Tamaulipas"},"content":{"rendered":"\n<p class=\"has-medium-font-size wp-block-paragraph\">*Encuesta de julio de 2026 de Statistical Research Corporation posiciona al alcalde de Altamira en el lugar 11 a nivel nacional y como el presidente municipal mejor evaluado del estado<\/p>\n\n\n\n<p class=\"has-medium-font-size wp-block-paragraph\">El presidente municipal de Altamira, Dr. Armando Mart\u00ednez Manr\u00edquez, se mantiene entre los alcaldes mejor evaluados de M\u00e9xico al ubicarse en el lugar 11 a nivel nacional y como el presidente municipal n\u00famero uno de Tamaulipas, de acuerdo con la encuesta de Statistical Research Corporation correspondiente al mes de julio de 2026.<\/p>\n\n\n\n<p class=\"has-medium-font-size wp-block-paragraph\">El estudio otorga al alcalde altamirense una aprobaci\u00f3n ciudadana del 62.6 por ciento, resultado que refleja la confianza de las y los altamirenses en un gobierno cercano a la poblaci\u00f3n, con resultados tangibles y un firme compromiso con el desarrollo del municipio.<\/p>\n\n\n\n<p class=\"has-medium-font-size wp-block-paragraph\">La evaluaci\u00f3n reconoce el desempe\u00f1o de la administraci\u00f3n municipal en rubros como la ejecuci\u00f3n de obras de infraestructura, el fortalecimiento de los servicios p\u00fablicos, la implementaci\u00f3n de programas sociales y las acciones encaminadas a elevar la calidad de vida de las familias de Altamira.<\/p>\n\n\n\n<p class=\"has-medium-font-size wp-block-paragraph\">Asimismo, el estudio destaca que el crecimiento econ\u00f3mico del municipio y el entorno favorable para la inversi\u00f3n han contribuido a fortalecer la confianza del sector productivo, consolidando a Altamira como uno de los principales polos de desarrollo de Tamaulipas.<\/p>\n\n\n\n<p class=\"has-medium-font-size wp-block-paragraph\">Los resultados de la encuesta muestran adem\u00e1s un importante avance del alcalde en el \u00e1mbito nacional, al pasar del lugar 29 en junio al lugar 11 en julio, reflejando una tendencia positiva en la percepci\u00f3n ciudadana sobre el desempe\u00f1o de su gobierno.<\/p>\n\n\n\n<p class=\"has-medium-font-size wp-block-paragraph\">Con este reconocimiento, el Dr. Armando Mart\u00ednez Manr\u00edquez refrenda el compromiso de continuar trabajando con responsabilidad, cercan\u00eda y resultados, impulsando obras, programas y acciones que fortalezcan el bienestar de las familias altamirenses y consoliden a Altamira como un municipio en constante crecimiento.<\/p>\n\n\n\n<figure class=\"wp-block-gallery has-nested-images columns-default is-cropped wp-block-gallery-1 is-layout-flex wp-block-gallery-is-layout-flex\">\n<figure class=\"wp-block-image size-full\"><img loading=\"lazy\" decoding=\"async\" width=\"1600\" height=\"900\" data-id=\"28517\" src=\"https:\/\/vocerodelpueblo.com\/wp-content\/uploads\/2026\/08\/WhatsApp-Image-2026-08-06-at-9.42.23-AM.jpeg\" alt=\"\" class=\"wp-image-28517\" srcset=\"https:\/\/vocerodelpueblo.com\/wp-content\/uploads\/2026\/08\/WhatsApp-Image-2026-08-06-at-9.42.23-AM.jpeg 1600w, https:\/\/vocerodelpueblo.com\/wp-content\/uploads\/2026\/08\/WhatsApp-Image-2026-08-06-at-9.42.23-AM-350x197.jpeg 350w, https:\/\/vocerodelpueblo.com\/wp-content\/uploads\/2026\/08\/WhatsApp-Image-2026-08-06-at-9.42.23-AM-728x410.jpeg 728w, https:\/\/vocerodelpueblo.com\/wp-content\/uploads\/2026\/08\/WhatsApp-Image-2026-08-06-at-9.42.23-AM-1536x864.jpeg 1536w\" sizes=\"auto, (max-width: 1600px) 100vw, 1600px\" \/><\/figure>\n\n\n\n<figure class=\"wp-block-image size-full\"><img loading=\"lazy\" decoding=\"async\" width=\"1600\" height=\"898\" data-id=\"28518\" src=\"https:\/\/vocerodelpueblo.com\/wp-content\/uploads\/2026\/08\/WhatsApp-Image-2026-08-06-at-9.42.02-AM.jpeg\" alt=\"\" class=\"wp-image-28518\" srcset=\"https:\/\/vocerodelpueblo.com\/wp-content\/uploads\/2026\/08\/WhatsApp-Image-2026-08-06-at-9.42.02-AM.jpeg 1600w, https:\/\/vocerodelpueblo.com\/wp-content\/uploads\/2026\/08\/WhatsApp-Image-2026-08-06-at-9.42.02-AM-350x196.jpeg 350w, https:\/\/vocerodelpueblo.com\/wp-content\/uploads\/2026\/08\/WhatsApp-Image-2026-08-06-at-9.42.02-AM-728x409.jpeg 728w, https:\/\/vocerodelpueblo.com\/wp-content\/uploads\/2026\/08\/WhatsApp-Image-2026-08-06-at-9.42.02-AM-1536x862.jpeg 1536w\" sizes=\"auto, (max-width: 1600px) 100vw, 1600px\" \/><\/figure>\n\n\n\n<figure class=\"wp-block-image size-full\"><img loading=\"lazy\" decoding=\"async\" width=\"1024\" height=\"1280\" data-id=\"28519\" src=\"https:\/\/vocerodelpueblo.com\/wp-content\/uploads\/2026\/08\/WhatsApp-Image-2026-08-06-at-9.40.58-AM.jpeg\" alt=\"\" class=\"wp-image-28519\" srcset=\"https:\/\/vocerodelpueblo.com\/wp-content\/uploads\/2026\/08\/WhatsApp-Image-2026-08-06-at-9.40.58-AM.jpeg 1024w, https:\/\/vocerodelpueblo.com\/wp-content\/uploads\/2026\/08\/WhatsApp-Image-2026-08-06-at-9.40.58-AM-280x350.jpeg 280w, https:\/\/vocerodelpueblo.com\/wp-content\/uploads\/2026\/08\/WhatsApp-Image-2026-08-06-at-9.40.58-AM-337x421.jpeg 337w\" sizes=\"auto, (max-width: 1024px) 100vw, 1024px\" \/><\/figure>\n<\/figure>\n","protected":false},"excerpt":{"rendered":"<p>*Encuesta de julio de 2026 de Statistical Research Corporation posiciona al alcalde de Altamira en el lugar 11 a nivel nacional y como el presidente municipal mejor evaluado del estado El presidente municipal de Altamira, Dr. Armando Mart\u00ednez Manr\u00edquez, se mantiene entre los alcaldes mejor evaluados de M\u00e9xico al ubicarse en el lugar 11 a [&hellip;]<\/p>\n","protected":false},"author":2,"featured_media":28519,"comment_status":"closed","ping_status":"closed","sticky":false,"template":"","format":"standard","meta":{"footnotes":""},"categories":[5],"tags":[],"class_list":["post-28516","post","type-post","status-publish","format-standard","has-post-thumbnail","hentry","category-altamira"],"_links":{"self":[{"href":"https:\/\/vocerodelpueblo.com\/index.php?rest_route=\/wp\/v2\/posts\/28516","targetHints":{"allow":["GET"]}}],"collection":[{"href":"https:\/\/vocerodelpueblo.com\/index.php?rest_route=\/wp\/v2\/posts"}],"about":[{"href":"https:\/\/vocerodelpueblo.com\/index.php?rest_route=\/wp\/v2\/types\/post"}],"author":[{"embeddable":true,"href":"https:\/\/vocerodelpueblo.com\/index.php?rest_route=\/wp\/v2\/users\/2"}],"replies":[{"embeddable":true,"href":"https:\/\/vocerodelpueblo.com\/index.php?rest_route=%2Fwp%2Fv2%2Fcomments&post=28516"}],"version-history":[{"count":1,"href":"https:\/\/vocerodelpueblo.com\/index.php?rest_route=\/wp\/v2\/posts\/28516\/revisions"}],"predecessor-version":[{"id":28520,"href":"https:\/\/vocerodelpueblo.com\/index.php?rest_route=\/wp\/v2\/posts\/28516\/revisions\/28520"}],"wp:featuredmedia":[{"embeddable":true,"href":"https:\/\/vocerodelpueblo.com\/index.php?rest_route=\/wp\/v2\/media\/28519"}],"wp:attachment":[{"href":"https:\/\/vocerodelpueblo.com\/index.php?rest_route=%2Fwp%2Fv2%2Fmedia&parent=28516"}],"wp:term":[{"taxonomy":"category","embeddable":true,"href":"https:\/\/vocerodelpueblo.com\/index.php?rest_route=%2Fwp%2Fv2%2Fcategories&post=28516"},{"taxonomy":"post_tag","embeddable":true,"href":"https:\/\/vocerodelpueblo.com\/index.php?rest_route=%2Fwp%2Fv2%2Ftags&post=28516"}],"curies":[{"name":"wp","href":"https:\/\/api.w.org\/{rel}","templated":true}]}}