{"id":28521,"date":"2026-08-07T15:32:41","date_gmt":"2026-08-07T21:32:41","guid":{"rendered":"https:\/\/vocerodelpueblo.com\/?p=28521"},"modified":"2026-08-19T15:34:29","modified_gmt":"2026-08-19T21:34:29","slug":"fortalece-armando-martinez-infraestructura-educativa-en-altamira","status":"publish","type":"post","link":"https:\/\/vocerodelpueblo.com\/?p=28521","title":{"rendered":"Fortalece Armando Mart\u00ednez infraestructura educativa en Altamira"},"content":{"rendered":"\n<p class=\"has-medium-font-size wp-block-paragraph\">*Supervisa alcalde construcci\u00f3n de tres nuevas aulas en el ITACE para ampliar oportunidades de formaci\u00f3n y capacitaci\u00f3n<\/p>\n\n\n\n<p class=\"has-medium-font-size wp-block-paragraph\">El presidente municipal de Altamira, Dr. Armando Mart\u00ednez Manr\u00edquez, supervis\u00f3 los trabajos de construcci\u00f3n de tres nuevas aulas en el Instituto Tamaulipeco de Capacitaci\u00f3n para el Empleo (ITACE) de Altamira, infraestructura que permitir\u00e1 fortalecer la formaci\u00f3n acad\u00e9mica y la capacitaci\u00f3n para el trabajo de las y los altamirenses.<\/p>\n\n\n\n<p class=\"has-medium-font-size wp-block-paragraph\">Durante el recorrido, el alcalde destac\u00f3 que esta obra representa un paso importante para continuar generando mejores condiciones para la preparaci\u00f3n de las nuevas generaciones, mediante espacios dignos y adecuados para el desarrollo de conocimientos y habilidades.<\/p>\n\n\n\n<p class=\"has-medium-font-size wp-block-paragraph\">En la supervisi\u00f3n estuvieron presentes el Dr. Francisco Gardu\u00f1o Y\u00e1\u00f1ez, director general de Centros de Formaci\u00f3n para el Trabajo de la Secretar\u00eda de Educaci\u00f3n P\u00fablica; el Dr. H\u00e9ctor Leoncio Mart\u00ednez Castuera, coordinador nacional del Instituto de Capacitaci\u00f3n para el Trabajo (ICAT); y la Dra. Claudia Anaya Alvarado, directora general del ITACE.<\/p>\n\n\n\n<p class=\"has-medium-font-size wp-block-paragraph\">Armando Mart\u00ednez Manr\u00edquez se\u00f1al\u00f3 que su administraci\u00f3n mantiene firme el compromiso de impulsar acciones que contribuyan al fortalecimiento de la educaci\u00f3n y la preparaci\u00f3n para el empleo, al considerar ambos rubros como factores fundamentales para el desarrollo econ\u00f3mico y social de Altamira.<\/p>\n\n\n\n<p class=\"has-medium-font-size wp-block-paragraph\">\u201cReafirmamos el compromiso de seguir impulsando la educaci\u00f3n y la preparaci\u00f3n para el empleo como motores del desarrollo de nuestro municipio. En Altamira seguimos construyendo oportunidades para un mejor futuro\u201d, afirm\u00f3 el alcalde.<\/p>\n\n\n\n<p class=\"has-medium-font-size wp-block-paragraph\">Con la construcci\u00f3n de estas nuevas aulas, el Gobierno de Altamira refrenda su compromiso de trabajar de manera coordinada con las instituciones educativas para ampliar las oportunidades de aprendizaje y capacitaci\u00f3n, contribuyendo a la formaci\u00f3n de ciudadanos mejor preparados y con mayores posibilidades de incorporarse al sector productivo.<\/p>\n\n\n\n<figure class=\"wp-block-gallery has-nested-images columns-default is-cropped wp-block-gallery-1 is-layout-flex wp-block-gallery-is-layout-flex\">\n<figure class=\"wp-block-image size-full\"><img loading=\"lazy\" decoding=\"async\" width=\"1600\" height=\"900\" data-id=\"28522\" src=\"https:\/\/vocerodelpueblo.com\/wp-content\/uploads\/2026\/08\/WhatsApp-Image-2026-08-07-at-1.13.18-PM-1.jpeg\" alt=\"\" class=\"wp-image-28522\" srcset=\"https:\/\/vocerodelpueblo.com\/wp-content\/uploads\/2026\/08\/WhatsApp-Image-2026-08-07-at-1.13.18-PM-1.jpeg 1600w, https:\/\/vocerodelpueblo.com\/wp-content\/uploads\/2026\/08\/WhatsApp-Image-2026-08-07-at-1.13.18-PM-1-350x197.jpeg 350w, https:\/\/vocerodelpueblo.com\/wp-content\/uploads\/2026\/08\/WhatsApp-Image-2026-08-07-at-1.13.18-PM-1-728x410.jpeg 728w, https:\/\/vocerodelpueblo.com\/wp-content\/uploads\/2026\/08\/WhatsApp-Image-2026-08-07-at-1.13.18-PM-1-1536x864.jpeg 1536w\" sizes=\"auto, (max-width: 1600px) 100vw, 1600px\" \/><\/figure>\n\n\n\n<figure class=\"wp-block-image size-full\"><img loading=\"lazy\" decoding=\"async\" width=\"1600\" height=\"900\" data-id=\"28523\" src=\"https:\/\/vocerodelpueblo.com\/wp-content\/uploads\/2026\/08\/WhatsApp-Image-2026-08-07-at-1.13.18-PM.jpeg\" alt=\"\" class=\"wp-image-28523\" srcset=\"https:\/\/vocerodelpueblo.com\/wp-content\/uploads\/2026\/08\/WhatsApp-Image-2026-08-07-at-1.13.18-PM.jpeg 1600w, https:\/\/vocerodelpueblo.com\/wp-content\/uploads\/2026\/08\/WhatsApp-Image-2026-08-07-at-1.13.18-PM-350x197.jpeg 350w, https:\/\/vocerodelpueblo.com\/wp-content\/uploads\/2026\/08\/WhatsApp-Image-2026-08-07-at-1.13.18-PM-728x410.jpeg 728w, https:\/\/vocerodelpueblo.com\/wp-content\/uploads\/2026\/08\/WhatsApp-Image-2026-08-07-at-1.13.18-PM-1536x864.jpeg 1536w\" sizes=\"auto, (max-width: 1600px) 100vw, 1600px\" \/><\/figure>\n\n\n\n<figure class=\"wp-block-image size-full\"><img loading=\"lazy\" decoding=\"async\" width=\"1600\" height=\"900\" data-id=\"28524\" src=\"https:\/\/vocerodelpueblo.com\/wp-content\/uploads\/2026\/08\/WhatsApp-Image-2026-08-07-at-1.13.17-PM.jpeg\" alt=\"\" class=\"wp-image-28524\" srcset=\"https:\/\/vocerodelpueblo.com\/wp-content\/uploads\/2026\/08\/WhatsApp-Image-2026-08-07-at-1.13.17-PM.jpeg 1600w, https:\/\/vocerodelpueblo.com\/wp-content\/uploads\/2026\/08\/WhatsApp-Image-2026-08-07-at-1.13.17-PM-350x197.jpeg 350w, https:\/\/vocerodelpueblo.com\/wp-content\/uploads\/2026\/08\/WhatsApp-Image-2026-08-07-at-1.13.17-PM-728x410.jpeg 728w, https:\/\/vocerodelpueblo.com\/wp-content\/uploads\/2026\/08\/WhatsApp-Image-2026-08-07-at-1.13.17-PM-1536x864.jpeg 1536w\" sizes=\"auto, (max-width: 1600px) 100vw, 1600px\" \/><\/figure>\n<\/figure>\n","protected":false},"excerpt":{"rendered":"<p>*Supervisa alcalde construcci\u00f3n de tres nuevas aulas en el ITACE para ampliar oportunidades de formaci\u00f3n y capacitaci\u00f3n El presidente municipal de Altamira, Dr. Armando Mart\u00ednez Manr\u00edquez, supervis\u00f3 los trabajos de construcci\u00f3n de tres nuevas aulas en el Instituto Tamaulipeco de Capacitaci\u00f3n para el Empleo (ITACE) de Altamira, infraestructura que permitir\u00e1 fortalecer la formaci\u00f3n acad\u00e9mica y [&hellip;]<\/p>\n","protected":false},"author":2,"featured_media":28522,"comment_status":"closed","ping_status":"closed","sticky":false,"template":"","format":"standard","meta":{"footnotes":""},"categories":[5],"tags":[],"class_list":["post-28521","post","type-post","status-publish","format-standard","has-post-thumbnail","hentry","category-altamira"],"_links":{"self":[{"href":"https:\/\/vocerodelpueblo.com\/index.php?rest_route=\/wp\/v2\/posts\/28521","targetHints":{"allow":["GET"]}}],"collection":[{"href":"https:\/\/vocerodelpueblo.com\/index.php?rest_route=\/wp\/v2\/posts"}],"about":[{"href":"https:\/\/vocerodelpueblo.com\/index.php?rest_route=\/wp\/v2\/types\/post"}],"author":[{"embeddable":true,"href":"https:\/\/vocerodelpueblo.com\/index.php?rest_route=\/wp\/v2\/users\/2"}],"replies":[{"embeddable":true,"href":"https:\/\/vocerodelpueblo.com\/index.php?rest_route=%2Fwp%2Fv2%2Fcomments&post=28521"}],"version-history":[{"count":1,"href":"https:\/\/vocerodelpueblo.com\/index.php?rest_route=\/wp\/v2\/posts\/28521\/revisions"}],"predecessor-version":[{"id":28525,"href":"https:\/\/vocerodelpueblo.com\/index.php?rest_route=\/wp\/v2\/posts\/28521\/revisions\/28525"}],"wp:featuredmedia":[{"embeddable":true,"href":"https:\/\/vocerodelpueblo.com\/index.php?rest_route=\/wp\/v2\/media\/28522"}],"wp:attachment":[{"href":"https:\/\/vocerodelpueblo.com\/index.php?rest_route=%2Fwp%2Fv2%2Fmedia&parent=28521"}],"wp:term":[{"taxonomy":"category","embeddable":true,"href":"https:\/\/vocerodelpueblo.com\/index.php?rest_route=%2Fwp%2Fv2%2Fcategories&post=28521"},{"taxonomy":"post_tag","embeddable":true,"href":"https:\/\/vocerodelpueblo.com\/index.php?rest_route=%2Fwp%2Fv2%2Ftags&post=28521"}],"curies":[{"name":"wp","href":"https:\/\/api.w.org\/{rel}","templated":true}]}}