{"id":28574,"date":"2026-08-06T12:02:34","date_gmt":"2026-08-06T18:02:34","guid":{"rendered":"https:\/\/vocerodelpueblo.com\/?p=28574"},"modified":"2026-08-20T12:08:07","modified_gmt":"2026-08-20T18:08:07","slug":"comapa-sur-fortalece-la-red-sanitaria-con-la-rehabilitacion-de-colector-en-la-colonia-tinaco","status":"publish","type":"post","link":"https:\/\/vocerodelpueblo.com\/?p=28574","title":{"rendered":"COMAPA SUR fortalece la red sanitaria con la rehabilitaci\u00f3n de colector en la colonia Tinaco"},"content":{"rendered":"\n<p class=\"has-medium-font-size wp-block-paragraph\">Con el prop\u00f3sito de fortalecer la operaci\u00f3n de la red de drenaje sanitario y brindar un mejor servicio a la poblaci\u00f3n, COMAPA SUR concluy\u00f3 la rehabilitaci\u00f3n del colector sanitario ubicado en la calle D\u00edaz Mir\u00f3n, entre Servando Canales y Baja California, en la colonia Tinaco de Ciudad Madero.<\/p>\n\n\n\n<p class=\"has-medium-font-size wp-block-paragraph\">La intervenci\u00f3n comprendi\u00f3 la rehabilitaci\u00f3n de 100 metros lineales de un colector de 60 pulgadas de di\u00e1metro, as\u00ed como la reposici\u00f3n de madrina y atarjea de 12 pulgadas, adem\u00e1s de 16 descargas sanitarias domiciliarias. Estas acciones permitir\u00e1n optimizar el funcionamiento del sistema de drenaje sanitario, incrementar su capacidad de conducci\u00f3n y reducir riesgos de fugas y escurrimientos, en beneficio de las familias de este tradicional sector maderense.<\/p>\n\n\n\n<p class=\"has-medium-font-size wp-block-paragraph\">Con la conclusi\u00f3n de la etapa correspondiente a la infraestructura sanitaria, la reposici\u00f3n del pavimento ser\u00e1 programada como parte de la continuidad del proyecto, conforme a la planeaci\u00f3n operativa correspondiente.<\/p>\n\n\n\n<p class=\"has-medium-font-size wp-block-paragraph\">Estas acciones se realizaron en coordinaci\u00f3n con el Ayuntamiento de Ciudad Madero, sumando esfuerzos institucionales para fortalecer la infraestructura sanitaria y mejorar la calidad de los servicios p\u00fablicos en una de las colonias con mayor tradici\u00f3n del municipio.<\/p>\n\n\n\n<figure class=\"wp-block-gallery has-nested-images columns-default is-cropped wp-block-gallery-1 is-layout-flex wp-block-gallery-is-layout-flex\">\n<figure class=\"wp-block-image size-full\"><img loading=\"lazy\" decoding=\"async\" width=\"1280\" height=\"960\" data-id=\"28575\" src=\"https:\/\/vocerodelpueblo.com\/wp-content\/uploads\/2026\/08\/WhatsApp-Image-2026-08-06-at-3.55.39-PM-1.jpeg\" alt=\"\" class=\"wp-image-28575\" srcset=\"https:\/\/vocerodelpueblo.com\/wp-content\/uploads\/2026\/08\/WhatsApp-Image-2026-08-06-at-3.55.39-PM-1.jpeg 1280w, https:\/\/vocerodelpueblo.com\/wp-content\/uploads\/2026\/08\/WhatsApp-Image-2026-08-06-at-3.55.39-PM-1-350x263.jpeg 350w, https:\/\/vocerodelpueblo.com\/wp-content\/uploads\/2026\/08\/WhatsApp-Image-2026-08-06-at-3.55.39-PM-1-561x421.jpeg 561w\" sizes=\"auto, (max-width: 1280px) 100vw, 1280px\" \/><\/figure>\n\n\n\n<figure class=\"wp-block-image size-full\"><img loading=\"lazy\" decoding=\"async\" width=\"1600\" height=\"1200\" data-id=\"28576\" src=\"https:\/\/vocerodelpueblo.com\/wp-content\/uploads\/2026\/08\/WhatsApp-Image-2026-08-06-at-3.55.39-PM.jpeg\" alt=\"\" class=\"wp-image-28576\" srcset=\"https:\/\/vocerodelpueblo.com\/wp-content\/uploads\/2026\/08\/WhatsApp-Image-2026-08-06-at-3.55.39-PM.jpeg 1600w, https:\/\/vocerodelpueblo.com\/wp-content\/uploads\/2026\/08\/WhatsApp-Image-2026-08-06-at-3.55.39-PM-350x263.jpeg 350w, https:\/\/vocerodelpueblo.com\/wp-content\/uploads\/2026\/08\/WhatsApp-Image-2026-08-06-at-3.55.39-PM-561x421.jpeg 561w, https:\/\/vocerodelpueblo.com\/wp-content\/uploads\/2026\/08\/WhatsApp-Image-2026-08-06-at-3.55.39-PM-1536x1152.jpeg 1536w\" sizes=\"auto, (max-width: 1600px) 100vw, 1600px\" \/><\/figure>\n\n\n\n<figure class=\"wp-block-image size-full\"><img loading=\"lazy\" decoding=\"async\" width=\"1600\" height=\"1200\" data-id=\"28577\" src=\"https:\/\/vocerodelpueblo.com\/wp-content\/uploads\/2026\/08\/WhatsApp-Image-2026-08-06-at-3.55.38-PM.jpeg\" alt=\"\" class=\"wp-image-28577\" srcset=\"https:\/\/vocerodelpueblo.com\/wp-content\/uploads\/2026\/08\/WhatsApp-Image-2026-08-06-at-3.55.38-PM.jpeg 1600w, https:\/\/vocerodelpueblo.com\/wp-content\/uploads\/2026\/08\/WhatsApp-Image-2026-08-06-at-3.55.38-PM-350x263.jpeg 350w, https:\/\/vocerodelpueblo.com\/wp-content\/uploads\/2026\/08\/WhatsApp-Image-2026-08-06-at-3.55.38-PM-561x421.jpeg 561w, https:\/\/vocerodelpueblo.com\/wp-content\/uploads\/2026\/08\/WhatsApp-Image-2026-08-06-at-3.55.38-PM-1536x1152.jpeg 1536w\" sizes=\"auto, (max-width: 1600px) 100vw, 1600px\" \/><\/figure>\n<\/figure>\n","protected":false},"excerpt":{"rendered":"<p>Con el prop\u00f3sito de fortalecer la operaci\u00f3n de la red de drenaje sanitario y brindar un mejor servicio a la poblaci\u00f3n, COMAPA SUR concluy\u00f3 la rehabilitaci\u00f3n del colector sanitario ubicado en la calle D\u00edaz Mir\u00f3n, entre Servando Canales y Baja California, en la colonia Tinaco de Ciudad Madero. La intervenci\u00f3n comprendi\u00f3 la rehabilitaci\u00f3n de 100 [&hellip;]<\/p>\n","protected":false},"author":2,"featured_media":28581,"comment_status":"closed","ping_status":"closed","sticky":false,"template":"","format":"standard","meta":{"footnotes":""},"categories":[2],"tags":[],"class_list":["post-28574","post","type-post","status-publish","format-standard","has-post-thumbnail","hentry","category-zonaconurbada"],"_links":{"self":[{"href":"https:\/\/vocerodelpueblo.com\/index.php?rest_route=\/wp\/v2\/posts\/28574","targetHints":{"allow":["GET"]}}],"collection":[{"href":"https:\/\/vocerodelpueblo.com\/index.php?rest_route=\/wp\/v2\/posts"}],"about":[{"href":"https:\/\/vocerodelpueblo.com\/index.php?rest_route=\/wp\/v2\/types\/post"}],"author":[{"embeddable":true,"href":"https:\/\/vocerodelpueblo.com\/index.php?rest_route=\/wp\/v2\/users\/2"}],"replies":[{"embeddable":true,"href":"https:\/\/vocerodelpueblo.com\/index.php?rest_route=%2Fwp%2Fv2%2Fcomments&post=28574"}],"version-history":[{"count":1,"href":"https:\/\/vocerodelpueblo.com\/index.php?rest_route=\/wp\/v2\/posts\/28574\/revisions"}],"predecessor-version":[{"id":28578,"href":"https:\/\/vocerodelpueblo.com\/index.php?rest_route=\/wp\/v2\/posts\/28574\/revisions\/28578"}],"wp:featuredmedia":[{"embeddable":true,"href":"https:\/\/vocerodelpueblo.com\/index.php?rest_route=\/wp\/v2\/media\/28581"}],"wp:attachment":[{"href":"https:\/\/vocerodelpueblo.com\/index.php?rest_route=%2Fwp%2Fv2%2Fmedia&parent=28574"}],"wp:term":[{"taxonomy":"category","embeddable":true,"href":"https:\/\/vocerodelpueblo.com\/index.php?rest_route=%2Fwp%2Fv2%2Fcategories&post=28574"},{"taxonomy":"post_tag","embeddable":true,"href":"https:\/\/vocerodelpueblo.com\/index.php?rest_route=%2Fwp%2Fv2%2Ftags&post=28574"}],"curies":[{"name":"wp","href":"https:\/\/api.w.org\/{rel}","templated":true}]}}