{"id":28579,"date":"2026-08-07T12:04:56","date_gmt":"2026-08-07T18:04:56","guid":{"rendered":"https:\/\/vocerodelpueblo.com\/?p=28579"},"modified":"2026-08-20T12:07:03","modified_gmt":"2026-08-20T18:07:03","slug":"repone-comapa-sur-pavimento-en-importante-vialidad-programa-permanente-supera-los-68-mil-metros-cuadrados-de-pavimento-restituido-en-la-presente-administracion","status":"publish","type":"post","link":"https:\/\/vocerodelpueblo.com\/?p=28579","title":{"rendered":"REPONE COMAPA SUR PAVIMENTO EN IMPORTANTE VIALIDAD-Programa permanente supera los 68 mil metros cuadrados de pavimento restituido en la presente administraci\u00f3n"},"content":{"rendered":"\n<p class=\"has-medium-font-size wp-block-paragraph\">Con el prop\u00f3sito de restituir las vialidades intervenidas por trabajos de mantenimiento en las redes de agua potable y drenaje, COMAPA Sur mantiene activo su programa permanente de reposici\u00f3n de pavimentos, permitiendo recuperar la movilidad y brindar mayor seguridad a quienes transitan por calles y avenidas de Tampico y Ciudad Madero.<\/p>\n\n\n\n<p class=\"has-medium-font-size wp-block-paragraph\">Como parte de las acciones desarrolladas durante la presente semana, el organismo realiz\u00f3 trabajos de reposici\u00f3n de pavimento en la calle Wisconsin, casi esquina con Avenida Universidad; en la Cuarta Avenida, de la colonia Jard\u00edn 20 de Noviembre; as\u00ed como en la calle Allende, de la colonia Vicente Guerrero, en Ciudad Madero, luego de concluir las reparaciones correspondientes a la infraestructura hidr\u00e1ulica y sanitaria.<\/p>\n\n\n\n<p class=\"has-medium-font-size wp-block-paragraph\">Estas labores forman parte del compromiso de COMAPA Sur de entregar concluidas las obras que requieren la apertura de vialidades, restituyendo las condiciones de circulaci\u00f3n y contribuyendo al mejoramiento de la imagen urbana en ambos municipios.<\/p>\n\n\n\n<p class=\"has-medium-font-size wp-block-paragraph\">Gracias a este programa permanente, la presente administraci\u00f3n, de 2023 a julio de 2026, registra la reposici\u00f3n de 68,123 metros cuadrados de pavimento, resultado que representa m\u00e1s de tres veces lo realizado durante la administraci\u00f3n anterior, reflejando el fortalecimiento de las acciones orientadas a la rehabilitaci\u00f3n de la infraestructura vial y al bienestar de la ciudadan\u00eda.<\/p>\n\n\n\n<figure class=\"wp-block-gallery has-nested-images columns-default is-cropped wp-block-gallery-1 is-layout-flex wp-block-gallery-is-layout-flex\">\n<figure class=\"wp-block-image size-full\"><img loading=\"lazy\" decoding=\"async\" width=\"1600\" height=\"900\" data-id=\"28580\" src=\"https:\/\/vocerodelpueblo.com\/wp-content\/uploads\/2026\/08\/WhatsApp-Image-2026-08-07-at-3.56.45-PM.jpeg\" alt=\"\" class=\"wp-image-28580\" srcset=\"https:\/\/vocerodelpueblo.com\/wp-content\/uploads\/2026\/08\/WhatsApp-Image-2026-08-07-at-3.56.45-PM.jpeg 1600w, https:\/\/vocerodelpueblo.com\/wp-content\/uploads\/2026\/08\/WhatsApp-Image-2026-08-07-at-3.56.45-PM-350x197.jpeg 350w, https:\/\/vocerodelpueblo.com\/wp-content\/uploads\/2026\/08\/WhatsApp-Image-2026-08-07-at-3.56.45-PM-728x410.jpeg 728w, https:\/\/vocerodelpueblo.com\/wp-content\/uploads\/2026\/08\/WhatsApp-Image-2026-08-07-at-3.56.45-PM-1536x864.jpeg 1536w\" sizes=\"auto, (max-width: 1600px) 100vw, 1600px\" \/><\/figure>\n\n\n\n<figure class=\"wp-block-image size-full\"><img loading=\"lazy\" decoding=\"async\" width=\"600\" height=\"437\" data-id=\"28582\" src=\"https:\/\/vocerodelpueblo.com\/wp-content\/uploads\/2026\/08\/WhatsApp-Image-2026-08-07-at-3.56.44-PM-1.jpg\" alt=\"\" class=\"wp-image-28582\" srcset=\"https:\/\/vocerodelpueblo.com\/wp-content\/uploads\/2026\/08\/WhatsApp-Image-2026-08-07-at-3.56.44-PM-1.jpg 600w, https:\/\/vocerodelpueblo.com\/wp-content\/uploads\/2026\/08\/WhatsApp-Image-2026-08-07-at-3.56.44-PM-1-350x255.jpg 350w, https:\/\/vocerodelpueblo.com\/wp-content\/uploads\/2026\/08\/WhatsApp-Image-2026-08-07-at-3.56.44-PM-1-578x421.jpg 578w\" sizes=\"auto, (max-width: 600px) 100vw, 600px\" \/><\/figure>\n\n\n\n<figure class=\"wp-block-image size-full\"><img loading=\"lazy\" decoding=\"async\" width=\"1600\" height=\"1200\" data-id=\"28581\" src=\"https:\/\/vocerodelpueblo.com\/wp-content\/uploads\/2026\/08\/WhatsApp-Image-2026-08-07-at-3.56.44-PM.jpeg\" alt=\"\" class=\"wp-image-28581\" srcset=\"https:\/\/vocerodelpueblo.com\/wp-content\/uploads\/2026\/08\/WhatsApp-Image-2026-08-07-at-3.56.44-PM.jpeg 1600w, https:\/\/vocerodelpueblo.com\/wp-content\/uploads\/2026\/08\/WhatsApp-Image-2026-08-07-at-3.56.44-PM-350x263.jpeg 350w, https:\/\/vocerodelpueblo.com\/wp-content\/uploads\/2026\/08\/WhatsApp-Image-2026-08-07-at-3.56.44-PM-561x421.jpeg 561w, https:\/\/vocerodelpueblo.com\/wp-content\/uploads\/2026\/08\/WhatsApp-Image-2026-08-07-at-3.56.44-PM-1536x1152.jpeg 1536w\" sizes=\"auto, (max-width: 1600px) 100vw, 1600px\" \/><\/figure>\n<\/figure>\n","protected":false},"excerpt":{"rendered":"<p>Con el prop\u00f3sito de restituir las vialidades intervenidas por trabajos de mantenimiento en las redes de agua potable y drenaje, COMAPA Sur mantiene activo su programa permanente de reposici\u00f3n de pavimentos, permitiendo recuperar la movilidad y brindar mayor seguridad a quienes transitan por calles y avenidas de Tampico y Ciudad Madero. Como parte de las [&hellip;]<\/p>\n","protected":false},"author":2,"featured_media":28582,"comment_status":"closed","ping_status":"closed","sticky":false,"template":"","format":"standard","meta":{"footnotes":""},"categories":[2],"tags":[],"class_list":["post-28579","post","type-post","status-publish","format-standard","has-post-thumbnail","hentry","category-zonaconurbada"],"_links":{"self":[{"href":"https:\/\/vocerodelpueblo.com\/index.php?rest_route=\/wp\/v2\/posts\/28579","targetHints":{"allow":["GET"]}}],"collection":[{"href":"https:\/\/vocerodelpueblo.com\/index.php?rest_route=\/wp\/v2\/posts"}],"about":[{"href":"https:\/\/vocerodelpueblo.com\/index.php?rest_route=\/wp\/v2\/types\/post"}],"author":[{"embeddable":true,"href":"https:\/\/vocerodelpueblo.com\/index.php?rest_route=\/wp\/v2\/users\/2"}],"replies":[{"embeddable":true,"href":"https:\/\/vocerodelpueblo.com\/index.php?rest_route=%2Fwp%2Fv2%2Fcomments&post=28579"}],"version-history":[{"count":1,"href":"https:\/\/vocerodelpueblo.com\/index.php?rest_route=\/wp\/v2\/posts\/28579\/revisions"}],"predecessor-version":[{"id":28583,"href":"https:\/\/vocerodelpueblo.com\/index.php?rest_route=\/wp\/v2\/posts\/28579\/revisions\/28583"}],"wp:featuredmedia":[{"embeddable":true,"href":"https:\/\/vocerodelpueblo.com\/index.php?rest_route=\/wp\/v2\/media\/28582"}],"wp:attachment":[{"href":"https:\/\/vocerodelpueblo.com\/index.php?rest_route=%2Fwp%2Fv2%2Fmedia&parent=28579"}],"wp:term":[{"taxonomy":"category","embeddable":true,"href":"https:\/\/vocerodelpueblo.com\/index.php?rest_route=%2Fwp%2Fv2%2Fcategories&post=28579"},{"taxonomy":"post_tag","embeddable":true,"href":"https:\/\/vocerodelpueblo.com\/index.php?rest_route=%2Fwp%2Fv2%2Ftags&post=28579"}],"curies":[{"name":"wp","href":"https:\/\/api.w.org\/{rel}","templated":true}]}}