{"id":28815,"date":"2026-08-07T20:08:49","date_gmt":"2026-08-08T02:08:49","guid":{"rendered":"https:\/\/vocerodelpueblo.com\/?p=28815"},"modified":"2026-08-26T20:12:43","modified_gmt":"2026-08-27T02:12:43","slug":"impulsa-gobierno-de-tamaulipas-la-conservacion-del-historico-mercado-arguelles","status":"publish","type":"post","link":"https:\/\/vocerodelpueblo.com\/?p=28815","title":{"rendered":"Impulsa Gobierno de Tamaulipas la conservaci\u00f3n del hist\u00f3rico Mercado Arg\u00fcelles"},"content":{"rendered":"\n<p class=\"has-medium-font-size wp-block-paragraph\">-Mediante el ITAVU, promueve acciones coordinadas con comerciantes para proteger uno de los principales s\u00edmbolos hist\u00f3ricos y comerciales de Ciudad Victoria<\/p>\n\n\n\n<p class=\"has-medium-font-size wp-block-paragraph\">Agosto 07 de 2026<\/p>\n\n\n\n<p class=\"has-medium-font-size wp-block-paragraph\">Ciudad Victoria, Tamaulipas.- Con el prop\u00f3sito de proteger uno de los espacios m\u00e1s representativos de la capital tamaulipeca y fortalecer la actividad econ\u00f3mica de decenas de familias, el Gobierno de Tamaulipas avanza en acciones para la conservaci\u00f3n del Mercado Pedro J. Arg\u00fcelles, que cuenta con arquitectura con valor patrimonial.<\/p>\n\n\n\n<p class=\"has-medium-font-size wp-block-paragraph\">Como parte de esta estrategia prioritaria impulsada por el gobernador Am\u00e9rico Villarreal Anaya, el secretario de Desarrollo Urbano y Medio Ambiente (SEDUMA), Karl Heinz Becker Hern\u00e1ndez, promovi\u00f3 un encuentro encabezado por el director general del Instituto Tamaulipeco de Vivienda y Urbanismo (ITAVU), Germ\u00e1n Fern\u00e1ndez Guzm\u00e1n, con comerciantes y locatarios del hist\u00f3rico mercado, ubicado en el coraz\u00f3n de la ciudad.<\/p>\n\n\n\n<p class=\"has-medium-font-size wp-block-paragraph\">Durante la reuni\u00f3n participaron el secretario general, Jeu Mart\u00ednez; el representante de los locatarios, Fernando Tovar; el tesorero, Juan Pineda, y el vocero, Arturo Hern\u00e1ndez, quienes expusieron de manera directa las principales necesidades del inmueble. El objetivo fue establecer mecanismos de colaboraci\u00f3n que permitan mejorar sus instalaciones, fortalecer su funcionamiento y contribuir a la conservaci\u00f3n de este emblem\u00e1tico recinto.<\/p>\n\n\n\n<p class=\"has-medium-font-size wp-block-paragraph\">En el encuentro tambi\u00e9n se reconoci\u00f3 la aportaci\u00f3n de las familias que, por generaciones, han dado vida al Mercado Arg\u00fcelles y han mantenido viva su tradici\u00f3n comercial. Entre ellas destacan las familias Tovar, Romero-Salazar, Briones, Flores-Egu\u00eda, as\u00ed como muchas otras que, con esfuerzo y dedicaci\u00f3n, han convertido este espacio en un referente para las y los victorenses.<\/p>\n\n\n\n<p class=\"has-medium-font-size wp-block-paragraph\">El director general del ITAVU reiter\u00f3 que la coordinaci\u00f3n entre las dependencias estatales y el di\u00e1logo permanente con las y los comerciantes ser\u00e1n fundamentales para impulsar acciones que fortalezcan este hist\u00f3rico s\u00edmbolo de Ciudad Victoria y de Tamaulipas, privilegiando siempre la construcci\u00f3n de acuerdos y soluciones compartidas.<\/p>\n\n\n\n<p class=\"has-medium-font-size wp-block-paragraph\">El Mercado Pedro J. Arg\u00fcelles forma parte de la historia de la capital desde finales del siglo XIX, cuando campesinos, ejidatarios y peque\u00f1os productores acud\u00edan al lugar para comercializar directamente sus cosechas. Aquella actividad dio origen a uno de los primeros centros de intercambio econ\u00f3mico de Ciudad Victoria.<\/p>\n\n\n\n<p class=\"has-medium-font-size wp-block-paragraph\">Su historia comenz\u00f3 a consolidarse en 1900 con la donaci\u00f3n del terreno realizada por Pedro J. Arg\u00fcelles y Adalberto J. Arg\u00fcelles al Gobierno del Estado. La construcci\u00f3n inici\u00f3 en 1901, durante la administraci\u00f3n de Carlos Govea, y concluy\u00f3 con su inauguraci\u00f3n en 1906. En 1915 ya era reconocido como el principal centro comercial de la ciudad, conocido popularmente como El Pari\u00e1n, y en 1922 recibi\u00f3 oficialmente el nombre de Mercado Pedro J. Arg\u00fcelles, en homenaje al gobernador que impuls\u00f3 su creaci\u00f3n.<\/p>\n\n\n\n<p class=\"has-medium-font-size wp-block-paragraph\">A lo largo de m\u00e1s de un siglo, este emblem\u00e1tico inmueble ha superado momentos decisivos, entre ellos el incendio de 1953 que destruy\u00f3 gran parte de su estructura original y dio paso a su reconstrucci\u00f3n e inauguraci\u00f3n en 1956, adem\u00e1s de diversas intervenciones que han permitido preservar su valor arquitect\u00f3nico, comercial y cultural.<\/p>\n\n\n\n<p class=\"has-medium-font-size wp-block-paragraph\">Con estas acciones, el Gobierno de Tamaulipas reafirma su compromiso de respaldar a las y los comerciantes, fortalecer la econom\u00eda local y preservar un espacio que representa la memoria, la identidad y las tradiciones de Ciudad Victoria, para que contin\u00fae siendo un punto de encuentro y desarrollo para las presentes y futuras generaciones.<\/p>\n\n\n\n<figure class=\"wp-block-gallery has-nested-images columns-default is-cropped wp-block-gallery-1 is-layout-flex wp-block-gallery-is-layout-flex\">\n<figure class=\"wp-block-image size-full\"><img loading=\"lazy\" decoding=\"async\" width=\"1600\" height=\"1066\" data-id=\"28816\" src=\"https:\/\/vocerodelpueblo.com\/wp-content\/uploads\/2026\/08\/WhatsApp-Image-2026-08-07-at-12.29.14-PM-1.jpeg\" alt=\"\" class=\"wp-image-28816\" srcset=\"https:\/\/vocerodelpueblo.com\/wp-content\/uploads\/2026\/08\/WhatsApp-Image-2026-08-07-at-12.29.14-PM-1.jpeg 1600w, https:\/\/vocerodelpueblo.com\/wp-content\/uploads\/2026\/08\/WhatsApp-Image-2026-08-07-at-12.29.14-PM-1-350x233.jpeg 350w, https:\/\/vocerodelpueblo.com\/wp-content\/uploads\/2026\/08\/WhatsApp-Image-2026-08-07-at-12.29.14-PM-1-632x421.jpeg 632w, https:\/\/vocerodelpueblo.com\/wp-content\/uploads\/2026\/08\/WhatsApp-Image-2026-08-07-at-12.29.14-PM-1-1536x1023.jpeg 1536w\" sizes=\"auto, (max-width: 1600px) 100vw, 1600px\" \/><\/figure>\n\n\n\n<figure class=\"wp-block-image size-full\"><img loading=\"lazy\" decoding=\"async\" width=\"1500\" height=\"975\" data-id=\"28817\" src=\"https:\/\/vocerodelpueblo.com\/wp-content\/uploads\/2026\/08\/WhatsApp-Image-2026-08-07-at-12.29.14-PM.jpeg\" alt=\"\" class=\"wp-image-28817\" srcset=\"https:\/\/vocerodelpueblo.com\/wp-content\/uploads\/2026\/08\/WhatsApp-Image-2026-08-07-at-12.29.14-PM.jpeg 1500w, https:\/\/vocerodelpueblo.com\/wp-content\/uploads\/2026\/08\/WhatsApp-Image-2026-08-07-at-12.29.14-PM-350x228.jpeg 350w, https:\/\/vocerodelpueblo.com\/wp-content\/uploads\/2026\/08\/WhatsApp-Image-2026-08-07-at-12.29.14-PM-648x421.jpeg 648w\" sizes=\"auto, (max-width: 1500px) 100vw, 1500px\" \/><\/figure>\n\n\n<\/figure>\n","protected":false},"excerpt":{"rendered":"<p>-Mediante el ITAVU, promueve acciones coordinadas con comerciantes para proteger uno de los principales s\u00edmbolos hist\u00f3ricos y comerciales de Ciudad Victoria Agosto 07 de 2026 Ciudad Victoria, Tamaulipas.- Con el prop\u00f3sito de proteger uno de los espacios m\u00e1s representativos de la capital tamaulipeca y fortalecer la actividad econ\u00f3mica de decenas de familias, el Gobierno de [&hellip;]<\/p>\n","protected":false},"author":2,"featured_media":28816,"comment_status":"closed","ping_status":"closed","sticky":false,"template":"","format":"standard","meta":{"footnotes":""},"categories":[1],"tags":[],"class_list":["post-28815","post","type-post","status-publish","format-standard","has-post-thumbnail","hentry","category-estatales"],"_links":{"self":[{"href":"https:\/\/vocerodelpueblo.com\/index.php?rest_route=\/wp\/v2\/posts\/28815","targetHints":{"allow":["GET"]}}],"collection":[{"href":"https:\/\/vocerodelpueblo.com\/index.php?rest_route=\/wp\/v2\/posts"}],"about":[{"href":"https:\/\/vocerodelpueblo.com\/index.php?rest_route=\/wp\/v2\/types\/post"}],"author":[{"embeddable":true,"href":"https:\/\/vocerodelpueblo.com\/index.php?rest_route=\/wp\/v2\/users\/2"}],"replies":[{"embeddable":true,"href":"https:\/\/vocerodelpueblo.com\/index.php?rest_route=%2Fwp%2Fv2%2Fcomments&post=28815"}],"version-history":[{"count":1,"href":"https:\/\/vocerodelpueblo.com\/index.php?rest_route=\/wp\/v2\/posts\/28815\/revisions"}],"predecessor-version":[{"id":28818,"href":"https:\/\/vocerodelpueblo.com\/index.php?rest_route=\/wp\/v2\/posts\/28815\/revisions\/28818"}],"wp:featuredmedia":[{"embeddable":true,"href":"https:\/\/vocerodelpueblo.com\/index.php?rest_route=\/wp\/v2\/media\/28816"}],"wp:attachment":[{"href":"https:\/\/vocerodelpueblo.com\/index.php?rest_route=%2Fwp%2Fv2%2Fmedia&parent=28815"}],"wp:term":[{"taxonomy":"category","embeddable":true,"href":"https:\/\/vocerodelpueblo.com\/index.php?rest_route=%2Fwp%2Fv2%2Fcategories&post=28815"},{"taxonomy":"post_tag","embeddable":true,"href":"https:\/\/vocerodelpueblo.com\/index.php?rest_route=%2Fwp%2Fv2%2Ftags&post=28815"}],"curies":[{"name":"wp","href":"https:\/\/api.w.org\/{rel}","templated":true}]}}