{"id":28819,"date":"2026-08-07T20:14:16","date_gmt":"2026-08-08T02:14:16","guid":{"rendered":"https:\/\/vocerodelpueblo.com\/?p=28819"},"modified":"2026-08-26T20:15:52","modified_gmt":"2026-08-27T02:15:52","slug":"americo-villarreal-impulsa-agenda-con-canacar-y-concamin-para-fortalecer-la-competitividad-de-tamaulipas","status":"publish","type":"post","link":"https:\/\/vocerodelpueblo.com\/?p=28819","title":{"rendered":"Am\u00e9rico Villarreal impulsa agenda con CANACAR y CONCAMIN para fortalecer la competitividad de Tamaulipas"},"content":{"rendered":"\n<ul class=\"wp-block-list\">\n<li class=\"has-medium-font-size\">Acuerdan avanzar en agenda conjunta para agilizar tr\u00e1nsito carretero, evitar duplicidad en revisiones, fortalecer la seguridad en rutas carreteras<\/li>\n\n\n\n<li class=\"has-medium-font-size\">Revisan las ventajas competitivas y oportunidades que ofrece Tamaulipas para fortalecer la inversi\u00f3n, el desarrollo industrial y la competitividad de la entidad<\/li>\n<\/ul>\n\n\n\n<p class=\"has-medium-font-size wp-block-paragraph\">Agosto 07 de 2026<\/p>\n\n\n\n<p class=\"has-medium-font-size wp-block-paragraph\">Ciudad de M\u00e9xico.- Durante una visita de trabajo a la Ciudad de M\u00e9xico, el gobernador de Tamaulipas, Am\u00e9rico Villarreal Anaya, sostuvo reuniones con dirigentes de la C\u00e1mara Nacional del Autotransporte de Carga (CANACAR) y de la Confederaci\u00f3n de C\u00e1maras Industriales de los Estados Unidos Mexicanos (CONCAMIN), con miras a fortalecer la competitividad del estado y consolidar su posici\u00f3n estrat\u00e9gica como plataforma log\u00edstica para el comercio nacional e internacional.<\/p>\n\n\n\n<p class=\"has-medium-font-size wp-block-paragraph\">En un primer encuentro privado, realizado en la sede de la Representaci\u00f3n del Gobierno de Tamaulipas en la Ciudad de M\u00e9xico, el mandatario recibi\u00f3 a l\u00edderes de la CANACAR para avanzar en una agenda conjunta orientada a fortalecer la competitividad, la seguridad y la movilidad del transporte de carga en la entidad.<\/p>\n\n\n\n<p class=\"has-medium-font-size wp-block-paragraph\">Durante la reuni\u00f3n, autoridades estatales y representantes del autotransporte acordaron consolidar a Tamaulipas como la principal plataforma log\u00edstica para el comercio entre M\u00e9xico y Estados Unidos, mediante acciones que mejoren las condiciones de operaci\u00f3n del sector y fortalezcan la competitividad de la entidad.<\/p>\n\n\n\n<p class=\"has-medium-font-size wp-block-paragraph\">Reafirmaron la necesidad de agilizar el tr\u00e1nsito carretero, evitar la duplicidad de revisiones al transporte de carga, reforzar la seguridad en las principales rutas y dar seguimiento permanente a los factores que inciden en la operaci\u00f3n del sector.<\/p>\n\n\n\n<p class=\"has-medium-font-size wp-block-paragraph\">Tamaulipas ocupa una posici\u00f3n estrat\u00e9gica para el comercio nacional e internacional al concentrar el mayor flujo comercial terrestre entre M\u00e9xico y Estados Unidos. Su red carretera, ferroviaria y de cruces fronterizos lo convierte en un nodo log\u00edstico fundamental para las cadenas de suministro de Norteam\u00e9rica y en un destino estrat\u00e9gico para la inversi\u00f3n productiva.<\/p>\n\n\n\n<p class=\"has-medium-font-size wp-block-paragraph\">Gobierno y transportistas coincidieron en mantener una agenda permanente de coordinaci\u00f3n para aprovechar las ventajas log\u00edsticas del estado, facilitar nuevas inversiones y generar mejores condiciones para el desarrollo econ\u00f3mico, fortaleciendo la competitividad de uno de los sectores m\u00e1s importantes para la econom\u00eda nacional.<\/p>\n\n\n\n<p class=\"has-medium-font-size wp-block-paragraph\">A la reuni\u00f3n encabezada por el gobernador Am\u00e9rico Villarreal asistieron la secretaria de Econom\u00eda, Ninfa Cant\u00fa De\u00e1ndar; el titular de la secretar\u00eda de Finanzas, Carlos Ir\u00e1n Ram\u00edrez; el secretario de Seguridad P\u00fablica, Carlos Arturo Pancardo Escudero; el jefe de la Oficina del Gobernador, Earl Tuexi Amaro; la subsecretaria de Promoci\u00f3n de Inversiones, Anabell Flores Garza; el subsecretario de Desarrollo Sostenible, Competitividad y Comercio Exterior, Luis Armando Cant\u00fa; el director general de la Administraci\u00f3n Portuaria Integral (API) Tamaulipas, Gustavo Guzm\u00e1n Fern\u00e1ndez; y la representante del Gobierno de Tamaulipas en la Ciudad de M\u00e9xico, Iris Francioli.<\/p>\n\n\n\n<p class=\"has-medium-font-size wp-block-paragraph\">La comitiva de la CANACAR estuvo integrada por Jorge Monroy Reus, secretario del Consejo Directivo; Carlos Fern\u00e1ndez Mart\u00ednez, vicepresidente nacional; Ricardo Pillado Herrej\u00f3n, delegado de la organizaci\u00f3n en Nuevo Le\u00f3n; Abraham Sosa Ruiz, delegado de la CANACAR en Reynosa; Uriel Ord\u00f3\u00f1ez, coordinador del Consejo Coordinador Empresarial de Reynosa; y Eduardo Garza Robles, presidente del Cap\u00edtulo Laredo del Consejo Empresarial Mexicano de Comercio Exterior, quien coordin\u00f3 la reuni\u00f3n.<\/p>\n\n\n\n<p class=\"has-medium-font-size wp-block-paragraph\">M\u00e1s tarde, el gobernador Am\u00e9rico Villarreal sostuvo una reuni\u00f3n por separado con una comitiva encabezada por Eduardo Ram\u00edrez Leal, secretario general de la CONCAMIN, con quien revis\u00f3 las fortalezas log\u00edsticas y el potencial industrial de Tamaulipas, as\u00ed como las oportunidades para atraer nuevas inversiones, impulsar el desarrollo manufacturero y consolidar el crecimiento econ\u00f3mico del estado.<\/p>\n\n\n\n<figure class=\"wp-block-gallery has-nested-images columns-default is-cropped wp-block-gallery-1 is-layout-flex wp-block-gallery-is-layout-flex\">\n<figure class=\"wp-block-image size-full\"><img loading=\"lazy\" decoding=\"async\" width=\"1266\" height=\"1600\" data-id=\"28820\" src=\"https:\/\/vocerodelpueblo.com\/wp-content\/uploads\/2026\/08\/WhatsApp-Image-2026-08-07-at-5.54.26-PM.jpeg\" alt=\"\" class=\"wp-image-28820\" srcset=\"https:\/\/vocerodelpueblo.com\/wp-content\/uploads\/2026\/08\/WhatsApp-Image-2026-08-07-at-5.54.26-PM.jpeg 1266w, https:\/\/vocerodelpueblo.com\/wp-content\/uploads\/2026\/08\/WhatsApp-Image-2026-08-07-at-5.54.26-PM-277x350.jpeg 277w, https:\/\/vocerodelpueblo.com\/wp-content\/uploads\/2026\/08\/WhatsApp-Image-2026-08-07-at-5.54.26-PM-333x421.jpeg 333w, https:\/\/vocerodelpueblo.com\/wp-content\/uploads\/2026\/08\/WhatsApp-Image-2026-08-07-at-5.54.26-PM-1215x1536.jpeg 1215w\" sizes=\"auto, (max-width: 1266px) 100vw, 1266px\" \/><\/figure>\n\n\n\n<figure class=\"wp-block-image size-full\"><img loading=\"lazy\" decoding=\"async\" width=\"1600\" height=\"1200\" data-id=\"28821\" src=\"https:\/\/vocerodelpueblo.com\/wp-content\/uploads\/2026\/08\/WhatsApp-Image-2026-08-07-at-5.54.25-PM-1.jpeg\" alt=\"\" class=\"wp-image-28821\" srcset=\"https:\/\/vocerodelpueblo.com\/wp-content\/uploads\/2026\/08\/WhatsApp-Image-2026-08-07-at-5.54.25-PM-1.jpeg 1600w, https:\/\/vocerodelpueblo.com\/wp-content\/uploads\/2026\/08\/WhatsApp-Image-2026-08-07-at-5.54.25-PM-1-350x263.jpeg 350w, https:\/\/vocerodelpueblo.com\/wp-content\/uploads\/2026\/08\/WhatsApp-Image-2026-08-07-at-5.54.25-PM-1-561x421.jpeg 561w, https:\/\/vocerodelpueblo.com\/wp-content\/uploads\/2026\/08\/WhatsApp-Image-2026-08-07-at-5.54.25-PM-1-1536x1152.jpeg 1536w\" sizes=\"auto, (max-width: 1600px) 100vw, 1600px\" \/><\/figure>\n\n\n\n<figure class=\"wp-block-image size-full\"><img loading=\"lazy\" decoding=\"async\" width=\"1600\" height=\"1200\" data-id=\"28822\" src=\"https:\/\/vocerodelpueblo.com\/wp-content\/uploads\/2026\/08\/WhatsApp-Image-2026-08-07-at-5.54.25-PM.jpeg\" alt=\"\" class=\"wp-image-28822\" srcset=\"https:\/\/vocerodelpueblo.com\/wp-content\/uploads\/2026\/08\/WhatsApp-Image-2026-08-07-at-5.54.25-PM.jpeg 1600w, https:\/\/vocerodelpueblo.com\/wp-content\/uploads\/2026\/08\/WhatsApp-Image-2026-08-07-at-5.54.25-PM-350x263.jpeg 350w, https:\/\/vocerodelpueblo.com\/wp-content\/uploads\/2026\/08\/WhatsApp-Image-2026-08-07-at-5.54.25-PM-561x421.jpeg 561w, https:\/\/vocerodelpueblo.com\/wp-content\/uploads\/2026\/08\/WhatsApp-Image-2026-08-07-at-5.54.25-PM-1536x1152.jpeg 1536w\" sizes=\"auto, (max-width: 1600px) 100vw, 1600px\" \/><\/figure>\n<\/figure>\n","protected":false},"excerpt":{"rendered":"<p>Agosto 07 de 2026 Ciudad de M\u00e9xico.- Durante una visita de trabajo a la Ciudad de M\u00e9xico, el gobernador de Tamaulipas, Am\u00e9rico Villarreal Anaya, sostuvo reuniones con dirigentes de la C\u00e1mara Nacional del Autotransporte de Carga (CANACAR) y de la Confederaci\u00f3n de C\u00e1maras Industriales de los Estados Unidos Mexicanos (CONCAMIN), con miras a fortalecer la [&hellip;]<\/p>\n","protected":false},"author":2,"featured_media":28820,"comment_status":"closed","ping_status":"closed","sticky":false,"template":"","format":"standard","meta":{"footnotes":""},"categories":[1],"tags":[],"class_list":["post-28819","post","type-post","status-publish","format-standard","has-post-thumbnail","hentry","category-estatales"],"_links":{"self":[{"href":"https:\/\/vocerodelpueblo.com\/index.php?rest_route=\/wp\/v2\/posts\/28819","targetHints":{"allow":["GET"]}}],"collection":[{"href":"https:\/\/vocerodelpueblo.com\/index.php?rest_route=\/wp\/v2\/posts"}],"about":[{"href":"https:\/\/vocerodelpueblo.com\/index.php?rest_route=\/wp\/v2\/types\/post"}],"author":[{"embeddable":true,"href":"https:\/\/vocerodelpueblo.com\/index.php?rest_route=\/wp\/v2\/users\/2"}],"replies":[{"embeddable":true,"href":"https:\/\/vocerodelpueblo.com\/index.php?rest_route=%2Fwp%2Fv2%2Fcomments&post=28819"}],"version-history":[{"count":1,"href":"https:\/\/vocerodelpueblo.com\/index.php?rest_route=\/wp\/v2\/posts\/28819\/revisions"}],"predecessor-version":[{"id":28823,"href":"https:\/\/vocerodelpueblo.com\/index.php?rest_route=\/wp\/v2\/posts\/28819\/revisions\/28823"}],"wp:featuredmedia":[{"embeddable":true,"href":"https:\/\/vocerodelpueblo.com\/index.php?rest_route=\/wp\/v2\/media\/28820"}],"wp:attachment":[{"href":"https:\/\/vocerodelpueblo.com\/index.php?rest_route=%2Fwp%2Fv2%2Fmedia&parent=28819"}],"wp:term":[{"taxonomy":"category","embeddable":true,"href":"https:\/\/vocerodelpueblo.com\/index.php?rest_route=%2Fwp%2Fv2%2Fcategories&post=28819"},{"taxonomy":"post_tag","embeddable":true,"href":"https:\/\/vocerodelpueblo.com\/index.php?rest_route=%2Fwp%2Fv2%2Ftags&post=28819"}],"curies":[{"name":"wp","href":"https:\/\/api.w.org\/{rel}","templated":true}]}}