{"id":28916,"date":"2026-08-24T21:57:13","date_gmt":"2026-08-25T03:57:13","guid":{"rendered":"https:\/\/vocerodelpueblo.com\/?p=28916"},"modified":"2026-08-30T22:00:12","modified_gmt":"2026-08-31T04:00:12","slug":"encabeza-monica-villarreal-primera-sesion-ordinaria-e-instalacion-del-consejo-municipal-de-paz","status":"publish","type":"post","link":"https:\/\/vocerodelpueblo.com\/?p=28916","title":{"rendered":"Encabeza M\u00f3nica Villarreal Primera Sesi\u00f3n Ordinaria e Instalaci\u00f3n del Consejo Municipal de Paz"},"content":{"rendered":"\n<p class=\"has-medium-font-size wp-block-paragraph\">Con el prop\u00f3sito de prevenir la violencia, fortalecer la convivencia arm\u00f3nica y promover la participaci\u00f3n ciudadana, la presidenta municipal de Tampico, M\u00f3nica Villarreal Anaya, encabez\u00f3 la Primera Sesi\u00f3n Ordinaria e Instalaci\u00f3n del Consejo Municipal de Paz, donde destac\u00f3 las acciones emprendidas por su administraci\u00f3n para consolidar entornos seguros y fortalecer la cohesi\u00f3n social.<\/p>\n\n\n\n<p class=\"has-medium-font-size wp-block-paragraph\">Durante el encuentro, la alcaldesa porte\u00f1a resalt\u00f3 que su gobierno duplic\u00f3 el n\u00famero de Jornadas por la Paz realizadas el a\u00f1o anterior, al alcanzar 200 acciones en diversos sectores de Tampico, acercando actividades de prevenci\u00f3n, convivencia y recuperaci\u00f3n de espacios p\u00fablicos a las colonias del municipio.<\/p>\n\n\n\n<p class=\"has-medium-font-size wp-block-paragraph\">Acompa\u00f1ada por la titular del Sistema DIF Tampico, Luz Adriana Villarreal Anaya; el secretario del Ayuntamiento, Carlos Alberto Garc\u00eda Porres; y la directora General de Asuntos Religiosos y Gobernabilidad Democr\u00e1tica, Arleth Fuentes Gallegos; y de la directora de Prevenci\u00f3n al Delito, Elda Vianey Escobedo Briones, la jefa edilicia destac\u00f3 que la construcci\u00f3n de la paz requiere la suma de esfuerzos entre gobierno y sociedad.<\/p>\n\n\n\n<p class=\"has-medium-font-size wp-block-paragraph\">\u201cEs un gusto estar hoy aqu\u00ed, en este momento tan importante para Tampico, en el que damos un paso m\u00e1s para fortalecer el trabajo que hemos venido realizando desde el inicio de esta administraci\u00f3n en favor de la paz y de nuestras comunidades\u201d.<\/p>\n\n\n\n<p class=\"has-medium-font-size wp-block-paragraph\">M\u00f3nica Villarreal se\u00f1al\u00f3 que la instalaci\u00f3n del Consejo Municipal de Paz da continuidad a la estrategia impulsada por el gobernador de Tamaulipas, Dr. Am\u00e9rico Villarreal Anaya, quien encabez\u00f3 previamente la instalaci\u00f3n del Consejo Estatal de Paz. Explic\u00f3 que este esfuerzo se replica en el \u00e1mbito municipal para llevar las acciones de prevenci\u00f3n y participaci\u00f3n social directamente a las colonias y comunidades de Tampico.<\/p>\n\n\n\n<p class=\"has-medium-font-size wp-block-paragraph\">\u201cLa seguridad que hoy tenemos no se mantiene sola. Se construye todos los d\u00edas y se construye desde la ra\u00edz\u201d, afirm\u00f3, al convocar a las familias, instituciones educativas, organizaciones de la sociedad civil, sector empresarial, organizaciones religiosas y ciudadan\u00eda a participar activamente.<\/p>\n\n\n\n<p class=\"has-medium-font-size wp-block-paragraph\">Asimismo, Villarreal Anaya subray\u00f3 que Tampico se mantiene entre los diez municipios con mejor percepci\u00f3n de seguridad del pa\u00eds, resultado del trabajo coordinado y permanente entre autoridades y sociedad. Refrend\u00f3 que su administraci\u00f3n continuar\u00e1 fortaleciendo las acciones de prevenci\u00f3n, recuperaci\u00f3n de espacios p\u00fablicos y generaci\u00f3n de entornos que favorezcan el bienestar y la tranquilidad de las familias.<\/p>\n\n\n\n<p class=\"has-medium-font-size wp-block-paragraph\">Por su parte, Arleth Fuentes Gallegos, directora General de Asuntos Religiosos y Gobernabilidad Democr\u00e1tica, expres\u00f3:\u201cTampico es un ejemplo de paz, de confianza, de seguridad, pero la paz nunca es una tarea terminada; se construye todos los d\u00edas, se fortalece con la participaci\u00f3n ciudadana, con el di\u00e1logo, con la solidaridad y, sobre todo, con la voluntad de trabajar juntos por el bienestar de nuestra comunidad\u201d.<\/p>\n\n\n\n<p class=\"has-medium-font-size wp-block-paragraph\">Finalmente, Villarreal Anaya, en su calidad de presidenta del Consejo Municipal de Paz, tom\u00f3 protesta a sus integrantes, conformados por representantes de autoridades municipales, instituciones, organismos de la sociedad civil, sector empresarial, instituciones educativas, organizaciones religiosas, colectivos, representantes comunitarios y ciudadan\u00eda.<\/p>\n\n\n\n<figure class=\"wp-block-gallery has-nested-images columns-default is-cropped wp-block-gallery-1 is-layout-flex wp-block-gallery-is-layout-flex\">\n\n\n\n<\/figure>\n\n\n\n<figure class=\"wp-block-gallery has-nested-images columns-default is-cropped wp-block-gallery-2 is-layout-flex wp-block-gallery-is-layout-flex\">\n<figure class=\"wp-block-image size-large\"><img loading=\"lazy\" decoding=\"async\" width=\"600\" height=\"400\" data-id=\"28917\" src=\"https:\/\/vocerodelpueblo.com\/wp-content\/uploads\/2026\/08\/WhatsApp-Image-2026-08-24-at-6.54.03-PM.jpg\" alt=\"\" class=\"wp-image-28917\" srcset=\"https:\/\/vocerodelpueblo.com\/wp-content\/uploads\/2026\/08\/WhatsApp-Image-2026-08-24-at-6.54.03-PM.jpg 600w, https:\/\/vocerodelpueblo.com\/wp-content\/uploads\/2026\/08\/WhatsApp-Image-2026-08-24-at-6.54.03-PM-350x233.jpg 350w\" sizes=\"auto, (max-width: 600px) 100vw, 600px\" \/><\/figure>\n\n\n\n<figure class=\"wp-block-image size-large\"><img loading=\"lazy\" decoding=\"async\" width=\"600\" height=\"400\" data-id=\"28918\" src=\"https:\/\/vocerodelpueblo.com\/wp-content\/uploads\/2026\/08\/WhatsApp-Image-2026-08-24-at-6.54.03-PM-1.jpg\" alt=\"\" class=\"wp-image-28918\" srcset=\"https:\/\/vocerodelpueblo.com\/wp-content\/uploads\/2026\/08\/WhatsApp-Image-2026-08-24-at-6.54.03-PM-1.jpg 600w, https:\/\/vocerodelpueblo.com\/wp-content\/uploads\/2026\/08\/WhatsApp-Image-2026-08-24-at-6.54.03-PM-1-350x233.jpg 350w\" sizes=\"auto, (max-width: 600px) 100vw, 600px\" \/><\/figure>\n\n\n\n<figure class=\"wp-block-image size-large\"><img loading=\"lazy\" decoding=\"async\" width=\"600\" height=\"400\" data-id=\"28919\" src=\"https:\/\/vocerodelpueblo.com\/wp-content\/uploads\/2026\/08\/WhatsApp-Image-2026-08-24-at-6.54.03-PM-2.jpg\" alt=\"\" class=\"wp-image-28919\" srcset=\"https:\/\/vocerodelpueblo.com\/wp-content\/uploads\/2026\/08\/WhatsApp-Image-2026-08-24-at-6.54.03-PM-2.jpg 600w, https:\/\/vocerodelpueblo.com\/wp-content\/uploads\/2026\/08\/WhatsApp-Image-2026-08-24-at-6.54.03-PM-2-350x233.jpg 350w\" sizes=\"auto, (max-width: 600px) 100vw, 600px\" \/><\/figure>\n<\/figure>\n","protected":false},"excerpt":{"rendered":"<p>Con el prop\u00f3sito de prevenir la violencia, fortalecer la convivencia arm\u00f3nica y promover la participaci\u00f3n ciudadana, la presidenta municipal de Tampico, M\u00f3nica Villarreal Anaya, encabez\u00f3 la Primera Sesi\u00f3n Ordinaria e Instalaci\u00f3n del Consejo Municipal de Paz, donde destac\u00f3 las acciones emprendidas por su administraci\u00f3n para consolidar entornos seguros y fortalecer la cohesi\u00f3n social. Durante el [&hellip;]<\/p>\n","protected":false},"author":2,"featured_media":28917,"comment_status":"closed","ping_status":"closed","sticky":false,"template":"","format":"standard","meta":{"footnotes":""},"categories":[3],"tags":[],"class_list":["post-28916","post","type-post","status-publish","format-standard","has-post-thumbnail","hentry","category-tampico"],"_links":{"self":[{"href":"https:\/\/vocerodelpueblo.com\/index.php?rest_route=\/wp\/v2\/posts\/28916","targetHints":{"allow":["GET"]}}],"collection":[{"href":"https:\/\/vocerodelpueblo.com\/index.php?rest_route=\/wp\/v2\/posts"}],"about":[{"href":"https:\/\/vocerodelpueblo.com\/index.php?rest_route=\/wp\/v2\/types\/post"}],"author":[{"embeddable":true,"href":"https:\/\/vocerodelpueblo.com\/index.php?rest_route=\/wp\/v2\/users\/2"}],"replies":[{"embeddable":true,"href":"https:\/\/vocerodelpueblo.com\/index.php?rest_route=%2Fwp%2Fv2%2Fcomments&post=28916"}],"version-history":[{"count":1,"href":"https:\/\/vocerodelpueblo.com\/index.php?rest_route=\/wp\/v2\/posts\/28916\/revisions"}],"predecessor-version":[{"id":28920,"href":"https:\/\/vocerodelpueblo.com\/index.php?rest_route=\/wp\/v2\/posts\/28916\/revisions\/28920"}],"wp:featuredmedia":[{"embeddable":true,"href":"https:\/\/vocerodelpueblo.com\/index.php?rest_route=\/wp\/v2\/media\/28917"}],"wp:attachment":[{"href":"https:\/\/vocerodelpueblo.com\/index.php?rest_route=%2Fwp%2Fv2%2Fmedia&parent=28916"}],"wp:term":[{"taxonomy":"category","embeddable":true,"href":"https:\/\/vocerodelpueblo.com\/index.php?rest_route=%2Fwp%2Fv2%2Fcategories&post=28916"},{"taxonomy":"post_tag","embeddable":true,"href":"https:\/\/vocerodelpueblo.com\/index.php?rest_route=%2Fwp%2Fv2%2Ftags&post=28916"}],"curies":[{"name":"wp","href":"https:\/\/api.w.org\/{rel}","templated":true}]}}