{"id":28926,"date":"2026-09-01T23:35:39","date_gmt":"2026-09-02T05:35:39","guid":{"rendered":"https:\/\/vocerodelpueblo.com\/?p=28926"},"modified":"2026-09-04T23:38:05","modified_gmt":"2026-09-05T05:38:05","slug":"preparan-la-gran-rodada-uat-14k-en-ciudad-victoria","status":"publish","type":"post","link":"https:\/\/vocerodelpueblo.com\/?p=28926","title":{"rendered":"Preparan la Gran Rodada UAT 14K en Ciudad Victoria"},"content":{"rendered":"\n<p class=\"has-medium-font-size wp-block-paragraph\">Con la finalidad de vincular a la sociedad en general y la comunidad universitaria a trav\u00e9s del deporte, la Universidad Aut\u00f3noma de Tamaulipas organiza la Gran Rodada UAT 14K, que se celebrar\u00e1 el pr\u00f3ximo domingo, 20 septiembre, en Ciudad Victoria.<\/p>\n\n\n\n<p class=\"has-medium-font-size wp-block-paragraph\">A trav\u00e9s de la Secretar\u00eda de Vinculaci\u00f3n y la Direcci\u00f3n de Deportes y Recreaci\u00f3n, se convoca a ni\u00f1as, ni\u00f1os, j\u00f3venes y adultos a participar en el paseo en bicicleta que recorrer\u00e1 las principales avenidas de la capital de Tamaulipas, donde todos los presentes podr\u00e1n disfrutarlo al m\u00e1ximo.<\/p>\n\n\n\n<p class=\"has-medium-font-size wp-block-paragraph\">Los ciclistas se reunir\u00e1n frente al estacionamiento del Parque Tamat\u00e1n, ubicado en la Calzada \u201cGral. Luis Caballero\u201d, en punto de las 8:00 horas, donde las autoridades de la UAT e invitados especiales dar\u00e1n el banderazo de salida.<\/p>\n\n\n\n<p class=\"has-medium-font-size wp-block-paragraph\">Todos los participantes transitar\u00e1n sobre el Eje Vial \u201cL\u00e1zaro C\u00e1rdenas\u201d rumbo al norte, hasta llegar al Libramiento Naciones Unidas, llegando a la Avenida Tamaulipas para avanzar rumbo al sur, y culminar frente a las oficinas de Rector\u00eda, en el 8 y 9 Matamoros.<\/p>\n\n\n\n<p class=\"has-medium-font-size wp-block-paragraph\">Al finalizar el recorrido, los pedalistas podr\u00e1n participar en la rifa de atractivos regalos y, adem\u00e1s, podr\u00e1n disfrutar del programa musical programado, entre otras sorpresas m\u00e1s.<\/p>\n\n\n\n<p class=\"has-medium-font-size wp-block-paragraph\">Cabe resaltar que, en el pasado mes de febrero, m\u00e1s de 400 participantes se hicieron presentes en el recorrido de 10 kil\u00f3metros, reuniendo a familias del centro, norte y sur del estado en el magno evento.<\/p>\n\n\n\n<p class=\"has-medium-font-size wp-block-paragraph\">Las inscripciones son gratis y podr\u00e1n realizarse en el enlace https:\/\/forms.gle\/8Wq8VB5XAk4AT73d9 o en la Direcci\u00f3n de Deportes y Recreaci\u00f3n de la UAT, ubicadas en el Gimnasio Universitario del Campus Victoria, en horario de 9:00 a 17:00 horas<\/p>\n\n\n\n<figure class=\"wp-block-gallery has-nested-images columns-default is-cropped wp-block-gallery-1 is-layout-flex wp-block-gallery-is-layout-flex\">\n\n\n\n<\/figure>\n\n\n\n<figure class=\"wp-block-gallery has-nested-images columns-default is-cropped wp-block-gallery-2 is-layout-flex wp-block-gallery-is-layout-flex\">\n<figure class=\"wp-block-image size-full\"><img loading=\"lazy\" decoding=\"async\" width=\"600\" height=\"400\" data-id=\"28929\" src=\"https:\/\/vocerodelpueblo.com\/wp-content\/uploads\/2026\/09\/4-30.jpg\" alt=\"\" class=\"wp-image-28929\" srcset=\"https:\/\/vocerodelpueblo.com\/wp-content\/uploads\/2026\/09\/4-30.jpg 600w, https:\/\/vocerodelpueblo.com\/wp-content\/uploads\/2026\/09\/4-30-350x233.jpg 350w\" sizes=\"auto, (max-width: 600px) 100vw, 600px\" \/><\/figure>\n\n\n\n<figure class=\"wp-block-image size-full\"><img loading=\"lazy\" decoding=\"async\" width=\"600\" height=\"400\" data-id=\"28927\" src=\"https:\/\/vocerodelpueblo.com\/wp-content\/uploads\/2026\/09\/2-45.jpg\" alt=\"\" class=\"wp-image-28927\" srcset=\"https:\/\/vocerodelpueblo.com\/wp-content\/uploads\/2026\/09\/2-45.jpg 600w, https:\/\/vocerodelpueblo.com\/wp-content\/uploads\/2026\/09\/2-45-350x233.jpg 350w\" sizes=\"auto, (max-width: 600px) 100vw, 600px\" \/><\/figure>\n\n\n\n<figure class=\"wp-block-image size-full\"><img loading=\"lazy\" decoding=\"async\" width=\"600\" height=\"400\" data-id=\"28928\" src=\"https:\/\/vocerodelpueblo.com\/wp-content\/uploads\/2026\/09\/1-47.jpg\" alt=\"\" class=\"wp-image-28928\" srcset=\"https:\/\/vocerodelpueblo.com\/wp-content\/uploads\/2026\/09\/1-47.jpg 600w, https:\/\/vocerodelpueblo.com\/wp-content\/uploads\/2026\/09\/1-47-350x233.jpg 350w\" sizes=\"auto, (max-width: 600px) 100vw, 600px\" \/><\/figure>\n<\/figure>\n","protected":false},"excerpt":{"rendered":"<p>Con la finalidad de vincular a la sociedad en general y la comunidad universitaria a trav\u00e9s del deporte, la Universidad Aut\u00f3noma de Tamaulipas organiza la Gran Rodada UAT 14K, que se celebrar\u00e1 el pr\u00f3ximo domingo, 20 septiembre, en Ciudad Victoria. A trav\u00e9s de la Secretar\u00eda de Vinculaci\u00f3n y la Direcci\u00f3n de Deportes y Recreaci\u00f3n, se [&hellip;]<\/p>\n","protected":false},"author":2,"featured_media":28928,"comment_status":"closed","ping_status":"closed","sticky":false,"template":"","format":"standard","meta":{"footnotes":""},"categories":[14],"tags":[],"class_list":["post-28926","post","type-post","status-publish","format-standard","has-post-thumbnail","hentry","category-uat"],"_links":{"self":[{"href":"https:\/\/vocerodelpueblo.com\/index.php?rest_route=\/wp\/v2\/posts\/28926","targetHints":{"allow":["GET"]}}],"collection":[{"href":"https:\/\/vocerodelpueblo.com\/index.php?rest_route=\/wp\/v2\/posts"}],"about":[{"href":"https:\/\/vocerodelpueblo.com\/index.php?rest_route=\/wp\/v2\/types\/post"}],"author":[{"embeddable":true,"href":"https:\/\/vocerodelpueblo.com\/index.php?rest_route=\/wp\/v2\/users\/2"}],"replies":[{"embeddable":true,"href":"https:\/\/vocerodelpueblo.com\/index.php?rest_route=%2Fwp%2Fv2%2Fcomments&post=28926"}],"version-history":[{"count":1,"href":"https:\/\/vocerodelpueblo.com\/index.php?rest_route=\/wp\/v2\/posts\/28926\/revisions"}],"predecessor-version":[{"id":28930,"href":"https:\/\/vocerodelpueblo.com\/index.php?rest_route=\/wp\/v2\/posts\/28926\/revisions\/28930"}],"wp:featuredmedia":[{"embeddable":true,"href":"https:\/\/vocerodelpueblo.com\/index.php?rest_route=\/wp\/v2\/media\/28928"}],"wp:attachment":[{"href":"https:\/\/vocerodelpueblo.com\/index.php?rest_route=%2Fwp%2Fv2%2Fmedia&parent=28926"}],"wp:term":[{"taxonomy":"category","embeddable":true,"href":"https:\/\/vocerodelpueblo.com\/index.php?rest_route=%2Fwp%2Fv2%2Fcategories&post=28926"},{"taxonomy":"post_tag","embeddable":true,"href":"https:\/\/vocerodelpueblo.com\/index.php?rest_route=%2Fwp%2Fv2%2Ftags&post=28926"}],"curies":[{"name":"wp","href":"https:\/\/api.w.org\/{rel}","templated":true}]}}